{"id":964,"date":"2013-03-10T12:08:30","date_gmt":"2013-03-10T12:08:30","guid":{"rendered":"http:\/\/ecoyambiente.com\/?p=964"},"modified":"2013-03-10T12:08:30","modified_gmt":"2013-03-10T12:08:30","slug":"dengue-en-viila-urquiza-tengamos-maxima-prevencion","status":"publish","type":"post","link":"https:\/\/ecoyambiente.com\/?p=964","title":{"rendered":"Dengue en Villa Urquiza, tengamos m\u00e1xima prevenci\u00f3n."},"content":{"rendered":"<p>El gobierno porte\u00f1o confirm\u00f3 ayer el primer caso de dengue aut\u00f3ctono en la Ciudad de Buenos Aires. La paciente infectada vive en Villa Urquiza, en la zona norte del distrito.<\/p>\n<p>La informaci\u00f3n fue suministrada a La Naci\u00f3n\u00a0por la ministra de Salud porte\u00f1a, Graciela Reybaud, quien anunci\u00f3 que ya puso en marcha un operativo especial para evitar el contagio en la poblaci\u00f3n.<\/p>\n<p>Hay un caso en la zona norte de la Capital, una nena de 14 a\u00f1os, cuyo an\u00e1lisis dio positivo en el laboratorio. No tiene antecedentes de haber viajado a zonas lim\u00edtrofes o a provincias del Norte&#8221;, indic\u00f3 la funcionaria.<\/p>\n<p><a href=\"https:\/\/ecoyambiente.com\/wp-content\/uploads\/2013\/03\/Dengue-en-V-Urquiza.jpg\"><img loading=\"lazy\" decoding=\"async\" class=\"aligncenter size-full wp-image-965\" alt=\"\" src=\"https:\/\/ecoyambiente.com\/wp-content\/uploads\/2013\/03\/Dengue-en-V-Urquiza.jpg\" width=\"300\" height=\"194\" \/><\/a><\/p>\n<p style=\"text-align: center\">En las cuadras vecinas a la casa en la que se detect\u00f3 el dengue, se hizo un operativo preventivo.\u00a0Foto:\u00a0Gentileza GCBA.<\/p>\n<p>&nbsp;<\/p>\n<p>Reybaud agreg\u00f3 que la menor est\u00e1 fuera de peligro y destac\u00f3 que desde el gobierno porte\u00f1o ya se iniciaron tareas de fumigaci\u00f3n y descacharrizaci\u00f3n en las inmediaciones del domicilio de la infectada, que ya fue dada de alta.<\/p>\n<p>Ante un caso de fiebre, se debe consultar inmediatamente al m\u00e9dico. No es para que la gente se alarme, se\u00f1al\u00f3 la titular de la cartera sanitaria, quien solicit\u00f3 a los vecinos que se evite el agua estancada.<\/p>\n<p>Cabe recordar que el dengue es una enfermedad viral aguda, producida por el virus del mismo nombre, transmitida por el mosquito <span style=\"text-decoration: underline\">Aedes aegypti<\/span><em> <\/em>o el mosquito <span style=\"text-decoration: underline\">Aedes albopictus<\/span><em>, <\/em>que se cr\u00edan en el agua acumulada en recipientes y objetos en desuso. Los principales s\u00edntomas, tras la picadura del mosquito transmisor, aparecen despu\u00e9s de los cinco d\u00edas y se manifiestan con fiebre alta y dolores de articulaciones, entre otros s\u00edntomas.<\/p>\n<p>El operativo de prevenci\u00f3n ante el caso positivo que se detect\u00f3 en la ciudad incluy\u00f3 la fumigaci\u00f3n y descacharrizaci\u00f3n 200 metros a la redonda de la vivienda donde se encontr\u00f3 el caso -extraoficialmente se dijo que fue en cercan\u00edas de la esquina de las calles Ballivian y Urdininea- . &#8220;No se espera que d\u00e9 positivo el laboratorio. El trabajo se hace inmediatamente porque lo m\u00e1s importante en estos casos es la prevenci\u00f3n&#8221;, dijo Reybaud.<\/p>\n<p>Seg\u00fan indic\u00f3 la ministra, se esperaba para este a\u00f1o un brote de dengue. Adem\u00e1s de los casos que se han registrado en los \u00faltimos meses en pa\u00edses lim\u00edtrofes y en otras provincias argentinas, cada cuatro a\u00f1os &#8220;es esperable que los casos aumenten&#8221;.<\/p>\n<p>Y detall\u00f3 que en la Capital ya hay 24 casos que dieron positivo de dengue en laboratorio, pero en &#8220;todos esos casos, ten\u00edan como antecedentes haber viajado a pa\u00edses lim\u00edtrofes o provincias del Norte&#8221;.<\/p>\n<p>El primer caso positivo de dengue se detect\u00f3 en la primera semana de enero, seg\u00fan confirmaron en el ministerio. Desde ese momento, se pone en marcha un comit\u00e9 de dengue que analiza cada semana la situaci\u00f3n epidemiol\u00f3gica del distrito y su evoluci\u00f3n.<\/p>\n<p>&#8220;Lo esperable es que hasta mayo la amenaza de la propagaci\u00f3n del virus contin\u00fae&#8221;, indic\u00f3 Reybaud. Las altas temperaturas y las lluvias favorecen la reproducci\u00f3n del mosquito, que es el vector transmisor.<\/p>\n<p>El pico de casos de dengue se registr\u00f3 en la ciudad en 2009 cuando de los 241 casos confirmados se registraron 138 aut\u00f3ctonos. En los a\u00f1os siguientes, los positivos fueron bajando: 39, en 2010; 49, en 2011, y 44, el a\u00f1o pasado.<\/p>\n<p>Los casos de dengue aut\u00f3ctono tambi\u00e9n fueron confirmados en otras provincias como C\u00f3rdoba, donde el 2 de este mes las autoridades sanitarias verificaron la existencia de dos casos, con lo cual ascendieron a 16 los reportados en forma oficial, 14 de ellos de contagio local.<\/p>\n<p>Los operativos contra el dengue se intensificaron en las \u00faltimas semanas en todas las provincias fronterizas ante el aumento de casos en Brasil, Paraguay y Bolivia, lugares en donde ya se registraron muerte<\/p>\n<p>Fuente : Diario La Naci\u00f3n<\/p>\n<p><span style=\"color: #008000\"><b>Elabor\u00f3: Eco y Ambiente, venta y distribuci\u00f3n: Insecticida Ecol\u00f3gico Por Fin<\/b><\/span><\/p>\n<p><span style=\"color: #ff0000\">Para m\u00e1s informaci\u00f3n sobre el Insecticida Ecol\u00f3gico Por Fin (Tierra de Diatomeas) ingresar en:<\/span><strong>\u00a0<\/strong><span style=\"text-decoration: underline;color: #000000\"><a href=\"https:\/\/ecoyambiente.com\/?page_id=59\"><span style=\"color: #000000\"><b><i>https:\/\/ecoyambiente.com\/?page_id=59<\/i><\/b><\/span><\/a><em>\u00a0<\/em><\/span><\/p>\n","protected":false},"excerpt":{"rendered":"<p>El gobierno porte\u00f1o confirm\u00f3 ayer el primer caso de dengue aut\u00f3ctono en la Ciudad de Buenos Aires. La paciente infectada vive en Villa Urquiza, en la zona norte del distrito. La informaci\u00f3n fue suministrada a La Naci\u00f3n\u00a0por la ministra de Salud porte\u00f1a, Graciela Reybaud, quien anunci\u00f3 que ya puso en marcha un operativo especial para [&hellip;]<\/p>\n","protected":false},"author":2,"featured_media":0,"comment_status":"open","ping_status":"closed","sticky":false,"template":"","format":"standard","meta":{"footnotes":""},"categories":[34],"tags":[252,328,329,254,330,331,332,333,334,260,335,336],"class_list":["post-964","post","type-post","status-publish","format-standard","hentry","category-ecologia-medio-ambiente","tag-aedes-aegypti","tag-aedes-albopictus","tag-ciudad-de-buenos-aires","tag-dengue","tag-dengue-autoctono","tag-descacharrizacion","tag-fumigacion","tag-gobierno-porteno","tag-ministra-de-salud","tag-prevencion","tag-virus","tag-zona-norte"],"acf":[],"_links":{"self":[{"href":"https:\/\/ecoyambiente.com\/index.php?rest_route=\/wp\/v2\/posts\/964","targetHints":{"allow":["GET"]}}],"collection":[{"href":"https:\/\/ecoyambiente.com\/index.php?rest_route=\/wp\/v2\/posts"}],"about":[{"href":"https:\/\/ecoyambiente.com\/index.php?rest_route=\/wp\/v2\/types\/post"}],"author":[{"embeddable":true,"href":"https:\/\/ecoyambiente.com\/index.php?rest_route=\/wp\/v2\/users\/2"}],"replies":[{"embeddable":true,"href":"https:\/\/ecoyambiente.com\/index.php?rest_route=%2Fwp%2Fv2%2Fcomments&post=964"}],"version-history":[{"count":0,"href":"https:\/\/ecoyambiente.com\/index.php?rest_route=\/wp\/v2\/posts\/964\/revisions"}],"wp:attachment":[{"href":"https:\/\/ecoyambiente.com\/index.php?rest_route=%2Fwp%2Fv2%2Fmedia&parent=964"}],"wp:term":[{"taxonomy":"category","embeddable":true,"href":"https:\/\/ecoyambiente.com\/index.php?rest_route=%2Fwp%2Fv2%2Fcategories&post=964"},{"taxonomy":"post_tag","embeddable":true,"href":"https:\/\/ecoyambiente.com\/index.php?rest_route=%2Fwp%2Fv2%2Ftags&post=964"}],"curies":[{"name":"wp","href":"https:\/\/api.w.org\/{rel}","templated":true}]}}