{"id":785,"date":"2013-02-08T15:07:20","date_gmt":"2013-02-08T15:07:20","guid":{"rendered":"http:\/\/ecoyambiente.com\/?p=785"},"modified":"2013-02-08T15:07:20","modified_gmt":"2013-02-08T15:07:20","slug":"bicho-bolita-en-cada-sector-humedo-de-nuestro-hogar-huerta-y-jardin","status":"publish","type":"post","link":"https:\/\/ecoyambiente.com\/?p=785","title":{"rendered":"Bicho Bolita, en cada sector humedo de nuestro hogar, huerta y jardin."},"content":{"rendered":"<p><strong>Control de\u00a0Plagas:<\/strong> <strong>Insecticida Ecol\u00f3gico a base de Tierra de Diatomeas micronizadas de Eco y Ambiente, instrucciones de uso al final de la nota.<\/strong><\/p>\n<p style=\"text-align: center\">&#8212;&#8212;&#8212;- 00000 &#8212;&#8212;&#8212;-<\/p>\n<p><a style=\"text-align: center\" href=\"https:\/\/ecoyambiente.com\/wp-content\/uploads\/2013\/02\/Bicho-bolita_Exoesqueleto.jpg\"><img loading=\"lazy\" decoding=\"async\" class=\"aligncenter size-medium wp-image-3816\" title=\"Bicho bolita_Exoesqueleto\" src=\"https:\/\/ecoyambiente.com\/wp-content\/uploads\/2013\/02\/Bicho-bolita_Exoesqueleto-300x194.jpg\" alt=\"Bicho bolita_Exoesqueleto\" width=\"300\" height=\"194\" \/><\/a><\/p>\n<p style=\"text-align: justify\">Es un artr\u00f3podo, perteneciente a la clase de los crust\u00e1ceos is\u00f3podos, posee un exoesqueleto r\u00edgido, calc\u00e1reo, segmentado y posee siete pares de patas. Es muy f\u00e1cil de reconocer porque al sentirse amenazado o al tener contacto, se enrolla sobre su cuerpo formando, como su nombre com\u00fan lo dice una bolita. Tambi\u00e9n es llamado cochinilla de la humedad o bicho munici\u00f3n.<\/p>\n<p style=\"text-align: center\"><a href=\"https:\/\/ecoyambiente.com\/wp-content\/uploads\/2013\/02\/Bicho-bolita.jpg\"><img loading=\"lazy\" decoding=\"async\" class=\"aligncenter size-full wp-image-3817\" title=\"Bicho bolita_actitud defensiva\" src=\"https:\/\/ecoyambiente.com\/wp-content\/uploads\/2013\/02\/Bicho-bolita.jpg\" alt=\"Bicho bolita_actitud defensiva\" width=\"295\" height=\"206\" \/><\/a><\/p>\n<p style=\"text-align: justify\">La forma de su cuerpo es oval y un poco arqueada, formado por anillos (esto facilita su enrollamiento). La hembra lleva los huevos en el interior de una peque\u00f1a bolsa abdominal flexible, en la cual incuba los huevos, al nacer las cr\u00edas permanecen un cierto tiempo sobre el cuerpo de la hembra.<\/p>\n<p><img loading=\"lazy\" decoding=\"async\" class=\"aligncenter wp-image-2437\" title=\"Bicho bolita\" src=\"https:\/\/ecoyambiente.com\/wp-content\/uploads\/2013\/02\/Bicho-bolita-2.jpg\" alt=\"Bicho bolita\" width=\"350\" height=\"200\" \/><\/p>\n<p>Estos crust\u00e1ceos poseen una respiraci\u00f3n de tipo branquial necesitan vivir en lugares muy h\u00famedos y oscuros, debajo de troncos ca\u00eddos, escombros, materiales en desuso, hojas ca\u00eddas, ramas, baldosas flojas, grietas, etc. y en todos los lugares en donde la humedad mantenga fresco su aparato respiratorio. Para localizarlos, debi\u00e9ramos buscar en estos lugares.<\/p>\n<p>Su h\u00e1bito alimenticio lo desarrolla por la noche ocult\u00e1ndose en el d\u00eda. Ocasiona perjuicios de cierta consideraci\u00f3n en los jardines y huertas ya que se alimenta de materia vegetal, hojas, ra\u00edces, frutos diversos, flores y restos de animales, para esto \u00faltimo sus piezas bucales est\u00e1n preparadas para masticar exoesqueletos de insectos muertos.<\/p>\n<p style=\"text-align: left\"><a href=\"https:\/\/ecoyambiente.com\/wp-content\/uploads\/2013\/02\/Bicho-boloita-Alimentandose.jpg\"><img loading=\"lazy\" decoding=\"async\" class=\"aligncenter size-medium wp-image-3819\" title=\"Bicho boloita_alimentandose\" src=\"https:\/\/ecoyambiente.com\/wp-content\/uploads\/2013\/02\/Bicho-boloita-Alimentandose-264x300.jpg\" alt=\"Bicho boloita_alimentandose\" width=\"264\" height=\"300\" \/><\/a><\/p>\n<p>Una manera natural de controlarlos es manteniendo la limpieza en jardines, huertas, libr\u00e1ndonos de escombros, basura, maderas, etc. en desuso.<\/p>\n<p style=\"text-align: center\"><a href=\"https:\/\/ecoyambiente.com\/wp-content\/uploads\/2013\/02\/Jardin-muy-prolijo.jpg\"><img loading=\"lazy\" decoding=\"async\" class=\"aligncenter size-medium wp-image-3820\" title=\"Jardin muy prolijo\" src=\"https:\/\/ecoyambiente.com\/wp-content\/uploads\/2013\/02\/Jardin-muy-prolijo-300x295.jpg\" alt=\"Jardin muy prolijo\" width=\"300\" height=\"295\" \/><\/a><\/p>\n<p style=\"text-align: left\"><strong>Da\u00f1os \/Enfermedades transmitidas \/ Importancia sanitaria de Bichos bolita<\/strong><\/p>\n<p>Son considerados plagas emergentes de la siembra directa dado que los da\u00f1os ocasionados a los cultivos agr\u00edcolas se manifestaron fundamentalmente, en lotes sembrados bajo este sistema conservacionista.<\/p>\n<p>La misma les garantiza un ambiente ideal para su desarrollo: humedad y protecci\u00f3n a trav\u00e9s de la cobertura vegetal (rastrojo), dos condiciones absolutamente vitales.<\/p>\n<p>Los da\u00f1os se limitan a heridas a nivel de hipoc\u00f3tilo y diferentes grados de consumo de cotiledones y semillas.<\/p>\n<p>El cultivo m\u00e1s afectado es la soja, sigui\u00e9ndole en orden de importancia el ma\u00edz y las pasturas, especialmente la alfalfa.<\/p>\n<p>Fuente (Da\u00f1os): Ing. Agr\u00f3nomo Adriana Saluso<\/p>\n<div>\n<p style=\"text-align: center\">&#8212;&#8212;&#8212;&#8212;&#8212;&#8212;&#8212;&#8212;&#8212;&#8212;&#8212;&#8212;&#8212;&#8212;&#8211;<\/p>\n<h4 style=\"text-align: center\"><span style=\"color: #ff0000\">TRATAMIENTO CON INSECTICIDA ECOL\u00d3GICO a base de TIERRA de DIATOMEAS MICRONIZADAS de ECO y AMBIENTE<\/span><\/h4>\n<\/div>\n<p>Se aplica directamente en polvo sobre la zona afectada, la dosis a utilizar varia entre 500 grs a 1 kg por cada 100 mt2. Ej.: debajo de macetas, \u00a0de troncos ca\u00eddos, de piedras, baldosones, sobre el c\u00e9sped, en la huerta\/jard\u00edn\/plantas, en los subsuelos, bauleras, s\u00f3tanos, galpones, etc. Por intermedio de una talquera, utilizando una m\u00ednima cantidad de producto.<\/p>\n<p>Tambi\u00e9n se puede aplicar diluido en agua al 2% (una cucharada sopera por litro) con pulverizador de mano o mochila.<\/p>\n<p style=\"text-align: center\">&#8212;&#8212;&#8212;&#8212;&#8212;&#8212;&#8212;&#8212;&#8212;&#8212;&#8212;&#8212;&#8212;&#8212;&#8211;<\/p>\n<p style=\"text-align: center\"><span style=\"color: #ff0000\"><u>Recordar que este Insecticida ecol\u00f3gico ( a base de Tierra de Diatomeas micronizadas de Eco y Ambiente) no es un veneno, no deja olor desagradable, no es toxico, posee un largo efecto residual (m\u00e1s de 6 meses) cuando es aplicado en interiores que no se hallan expuestos a lluvias.\u201cNo presenta riesgo alguno para personas, animales y plantas&#8221;<\/u><\/span><\/p>\n<p style=\"text-align: center\">&#8212;&#8212;&#8212;- 00000 &#8212;&#8212;&#8212;-<\/p>\n<h4><span style=\"color: #0000ff\">Elabor\u00f3: Eco y Ambiente, venta y distribuci\u00f3n: Insecticidas Ecol\u00f3gicos:<\/span><\/h4>\n<ul>\n<li><span style=\"color: #0000ff\">Tierra de Diatomeas micronizadas, premium.<\/span><\/li>\n<li><span style=\"color: #0000ff\">Aceite de Neem<\/span><\/li>\n<li><span style=\"color: #0000ff\">Jab\u00f3n Pot\u00e1sico<\/span><\/li>\n<li><span style=\"color: #0000ff\">Aceite de canela\u00a0<\/span><\/li>\n<\/ul>\n<p style=\"text-align: center\">&#8212;&#8212;&#8212;- 00000 &#8212;&#8212;&#8212;-<\/p>\n<h5><span style=\"color: #ff0000\">Para m\u00e1s informaci\u00f3n sobre el Insecticida Ecol\u00f3gico Tierra de Diatomeas micronizadas, premium. Ingresar en:<\/span><strong>\u00a0<\/strong><span style=\"color: #800000\"><u><a style=\"color: #800000\" href=\"https:\/\/ecoyambiente.com\/?page_id=59\">https:\/\/ecoyambiente.com\/?page_id=59<\/a><\/u><\/span><\/h5>\n<p style=\"text-align: center\">&#8212;&#8212;&#8212;- 00000 &#8212;&#8212;&#8212;-<\/p>\n","protected":false},"excerpt":{"rendered":"<p>Control de\u00a0Plagas: Insecticida Ecol\u00f3gico a base de Tierra de Diatomeas micronizadas de Eco y Ambiente, instrucciones de uso al final de la nota. &#8212;&#8212;&#8212;- 00000 &#8212;&#8212;&#8212;- Es un artr\u00f3podo, perteneciente a la clase de los crust\u00e1ceos is\u00f3podos, posee un exoesqueleto r\u00edgido, calc\u00e1reo, segmentado y posee siete pares de patas. Es muy f\u00e1cil de reconocer porque [&hellip;]<\/p>\n","protected":false},"author":2,"featured_media":0,"comment_status":"open","ping_status":"closed","sticky":false,"template":"","format":"standard","meta":{"footnotes":""},"categories":[27,29,30],"tags":[16,17,235,236,237,43,238,239,54,158,47,22,121,240,241,242,243,244,245,246,247,248,249,32],"class_list":["post-785","post","type-post","status-publish","format-standard","hentry","category-plagas-notas","category-plagas-en-el-hogar","category-plagas-en-jardines-huertas-y-frutales","tag-aceite-de-canela","tag-aceite-de-neem","tag-alfalfa","tag-bauleras","tag-bicho-bolita","tag-control-de-plagas","tag-crustaceos","tag-cultivos-agricolas","tag-galpones","tag-huerta","tag-insecticida-ecologico","tag-jabon-potasico","tag-jardin","tag-lugares-humedos","tag-maiz","tag-mochila","tag-pasturas","tag-pulverizador","tag-semillas","tag-siembra-directa","tag-soja","tag-sotanos","tag-talquera","tag-tierra-de-diatomeas-micronizadas"],"acf":[],"_links":{"self":[{"href":"https:\/\/ecoyambiente.com\/index.php?rest_route=\/wp\/v2\/posts\/785","targetHints":{"allow":["GET"]}}],"collection":[{"href":"https:\/\/ecoyambiente.com\/index.php?rest_route=\/wp\/v2\/posts"}],"about":[{"href":"https:\/\/ecoyambiente.com\/index.php?rest_route=\/wp\/v2\/types\/post"}],"author":[{"embeddable":true,"href":"https:\/\/ecoyambiente.com\/index.php?rest_route=\/wp\/v2\/users\/2"}],"replies":[{"embeddable":true,"href":"https:\/\/ecoyambiente.com\/index.php?rest_route=%2Fwp%2Fv2%2Fcomments&post=785"}],"version-history":[{"count":0,"href":"https:\/\/ecoyambiente.com\/index.php?rest_route=\/wp\/v2\/posts\/785\/revisions"}],"wp:attachment":[{"href":"https:\/\/ecoyambiente.com\/index.php?rest_route=%2Fwp%2Fv2%2Fmedia&parent=785"}],"wp:term":[{"taxonomy":"category","embeddable":true,"href":"https:\/\/ecoyambiente.com\/index.php?rest_route=%2Fwp%2Fv2%2Fcategories&post=785"},{"taxonomy":"post_tag","embeddable":true,"href":"https:\/\/ecoyambiente.com\/index.php?rest_route=%2Fwp%2Fv2%2Ftags&post=785"}],"curies":[{"name":"wp","href":"https:\/\/api.w.org\/{rel}","templated":true}]}}