{"id":6686,"date":"2017-10-05T12:08:24","date_gmt":"2017-10-05T15:08:24","guid":{"rendered":"http:\/\/ecoyambiente.com\/?p=6686"},"modified":"2017-10-05T12:08:24","modified_gmt":"2017-10-05T15:08:24","slug":"las-flores-mas-ornamentales-de-la-primavera-4ta-entrega","status":"publish","type":"post","link":"https:\/\/ecoyambiente.com\/?p=6686","title":{"rendered":"LAS FLORES MAS ORNAMENTALES DE LA PRIMAVERA (4ta. Entrega)"},"content":{"rendered":"<p><img loading=\"lazy\" decoding=\"async\" class=\"aligncenter size-full wp-image-6687\" src=\"https:\/\/ecoyambiente.com\/wp-content\/uploads\/2017\/10\/inicio-4ta-entrega.jpg\" alt=\"Jard\u00edn con flores\" width=\"401\" height=\"302\" \/><\/p>\n<p>Comenz\u00f3 la Primavera, la mejor \u00e9poca para desarrollar\u00a0 y activar nuestro jard\u00edn.\u00a0 Aqu\u00ed una referencia a las flores m\u00e1s bellas de la estaci\u00f3n (4ta entrega)<\/p>\n<p style=\"text-align: center\">\u2014\u2014\u2014- 000 \u2014\u2014\u2014-<\/p>\n<h4><span style=\"color: #0000ff\">GUISANTE DE OLOR, GUISANTE \u00a0DE JARDIN, LATHYRUS ODORATUS<\/span><\/h4>\n<p style=\"text-align: justify\">Pertenece a la familia de las leguminosas (Papilion\u00e1ceas, Leguminosae). No es una planta muy utilizada, pero es muy est\u00e9tica. Es una herb\u00e1cea r\u00fastica, de f\u00e1cil cultivo y r\u00e1pido crecimiento, trepadora anual, con ramificaciones delgadas, requiere soportes para desarrollarse. La especie enana puede llegar hasta los 30cm de altura y las altas de 1,50 a 2,0mt. De hojas caducas, son alternas, pinnato-compuestas, formadas por dos fol\u00edolos apareados terminados en un zarcillo ramificado. Brinda una abundante floraci\u00f3n de multicolores y muy arom\u00e1ticas, lo hace a partir de la primavera, el tama\u00f1o de cada una puede ser de 2 a 4cm\u00a0\/\/\/ <u>Uso ideal:<\/u> terrazas, balcones, sobre ventanas, sobre cercos de alambre o madera y tambi\u00e9n como flor de corte \/\/\/ <u>Suelo:<\/u> lo favorece si es f\u00e9rtil, suelto y fresco, aunque se adapta a cualquier tipo, siempre con buen drenaje \/\/\/ <u>Ubicaci\u00f3n:<\/u>\u00a0 pleno sol \/\/\/ <u>Riego:<\/u> abundante durante la \u00e9poca de floraci\u00f3n, puede soportar algo de sequ\u00eda \/\/\/ <u>Fr\u00edo:<\/u> no resiste el fr\u00edo intenso, ni las heladas \/\/\/ <u>Plagas:<\/u> minador de la hoja, pulg\u00f3n y orugas (recomendamos combatir a estas plagas por intermedio de una pulverizaci\u00f3n o espolvoreo con el insecticida ecol\u00f3gico Por Fin a base de Tierra de Diatomeas, desde comienzo de la primavera) \/\/\/ <u>Enfermedades:<\/u> puede atacarlo los hongos del suelo \/\/\/ <u>Multiplicaci\u00f3n: <\/u>por semilla en oto\u00f1o y comienzo de la primavera, directamente en el lugar (conviene dejar las semillas en remojo durante un d\u00eda) \/\/\/ <u>Observaciones:<\/u>\u00a0requiere abonos org\u00e1nicos y minerales fosfopot\u00e1sicos, recomendamos para tal fin, diluir Tierra de Diatomeas Por Fin, compuesta por algas fosilizadas m\u00e1s 38 minerales, para incorporarla como fertilizante org\u00e1nico, por intermedio del riego. Es importante cambiarlo de lugar cada a\u00f1o para evitar el ataque de hongos del suelo. A medida que se extienden las ramificaciones secundarias ir gui\u00e1ndolas con soportes. Se recomienda quitar las flores secas, esto favorece su floraci\u00f3n.<\/p>\n<p><img loading=\"lazy\" decoding=\"async\" class=\"aligncenter wp-image-6688\" src=\"https:\/\/ecoyambiente.com\/wp-content\/uploads\/2017\/10\/GUISANTE-DE-OLOR-GUISANTE-DE-JARDIN-LATHYRUS-ODORATUS.jpg\" alt=\"GUISANTE DE OLOR, GUISANTE DE JARDIN, LATHYRUS ODORATUS\" width=\"515\" height=\"383\" \/><\/p>\n<p style=\"text-align: center\">\u2014\u2014\u2014- 000 \u2014\u2014\u2014-<\/p>\n<h4><span style=\"color: #0000ff\">LAVANDA, LAVANDULA ANGUSTIFOLIA, LAVANDA OFFICINALIS, ESPLIEGO<\/span><\/h4>\n<p style=\"text-align: justify\">Pertenece a la familia de las Labiadas (Lamiaceae). Planta subfructicosa, a veces arbustiva, con ramificaciones tetragonales, muy numerosas, erguidas y pubescentes. R\u00fastica y de f\u00e1cil cultivo, puede alcanzar de 50 a 80cm de altura. Las especies enanas pueden llegar hasta los 30cm de altura. Sus hojas son opuestas, s\u00e9siles, linear-agudas, al principio gris\u00e1ceas luego verdes. Toda la planta presenta una agradable aroma. Posee flores peque\u00f1as, muy arom\u00e1ticas, reunidas en grupos, en inflorescencias, en espiga de unos 5 a 10cm de longitud, de color azul-viol\u00e1ceo. Florece en verano \/\/\/ <u>Uso ideal:<\/u> terrazas, jardines, parques, formando grupos de arom\u00e1ticas y en macetas \/\/\/ <u>Suelo:<\/u> se adapta a todo tipo, incluso pobres. Tolera los suelos calc\u00e1reos y marinos\u00a0 \/\/\/ <u>Ubicaci\u00f3n:<\/u> pleno sol \/\/\/ <u>Riego:<\/u> escaso \/\/\/ <u>Fr\u00edo:<\/u> resiste bastante bien las heladas \/\/\/ <u>Plagas:<\/u> escarabajos (atacan las flores), mariposas (se alimentan de brotes nuevos), la mosca de la agallas (Cecidomia, Thomasiniana lavandulae, sus larvas atacan las ramas y tallos) (recomendamos combatir a estas plagas por intermedio de una pulverizaci\u00f3n o espolvoreo con el insecticida ecol\u00f3gico Por Fin a base de Tierra de Diatomeas, desde final del invierno o comienzos de la primavera, siempre antes de la floraci\u00f3n) \/\/\/ <u>Enfermedades:<\/u> moho gris (falta de aireaci\u00f3n y exceso de humedad) y otros hongos \/\/\/ <u>Multiplicaci\u00f3n:<\/u> por esqueje en verano e invierno, en bancales al aire libre, en lugares resguardados, arraigan con mucha facilidad \/\/\/ <u>Observaciones:<\/u>\u00a0despu\u00e9s de la floraci\u00f3n conviene recortar la copa. No es una planta longeva. La afecta y mucho el exceso de humedad. Sus flores una vez secas, se colocan en recipientes, en interiores de muebles, entre las ropas (repelen a las polillas), en el interior de las almohadas, tambi\u00e9n se utilizan para obtener un aceite esencial empleado en perfumer\u00eda, tiene tambi\u00e9n propiedades medicinales y culinarias. \u00a0Requiere abonos org\u00e1nicos \/ minerales peri\u00f3dicos, recomendamos para tal fin, diluir Tierra de Diatomeas Por Fin, compuesta por algas fosilizadas m\u00e1s 38 minerales, para incorporarla como fertilizante org\u00e1nico, por intermedio del riego<\/p>\n<p style=\"text-align: left\"><img loading=\"lazy\" decoding=\"async\" class=\"aligncenter wp-image-6689\" src=\"https:\/\/ecoyambiente.com\/wp-content\/uploads\/2017\/10\/LAVANDA-LAVANDULA-ANGUSTIFOLIA-ESPLIEGO-LAVANDA-OFFICINALIS.jpg\" alt=\"LAVANDA, LAVANDULA ANGUSTIFOLIA, ESPLIEGO, LAVANDA OFFICINALIS\" width=\"464\" height=\"389\" \/><\/p>\n<p style=\"text-align: center\">\u2014\u2014\u2014- 000 \u2014\u2014\u2014-<\/p>\n<h4><span style=\"color: #0000ff\">MARGARITON, MARGARITA MAYOR, CRISANTEMO, LEUCANTHEMUM VULGARE, CHRYSANTHEMUM\u00a0 LEUCANTHEMUM<\/span><\/h4>\n<p style=\"text-align: justify\">Pertenece a la familia de las Aster\u00e1ceas (Asteraceae, Compuestas). Es una herb\u00e1cea muy r\u00fastica, de f\u00e1cil cultivo, es perenne, aunque en muchas ocasiones se trata como anual. Con ra\u00edces que crecen paralelas al suelo (rizomas). La especie baja puede alcanzar hasta los 30cm de altura y las altas hasta los 80cm. Es una especie muy conocida y ornamental, margarita de la primavera. Sus tallos son ramificados o simples, pilosos, con disposici\u00f3n vertical, r\u00edgidos (aptos para el corte). Posee un follaje tupido, atractivo con buen volumen durante todo el a\u00f1o, con hojas verde oscuro, cuyas puntas son redondeadas, son alternas y espatuladas, aserradas, de hasta 10cm de longitud, las superiores carecen de soporte o pie, las basales son pecioladas. Su gran tama\u00f1o, su llamativo color blanco y cogollo amarillo, as\u00ed como su porte erecto, hace que se convierta en una especie de grandes ventajas para el jard\u00edn y un regalo para la vista. Florece al inicio de la primavera y se extiende hasta el final del verano, principio del oto\u00f1o \/\/\/ <u>Uso ideal:<\/u> por su tama\u00f1o para jardines grandes, formando grupos, tambi\u00e9n en macetones vistiendo terrazas o determinados sectores del jard\u00edn y como flor de corte \/\/\/ <u>Suelo:<\/u> se adapta a todo tipo, la favorece el suelo calizo\u00a0 \/\/\/ <u>Ubicaci\u00f3n:<\/u>\u00a0 pleno sol \/\/\/ <u>Riego:<\/u> moderado, siempre cuidando que no sufra una sequ\u00eda \/\/\/ <u>Fr\u00edo:<\/u> resistente, lo necesita para comenzar su floraci\u00f3n. Algo sensible a las heladas \/\/\/ <u>Plagas:<\/u> pulgones y cochinillas (recomendamos combatir a estas plagas por intermedio de una pulverizaci\u00f3n con el insecticida ecol\u00f3gico Por Fin a base de Tierra de Diatomeas, desde comienzo de la primavera) \u00a0\/\/\/ <u>Enfermedades:<\/u> muy resistente \/\/\/ <u>Multiplicaci\u00f3n:<\/u>\u00a0 por divisi\u00f3n de mata oto\u00f1al y protecci\u00f3n invernal mediante acolchado, tambi\u00e9n por semillas en oto\u00f1o e invierno, \u00a0aunque la resiembra se da en forma espont\u00e1nea \/\/\/ <u>Observaciones:<\/u>\u00a0el corte de sus flores favorece a su crecimiento. Se multiplica con facilidad. Posee propiedades medicinales y culinarias.<\/p>\n<p style=\"text-align: justify\"><img loading=\"lazy\" decoding=\"async\" class=\"aligncenter wp-image-6690\" src=\"https:\/\/ecoyambiente.com\/wp-content\/uploads\/2017\/10\/MARGARITON-MARGARITA-MAYOR-CRISANTEMO-LEUCANTHEMUM-VULGARE-CHRYSANTHEMUM-LEUCANTHEMUM.jpg\" alt=\"MARGARITON, MARGARITA MAYOR, CRISANTEMO, LEUCANTHEMUM VULGARE, CHRYSANTHEMUM LEUCANTHEMUM\" width=\"473\" height=\"353\" \/><\/p>\n<p style=\"text-align: center\">\u2014\u2014\u2014- 000 \u2014\u2014\u2014-<\/p>\n<h4><span style=\"color: #0000ff\">ESCEVOLA, SCAEVOLA HUMILIS, ABANICO<\/span><\/h4>\n<p style=\"text-align: justify\">Pertenece a la familia Goodeni\u00e1ceas. Esta familia incluye casi 100 especies. Es una planta vivaz muy cerca de las suculentas, de r\u00e1pido crecimiento, puede alcanzar hasta los 25cm de altura. Tiene un desarrollo rastrero o colgante. Sus hojas muestran un color verde intenso, son algo dentadas. Posee flores peque\u00f1as, con 5 p\u00e9talos y forma de abanico, de color azul viol\u00e1ceo. Florece durante el verano y hasta bien entrado el oto\u00f1o \u00a0\/\/\/ <u>Uso ideal:<\/u> en jardines rocosos, para bordes de caminos, lugares secos y en macetas para terrazas y balcones \/\/\/ <u>Suelo:<\/u> mejor f\u00e9rtil, liviano y bien drenado \/\/\/ <u>Ubicaci\u00f3n:<\/u> pleno sol o media sombra \/\/\/ <u>Riego: <\/u>escaso, resiste muy bien la sequ\u00eda. Su peor enemigo es el exceso de agua\u00a0 \/\/\/ <u>Fr\u00edo:<\/u> resistente hasta -5\u00b0 \/\/\/ <u>Plagas:<\/u> pulg\u00f3n (recomendamos combatir a estas plagas por intermedio de una pulverizaci\u00f3n o espolvoreo con el insecticida ecol\u00f3gico Por Fin a base de Tierra de Diatomeas, desde comienzo de la primavera) \/\/\/ <u>Enfermedades:<\/u> muy resistente \/\/\/ <u>Multiplicaci\u00f3n:<\/u> por esquejes en primavera \/\/\/ <u>Observaciones:<\/u>\u00a0se puede cultivar en ambientes marinos y soporta lugares con contaminaci\u00f3n. Se recomienda eliminar las flores marchitas para fomentar la producci\u00f3n de m\u00e1s flores. Es muy conveniente abonar cada 15 d\u00edas con fertilizante mineral durante la floraci\u00f3n (recomendamos para tal fin, diluir Tierra de Diatomeas Por Fin, compuesta por algas fosilizadas m\u00e1s 38 minerales, para incorporarla como fertilizante org\u00e1nico, por intermedio del riego).<\/p>\n<p style=\"text-align: justify\"><img loading=\"lazy\" decoding=\"async\" class=\"aligncenter wp-image-6691\" src=\"https:\/\/ecoyambiente.com\/wp-content\/uploads\/2017\/10\/ESCEVOLA-SCAEVOLA-HUMILIS-ABANICO.jpg\" alt=\"ESCEVOLA, SCAEVOLA HUMILIS, ABANICO\" width=\"461\" height=\"382\" \/><\/p>\n<p style=\"text-align: center\">\u2014\u2014\u2014- 000 \u2014\u2014\u2014-<\/p>\n<h4><span style=\"color: #0000ff\">TUMBERGIA, THUNBERGIA GRANDIFLORA, BIGNONIA AZUL<\/span><\/h4>\n<p style=\"text-align: justify\">Pertenece a la familia de las Acant\u00e1ceas (Acanthaceae). Es una planta tropical, trepadora perenne o anual, le\u00f1osa y de f\u00e1cil cultivo. Despu\u00e9s del primer a\u00f1o, crece muy r\u00e1pidamente, puede alcanzar de 5mt a 8mt. Su abundante floraci\u00f3n se da durante todo el a\u00f1o con breves recesos a principios de verano y en invierno, si no est\u00e1 al reparo. Posee flores de color lilas \/azuladas y con forma de trompeta, reunidas en inflorescencias terminales. Sus hojas son ovales, algo dentada y miden de 10 a 15cm de longitud \/\/\/ <u>Uso ideal:<\/u> p\u00e9rgolas, en macetas colgantes, en la parte superior de paredes\/muros, como enredadera \/\/\/ <u>Suelo:<\/u> h\u00famedo, ligeramente \u00e1cido \/\/\/ <u>Ubicaci\u00f3n:<\/u> pleno sol, se adapta a la media sombra\u00a0 \/\/\/ <u>Riego:<\/u> moderado \/\/\/ <u>Fr\u00edo:<\/u> no muy resistente, es sensible a las heladas \/\/\/ <u>Plagas:<\/u> pulgones (recomendamos combatir a estas plagas por intermedio de una pulverizaci\u00f3n o espolvoreo con el insecticida ecol\u00f3gico Por Fin a base de Tierra de Diatomeas, desde comienzo de la primavera) \/\/\/ <u>Enfermedades:<\/u> sus hojas pueden caer por exceso de agua \/\/\/ <u>Multiplicaci\u00f3n:<\/u> esta especie, por esquejes \/\/\/ <u>Observaciones:<\/u>\u00a0se debe cuidar que en pleno crecimiento no le falte el agua. Durante la primera etapa de crecimiento requiere tutores o gu\u00edas. Es muy conveniente abonar\u00a0durante la primavera y verano (recomendamos para tal fin, diluir Tierra de Diatomeas Por Fin, compuesta por algas fosilizadas m\u00e1s 38 minerales, para incorporarla como fertilizante org\u00e1nico, por intermedio del riego. Se recomienda despuntar las plantas j\u00f3venes, esto favorecer\u00e1 su ramificaci\u00f3n y la har\u00e1 m\u00e1s compacta; en cuanto a las adultas, se le podr\u00e1n podar las ramas que sobresalen por crecimiento en forma desordenada.<\/p>\n<p><img loading=\"lazy\" decoding=\"async\" class=\"aligncenter size-full wp-image-6692\" src=\"https:\/\/ecoyambiente.com\/wp-content\/uploads\/2017\/10\/TUMBERGIA-THUNBERGIA-GRANDIFLORA-BIGNONIA-AZUL.jpg\" alt=\"TUMBERGIA, THUNBERGIA GRANDIFLORA, BIGNONIA AZUL\" width=\"557\" height=\"425\" \/><\/p>\n<p style=\"text-align: center\">\u2014\u2014\u2014- 000 \u2014\u2014\u2014-<\/p>\n<p style=\"text-align: center\">&#8212;&#8212;&#8212;&#8212;&#8212;&#8212;&#8211; 0000000000 &#8212;&#8212;&#8212;&#8212;&#8212;&#8212;&#8211;<\/p>\n<h4><span style=\"color: #0000ff\">Elabor\u00f3: Eco y Ambiente, venta y distribuci\u00f3n: Insecticida Ecol\u00f3gico Por Fin (Tierra de Diatomeas)<\/span><\/h4>\n<h4><span style=\"color: #0000ff\">Para m\u00e1s informaci\u00f3n sobre el Insecticida Ecol\u00f3gico Por Fin (Tierra de Diatomeas) ingresar en:<strong>\u00a0<\/strong><a style=\"color: #0000ff\" href=\"https:\/\/ecoyambiente.com\/?page_id=59\">https:\/\/ecoyambiente.com\/?page_id=59<\/a><\/span><\/h4>\n<p style=\"text-align: center\">&#8212;&#8212;&#8212;&#8212;&#8212;&#8212;&#8211; 0000000000 &#8212;&#8212;&#8212;&#8212;&#8212;&#8212;&#8211;<\/p>\n<h4 style=\"text-align: left\"><span style=\"color: #ff0000\">Recordar que Insecticida ecol\u00f3gico Por Fin no es un veneno, no deja olor desagradable, no es toxico, posee un prolongado efecto residual (m\u00e1s de 6 meses), cuando es aplicado en interiores que no se hallan expuestos a lluvias y \u201cno presenta riesgo alguno para personas, animales y plantas\u201d.<\/span><\/h4>\n<h4 style=\"text-align: center\"><span style=\"color: #ff0000\">Por Fin est\u00e1 pensado para conservar la armon\u00eda con el medio ambiente.<\/span><\/h4>\n<p style=\"text-align: center\">&#8212;&#8212;&#8212;&#8212;&#8212;&#8212;&#8211; 0000000000 &#8212;&#8212;&#8212;&#8212;&#8212;&#8212;&#8211;<\/p>\n","protected":false},"excerpt":{"rendered":"<p>Comenz\u00f3 la Primavera, la mejor \u00e9poca para desarrollar\u00a0 y activar nuestro jard\u00edn.\u00a0 Aqu\u00ed una referencia a las flores m\u00e1s bellas de la estaci\u00f3n (4ta entrega) \u2014\u2014\u2014- 000 \u2014\u2014\u2014- GUISANTE DE OLOR, GUISANTE \u00a0DE JARDIN, LATHYRUS ODORATUS Pertenece a la familia de las leguminosas (Papilion\u00e1ceas, Leguminosae). No es una planta muy utilizada, pero es muy est\u00e9tica. [&hellip;]<\/p>\n","protected":false},"author":2,"featured_media":0,"comment_status":"open","ping_status":"closed","sticky":false,"template":"","format":"standard","meta":{"footnotes":""},"categories":[181],"tags":[3004,2609,3005,2316,2167,2548,3006,2295,781,3007,3008,3009,3010,3011,47,2244,2386,3012,1107,3013,3014,3015,3016,1496,3017,3018,3019,2564,57,3020],"class_list":["post-6686","post","type-post","status-publish","format-standard","hentry","category-tips-de-jardineria","tag-abanico","tag-acantaceas","tag-acanthaceae","tag-asteraceae","tag-asteraceas","tag-bignonia-azul","tag-chrysanthemum-leucanthemum","tag-compuestas","tag-crisantemo","tag-escevola","tag-espliego","tag-goodeniaceas","tag-guisante-de-jardin","tag-guisante-de-olor","tag-insecticida-ecologico","tag-labiadas","tag-lamiaceae","tag-lathyrus-odoratus","tag-lavanda","tag-lavanda-officinalis","tag-lavandula-angustifolia","tag-leguminosae","tag-leucanthemum-vulgare","tag-margarita-mayor","tag-margariton","tag-papilionaceas","tag-scaevola-humilis","tag-thunbergia-grandiflora","tag-tierra-de-diatomeas","tag-tumbergia"],"acf":[],"_links":{"self":[{"href":"https:\/\/ecoyambiente.com\/index.php?rest_route=\/wp\/v2\/posts\/6686","targetHints":{"allow":["GET"]}}],"collection":[{"href":"https:\/\/ecoyambiente.com\/index.php?rest_route=\/wp\/v2\/posts"}],"about":[{"href":"https:\/\/ecoyambiente.com\/index.php?rest_route=\/wp\/v2\/types\/post"}],"author":[{"embeddable":true,"href":"https:\/\/ecoyambiente.com\/index.php?rest_route=\/wp\/v2\/users\/2"}],"replies":[{"embeddable":true,"href":"https:\/\/ecoyambiente.com\/index.php?rest_route=%2Fwp%2Fv2%2Fcomments&post=6686"}],"version-history":[{"count":0,"href":"https:\/\/ecoyambiente.com\/index.php?rest_route=\/wp\/v2\/posts\/6686\/revisions"}],"wp:attachment":[{"href":"https:\/\/ecoyambiente.com\/index.php?rest_route=%2Fwp%2Fv2%2Fmedia&parent=6686"}],"wp:term":[{"taxonomy":"category","embeddable":true,"href":"https:\/\/ecoyambiente.com\/index.php?rest_route=%2Fwp%2Fv2%2Fcategories&post=6686"},{"taxonomy":"post_tag","embeddable":true,"href":"https:\/\/ecoyambiente.com\/index.php?rest_route=%2Fwp%2Fv2%2Ftags&post=6686"}],"curies":[{"name":"wp","href":"https:\/\/api.w.org\/{rel}","templated":true}]}}