{"id":6648,"date":"2017-09-19T11:40:49","date_gmt":"2017-09-19T14:40:49","guid":{"rendered":"http:\/\/ecoyambiente.com\/?p=6648"},"modified":"2017-09-19T11:40:49","modified_gmt":"2017-09-19T14:40:49","slug":"las-flores-mas-ornamentales-de-la-primavera-1ra-entrega","status":"publish","type":"post","link":"https:\/\/ecoyambiente.com\/?p=6648","title":{"rendered":"LAS FLORES MAS ORNAMENTALES DE LA PRIMAVERA (1ra. Entrega)"},"content":{"rendered":"<p><img loading=\"lazy\" decoding=\"async\" class=\"aligncenter size-full wp-image-6649\" src=\"https:\/\/ecoyambiente.com\/wp-content\/uploads\/2017\/09\/jardin.jpg\" alt=\"\" width=\"499\" height=\"338\" \/><\/p>\n<p>Comienza la Primavera, y la mejor \u00e9poca para activar nuestro jard\u00edn. Seg\u00fan lo diagramado y cultivado, se ir\u00e1 desarrollando todo su potencial en sus diferentes formas y colores. Aqu\u00ed una referencia a las flores m\u00e1s bellas de la estaci\u00f3n:<\/p>\n<p style=\"text-align: center\">&#8212;&#8212;&#8212;- 000 &#8212;&#8212;&#8212;-<\/p>\n<h4><span style=\"color: #0000ff\">LILO, LILA, SYRINGA VULGARIS<\/span><\/h4>\n<p style=\"text-align: justify\">Pertenece a la familia de las Oleaceae. Es un \u00e1rbol peque\u00f1o, puede alcanzar de 2,5 a 6mt. S\u00faper arom\u00e1tica, y atractiva por la densidad de sus bellas e intensas espigas florales. Sus hojas son caducas, dentadas, de haz verde y env\u00e9s blanco. Las flores muy perfumadas pueden ser violetas, lilas o rosas y en algunos casos blancas. <u>Uso ideal:<\/u> solas, formando grupos, al pie de alambrados o paredes y macetas \/\/\/ <u>Suelo:<\/u> mejor calc\u00e1reo o neutro, no \u00e1cido. Puede soportar los arcillosos \u00a0\/\/\/ <u>Ubicaci\u00f3n:<\/u> sol \/ sombra. El sol directo quema sus hojas \/\/\/ <u>Riego:<\/u> en verano regar 2\/3 veces por semana \u00a0\/\/\/ <u>Fr\u00edo:<\/u> muy resistente. Lo necesita para su floraci\u00f3n \u00a0\/\/\/ <u>Plagas:<\/u> cochinillas, orugas, gorgojos, \u00e1caros y escarabajos (recomendamos combatir a estas plagas por intermedio de una pulverizaci\u00f3n o espolvoreo con el insecticida ecol\u00f3gico Por Fin a base de Tierra de Diatomeas, en cualquier \u00e9poca del a\u00f1o) \/\/\/ <u>Enfermedades:<\/u> \u00a0o\u00eddio, virosis, necrosis, Phytophthora, hongos, manchas y moteado de las hojas \/\/\/ <u>Multiplicaci\u00f3n:<\/u>\u00a0 en invierno por injerto, acodado, estacas y por semillas (se usan como porta injertos) \/\/\/ <u>Observaciones:<\/u> atrae mariposas. El sustrato no debe secarse, sino se perder\u00e1 la floraci\u00f3n en formaci\u00f3n. Retirar las ramas secas, viejas y las flores marchitas. Nunca realizar una poda a fondo, porque los ramilletes se forman a partir de las yemas del a\u00f1o anterior. Muy utilizada en cosmetolog\u00eda.<\/p>\n<p><img loading=\"lazy\" decoding=\"async\" class=\"aligncenter wp-image-6650\" src=\"https:\/\/ecoyambiente.com\/wp-content\/uploads\/2017\/09\/LILO-LILA-SYRINGA-VULGARIS.jpg\" alt=\"LILO, LILA, SYRINGA VULGARIS Pertenece a la familia de las Oleaceae. Es un \u00e1rbol peque\u00f1o, puede alcanzar de 2,5 a 6mt. S\u00faper arom\u00e1tica, y atractiva por la densidad de sus bellas e intensas espigas florales. Sus hojas son caducas, dentadas, de haz verde y env\u00e9s blanco. Las flores muy perfumadas pueden ser violetas, lilas o rosas y en algunos casos blancas. Uso ideal: solas, formando grupos, al pie de alambrados o paredes y macetas \/\/\/ Suelo: mejor calc\u00e1reo o neutro, no \u00e1cido. Puede soportar los arcillosos \/\/\/ Ubicaci\u00f3n: sol \/ sombra. El sol directo quema sus hojas \/\/\/ Riego: en verano regar 2\/3 veces por semana \/\/\/ Fr\u00edo: muy resistente. Lo necesita para su floraci\u00f3n \/\/\/ Plagas: cochinillas, orugas, gorgojos, \u00e1caros y escarabajos (recomendamos combatir a estas plagas por intermedio de una pulverizaci\u00f3n o espolvoreo con el insecticida ecol\u00f3gico Por Fin a base de Tierra de Diatomeas, en cualquier \u00e9poca del a\u00f1o) \/\/\/ Enfermedades: o\u00eddio, virosis, necrosis, Phytophthora, hongos, manchas y moteado de las hojas \/\/\/ Multiplicaci\u00f3n: en invierno por injerto, acodado, estacas y por semillas (se usan como porta injertos) \/\/\/ Observaciones: atrae mariposas. El sustrato no debe secarse, sino se perder\u00e1 la floraci\u00f3n en formaci\u00f3n. Retirar las ramas secas, viejas y las flores marchitas. Nunca realizar una poda a fondo, porque los ramilletes se forman a partir de las yemas del a\u00f1o anterior. Muy utilizada en cosmetolog\u00eda.\" width=\"498\" height=\"327\" \/><\/p>\n<p style=\"text-align: center\">&#8212;&#8212;&#8212;- 000 &#8212;&#8212;&#8212;-<\/p>\n<h4><span style=\"color: #0000ff\">AZUCENA, LIRIO DE SAN ANTONIO, LILIUM CANDIDUM<\/span><\/h4>\n<p style=\"text-align: justify\">Perteneciente a la familia de las Lili\u00e1ceas (Liliaceae). Planta bulbosa, puede alcanzar de 80cm a 1mt de altura. De muy f\u00e1cil cultivo. Sus hojas tienen forma alargada de casi 20cm y lanceolada, de menor tama\u00f1o en la parte alta del tallo. Sus flores tienen forma de trompeta. Florece a partir de primavera, alcanzando su mayor esplendor en su segunda mitad. Esta especie da un agradable olor por las noches \/\/\/ <u>Uso ideal:<\/u>\u00a0 apta para macetas en entradas, terrazas o balcones, para bordes de caminos y borduras de vivaces \/\/\/ <u>Suelo:<\/u> rico en humus, liviano y con buen drenaje \/\/\/ <u>Ubicaci\u00f3n:<\/u> pleno sol o sombra muy ligera\u00a0 \/\/\/ <u>Riego:<\/u> moderado \/\/\/ <u>Fr\u00edo:<\/u> no muy resistente \/\/\/ <u>Plagas:<\/u> pulgones (recomendamos combatir a esta plaga por intermedio de una pulverizaci\u00f3n o espolvoreo con el insecticida ecol\u00f3gico Por Fin a base de Tierra de Diatomeas, en cualquier \u00e9poca del a\u00f1o) \/\/\/ <u>Enfermedades:<\/u> botritis \/\/\/ <u>Multiplicaci\u00f3n:<\/u>\u00a0 a partir del oto\u00f1o, por divisi\u00f3n de los bulbos m\u00e1s chicos, generados muy cerca del bulbo principal \/\/\/ <u>Observaciones:<\/u>\u00a0controlar la humedad para evitar la podredumbre de los bulbos. Puede requerir tutores cuando los tallos lleguen a los 30cm.<\/p>\n<p><img loading=\"lazy\" decoding=\"async\" class=\"aligncenter size-full wp-image-6651\" src=\"https:\/\/ecoyambiente.com\/wp-content\/uploads\/2017\/09\/AZUCENA-LIRIO-DE-SAN-ANTONIO-LILIUM-CANDIDUM.jpg\" alt=\"AZUCENA, LIRIO DE SAN ANTONIO, LILIUM CANDIDUM\" width=\"365\" height=\"430\" \/><\/p>\n<p style=\"text-align: center\">&#8212;&#8212;&#8212;- 000 &#8212;&#8212;&#8212;-<\/p>\n<h4><span style=\"color: #0000ff\">ARBOL DEL AMOR, ARBOL DE JUDEA, CERCIS SILIQUASTRUM\u00a0<\/span><\/h4>\n<p style=\"text-align: justify\">Pertenece a la familia Cesalpini\u00e1ceas. Planta arb\u00f3rea puede alcanzar de 3 a 5mt de altura, muy rustica de f\u00e1cil cultivo y casi nada de cuidados; puede crecer en las condiciones m\u00e1s adversas. Su hoja es caduca, alterna, redondeada de color verde oscuro en la parte superior y verde claro en el env\u00e9s, muy ramificada, tallo y ramificaciones de corteza negruzca. Sus flores llamativas, de unos 2 cm de di\u00e1metro, aparecer\u00e1n en forma abundante a lo largo de sus ramas, antes o a la vez de que aparezcan las hojas, se re\u00fanen en ramilletes, pueden ser color rosa p\u00farpura o rosa violeta; existe tambi\u00e9n una variedad con las flores de color blanco \/\/ <u>Uso ideal:<\/u> para formar cercos, como \u00e1rbol solitario, al borde de caminos o para armar grupos \/\/\/ <u>Suelo:<\/u> prefiere uno arcilloso y bien f\u00e9rtil, pero se adapta a casi todo tipo de suelo \u00a0\/\/\/ <u>Ubicaci\u00f3n:<\/u>\u00a0 plenos sol o con sombra muy ligera \u00a0\/\/\/ <u>Riego<\/u>: regular, evitar el encharcamiento, resiste la sequ\u00eda \/\/\/ <u>Fr\u00edo:<\/u> resistente, soporta bien las heladas \u00a0\/\/\/ <u>Plagas:<\/u> cochinilla y pulg\u00f3n (recomendamos combatir a estas plagas por intermedio de una pulverizaci\u00f3n o espolvoreo con el insecticida ecol\u00f3gico Por Fin a base de Tierra de Diatomeas, desde comienzo de la primavera \/\/\/ <u>Enfermedades:<\/u> muy resistente \/\/\/ <u>Multiplicaci\u00f3n:<\/u>\u00a0\u00a0 mediante semillas que deben ponerse a germinar en lugar resguardado, en oto\u00f1o o en primavera, mediante brotes radicales. En contenedores se debe plantar a comienzo de la primavera, antes que aparezcan las primeras yemas \/\/\/ <u>Observaciones:<\/u>\u00a0Si tiene alguna rama da\u00f1ada por las heladas, es el momento de podarla, elegir un d\u00eda c\u00e1lido de la primavera para hacerlo. Se recomienda dejar que se\u00a0 desarrolle en forma natural; resiste ligeras podas que deben efectuarse durante la estaci\u00f3n invernal. Se deben eliminar los brotes\/tallos da\u00f1ados por las heladas al comienzo del verano<\/p>\n<p><img loading=\"lazy\" decoding=\"async\" class=\"aligncenter size-full wp-image-6652\" src=\"https:\/\/ecoyambiente.com\/wp-content\/uploads\/2017\/09\/ARBOL-DEL-AMOR-ARBOL-DE-JUDEA-CERCIS-SILIQUASTRUMMMM.jpg\" alt=\"ARBOL DEL AMOR, ARBOL DE JUDEA, CERCIS SILIQUASTRUM\" width=\"317\" height=\"428\" \/><\/p>\n<p style=\"text-align: center\">&#8212;&#8212;&#8212;- 000 &#8212;&#8212;&#8212;-<\/p>\n<h4><span style=\"color: #0000ff\">AGUILE\u00d1A, AQUILEGIA CAERULEA<\/span><\/h4>\n<p style=\"text-align: justify\">Pertenece a la familia de las Ranuncul\u00e1ceas. Es una herb\u00e1cea perenne que puede alcanzar de 50 a 90 cm de altura. Rustica y de f\u00e1cil cultivo. Con tallo erecto, ramificado. Hojas radicales, borde redondeados, su color el verde claro, son algo llamativas. Sus flores en forma de peque\u00f1as trompetas, aparecen reunidas en gran cantidad, poseen 5 s\u00e9palos, coloreados ovado-oblongos y 5 p\u00e9talos de id\u00e9ntico o distinto color, en forma de cuchara y provistas de una larga espuela recta o arqueada. Las flores pueden ser de color azul, blanco, rojo, naranja, rosa y rojo. Existen varias subespecies y cultivares hort\u00edcolas con flores dobles o semidobles de color variable. El tama\u00f1o de la flor puede ser de 4 a 6cm. Su floraci\u00f3n se da durante la primavera y verano \/\/\/ <u>Uso ideal:<\/u> como flor de corte, para armar grupos, bordes de caminos y sectores del jard\u00edn con poca luz. Tambi\u00e9n en macetas con los cuidados correspondientes y un cambo anual de la misma \/\/\/ <u>Suelo:<\/u> liviano, arenoso, f\u00e9rtil, fresco, incluso arcilloso pero con buen drenaje \/\/\/ <u>Ubicaci\u00f3n:<\/u> media sombra, tolera un poco de sol \/\/\/ <u>Riego:<\/u> abundante durante la \u00e9poca de sequ\u00eda \/\/\/ <u>Fr\u00edo:<\/u> muy resistente, aunque en zonas con inviernos muy fuertes conviene protegerla\u00a0 \/\/\/ <u>Plagas:<\/u>\u00a0 la cochinilla ( Nematus aquilegiae), minador de la hoja y pulgones (recomendamos combatir a estas plagas por intermedio de una pulverizaci\u00f3n o espolvoreo con el insecticida ecol\u00f3gico Por Fin a base de Tierra de Diatomeas, desde comienzo de la primavera) \/\/\/ <u>Enfermedades:<\/u> resistente \/\/\/ <u>Multiplicaci\u00f3n:<\/u>\u00a0 Mediante semillas, en primavera, bajo cristal, sobre mantillo ligero arenoso. Debe repicarse antes del trasplante definitivo \/\/\/ <u>Observaciones:<\/u>\u00a0En oto\u00f1o conviene cortar los tallos y hojas secas. Cuando se riega, evitar mojar las hojas. Tras la floraci\u00f3n de la aguile\u00f1a, cortar al ras para que puedan formarse matas nuevas, florecer\u00e1 al a\u00f1o siguiente.<\/p>\n<p><img loading=\"lazy\" decoding=\"async\" class=\"aligncenter size-full wp-image-6653\" src=\"https:\/\/ecoyambiente.com\/wp-content\/uploads\/2017\/09\/AGUILE\u00d1A-AQUILEGIA-CAERULEA.jpg\" alt=\"AGUILE\u00d1A, AQUILEGIA CAERULEA\" width=\"456\" height=\"424\" \/><\/p>\n<p style=\"text-align: center\">&#8212;&#8212;&#8212;- 000 &#8212;&#8212;&#8212;-<\/p>\n<h4><span style=\"color: #0000ff\">CLAVELINA, DIANTHUS DELTOIDES<\/span><\/h4>\n<p style=\"text-align: justify\">Pertenece a la familia de las Cariofil\u00e1ceas (Caryophyllaceae). Es una planta perenne, rastrera, de f\u00e1cil cultivo, r\u00e1pido crecimiento y algo rustica. Ideal para proteger el suelo de malezas. Puede alcanzar de 20\/30cm de altura. Los tallos son delgados, numerosos, separados y erguidos. Sus hojas son muy peque\u00f1as, verde oscuro bronceado. Posee abundantes flores de unos 2cm de tama\u00f1o, dispuestas en inflorescencias compactas, tambi\u00e9n solitarias, de color variable desde el rojo, blanco hasta rosas. La \u00e9poca de floraci\u00f3n es mediados de la primavera y hasta final del verano \/\/ <u>Uso ideal:<\/u> cubriendo bordes, al costado de caminos, sobre paredes, adecuada para terrazas y balcones \/\/\/ <u>Suelo:<\/u> normal, con buen drenaje \/\/\/ <u>Ubicaci\u00f3n:<\/u> pleno sol en clima templado y media sombra en clima muy caluroso \u00a0\/\/\/ <u>Riego:<\/u> normal \/\/\/ <u>Fr\u00edo:<\/u> resiste breves heladas \/\/\/ <u>Plagas:<\/u> ara\u00f1uelas rojas y pulgones (recomendamos combatir a estas plagas por intermedio de una pulverizaci\u00f3n o espolvoreo con el insecticida ecol\u00f3gico\u00a0 Por Fin a base de Tierra de Diatomeas, desde final del invierno y comienzo de la primavera) \/\/\/ <u>Enfermedades:<\/u>\u00a0 roya y manchas foliares \/\/\/ <u>Multiplicaci\u00f3n:<\/u>\u00a0 por divisi\u00f3n, esquejes o semillas en primavera.<\/p>\n<p><img loading=\"lazy\" decoding=\"async\" class=\"aligncenter size-full wp-image-6658\" src=\"https:\/\/ecoyambiente.com\/wp-content\/uploads\/2017\/09\/CLAVELINA-DIANTHUS-DELTOIDES-1.jpg\" alt=\"CLAVELINA, DIANTHUS DELTOIDES\" width=\"268\" height=\"271\" \/><\/p>\n<p style=\"text-align: center\">&#8212;&#8212;&#8212;- 000 &#8212;&#8212;&#8212;-<\/p>\n<p><span style=\"color: #ff0000\">Elabor\u00f3: Eco y Ambiente, venta y distribuci\u00f3n: Insecticida Ecol\u00f3gico Por Fin (Tierra de Diatomeas)<\/span><\/p>\n<h4><span style=\"color: #ff0000\">Para m\u00e1s informaci\u00f3n sobre el Insecticida y fertilizante Ecol\u00f3gico Por Fin (Tierra de Diatomeas) ingresar en:\u00a0<span style=\"color: #000000\"><a style=\"color: #000000\" href=\"https:\/\/ecoyambiente.com\/?page_id=59\">https:\/\/ecoyambiente.com\/?page_id=59<\/a><\/span><\/span><\/h4>\n<p style=\"text-align: center\">&#8212;&#8212;&#8212;&#8212;&#8212;&#8212;&#8211; 0000000000 &#8212;&#8212;&#8212;&#8212;&#8212;&#8212;&#8211;<\/p>\n<h4 style=\"text-align: center\"><span style=\"color: #0000ff\">Recordar que Insecticida ecol\u00f3gico Por Fin no es un veneno, no deja olor desagradable, no es toxico, posee un prolongado efecto residual (m\u00e1s de 6 meses), cuando es aplicado en interiores que no se hallan expuestos a lluvias y \u201cno presenta riesgo alguno para personas, animales y plantas\u201d.<\/span><\/h4>\n<h4 style=\"text-align: center\"><span style=\"color: #0000ff\">Por Fin est\u00e1 pensado para conservar la armon\u00eda con el medio ambiente.<\/span><\/h4>\n<p style=\"text-align: center\">&#8212;&#8212;&#8212;&#8212;&#8212;&#8212;&#8211; 0000000000 &#8212;&#8212;&#8212;&#8212;&#8212;&#8212;&#8211;<\/p>\n","protected":false},"excerpt":{"rendered":"<p>Comienza la Primavera, y la mejor \u00e9poca para activar nuestro jard\u00edn. Seg\u00fan lo diagramado y cultivado, se ir\u00e1 desarrollando todo su potencial en sus diferentes formas y colores. Aqu\u00ed una referencia a las flores m\u00e1s bellas de la estaci\u00f3n: &#8212;&#8212;&#8212;- 000 &#8212;&#8212;&#8212;- LILO, LILA, SYRINGA VULGARIS Pertenece a la familia de las Oleaceae. Es un [&hellip;]<\/p>\n","protected":false},"author":2,"featured_media":0,"comment_status":"open","ping_status":"closed","sticky":false,"template":"","format":"standard","meta":{"footnotes":""},"categories":[181],"tags":[391,2718,2719,917,918,1364,2318,2927,924,2976,1098,182,2977,907,568,46,47,1656,2612,1892,2978,2979,2980,2981,615,2982,2983,793,2235,913,2878,1900,1670,57,2001],"class_list":["post-6648","post","type-post","status-publish","format-standard","hentry","category-tips-de-jardineria","tag-acaros","tag-aguilena","tag-aquilegia-caerulea","tag-arbol-de-judea","tag-arbol-del-amor","tag-azucena","tag-cariofilaceas","tag-caryophyllaceae","tag-cercis-siliquastrum","tag-cesalpiniaceas","tag-clavelina","tag-cochinillas","tag-dianthus-deltoides","tag-escarabajos","tag-gorgojos","tag-hongos","tag-insecticida-ecologico","tag-lila","tag-liliaceae","tag-liliaceas","tag-lilium-candidum","tag-lilo","tag-lirio-de-san-antonio","tag-manchas","tag-moteado-de-las-hojas","tag-necrosis","tag-nematus-aquilegiae","tag-oidio","tag-oleaceae","tag-orugas","tag-phytophthora","tag-ranunculaceas","tag-syringa-vulgaris","tag-tierra-de-diatomeas","tag-virosis"],"acf":[],"_links":{"self":[{"href":"https:\/\/ecoyambiente.com\/index.php?rest_route=\/wp\/v2\/posts\/6648","targetHints":{"allow":["GET"]}}],"collection":[{"href":"https:\/\/ecoyambiente.com\/index.php?rest_route=\/wp\/v2\/posts"}],"about":[{"href":"https:\/\/ecoyambiente.com\/index.php?rest_route=\/wp\/v2\/types\/post"}],"author":[{"embeddable":true,"href":"https:\/\/ecoyambiente.com\/index.php?rest_route=\/wp\/v2\/users\/2"}],"replies":[{"embeddable":true,"href":"https:\/\/ecoyambiente.com\/index.php?rest_route=%2Fwp%2Fv2%2Fcomments&post=6648"}],"version-history":[{"count":0,"href":"https:\/\/ecoyambiente.com\/index.php?rest_route=\/wp\/v2\/posts\/6648\/revisions"}],"wp:attachment":[{"href":"https:\/\/ecoyambiente.com\/index.php?rest_route=%2Fwp%2Fv2%2Fmedia&parent=6648"}],"wp:term":[{"taxonomy":"category","embeddable":true,"href":"https:\/\/ecoyambiente.com\/index.php?rest_route=%2Fwp%2Fv2%2Fcategories&post=6648"},{"taxonomy":"post_tag","embeddable":true,"href":"https:\/\/ecoyambiente.com\/index.php?rest_route=%2Fwp%2Fv2%2Ftags&post=6648"}],"curies":[{"name":"wp","href":"https:\/\/api.w.org\/{rel}","templated":true}]}}