{"id":6493,"date":"2017-05-24T10:39:22","date_gmt":"2017-05-24T13:39:22","guid":{"rendered":"http:\/\/ecoyambiente.com\/?p=6493"},"modified":"2017-05-24T10:39:22","modified_gmt":"2017-05-24T13:39:22","slug":"cerastio-cerastium-tomentosum","status":"publish","type":"post","link":"https:\/\/ecoyambiente.com\/?p=6493","title":{"rendered":"CERASTIO, CERASTIUM TOMENTOSUM"},"content":{"rendered":"<p><img loading=\"lazy\" decoding=\"async\" class=\"aligncenter wp-image-6494\" src=\"https:\/\/ecoyambiente.com\/wp-content\/uploads\/2017\/05\/CERASTIO-CERASTIUM-TOMENTOSUM-inicio-nota.jpg\" alt=\"CERASTIO, CERASTIUM TOMENTOSUM \" width=\"499\" height=\"353\" \/><\/p>\n<p><u>Familia:<\/u> Caryophyllaceae (Carofil\u00e1ceas)<\/p>\n<p><u>Detalles:<\/u> Es una planta perenne. Puede alcanzar los \u00a08cm de altura. Es muy resistente. El Cerastio encuentra su sitio entre las rocas y sobre taludes. Posee tallos rastreros, se utiliza tambi\u00e9n como cubresuelo\/tapizante. Se adapta a distintas zonas clim\u00e1ticas, excepto las tropicales.<\/p>\n<p style=\"text-align: justify\"><u>Uso ideal:<\/u> Sobre la parte alta de los muros, creciendo entre los pelda\u00f1os o en los bordes de una escalera, bordeando un camino hecho de lajas de piedra; y tambi\u00e9n cultivado en jardineras de terrazas y balcones.<\/p>\n<p><u>Hojas:<\/u> son peque\u00f1as, lanceoladas, grises\/verdosas al igual que los tallos<\/p>\n<p><u>Flores:<\/u> posee peque\u00f1as y sencillas flores blancas, estrelladas, de 5 p\u00e9talos.<\/p>\n<p><u>Florece:<\/u> en primavera y verano<\/p>\n<p><u>Exposici\u00f3n:<\/u> pleno sol<\/p>\n<p><u>Fr\u00edo:<\/u> muy resistente<\/p>\n<p><u>Suelo:<\/u> necesita un suelo drenado y permeable. Aunque crece mejor en terrenos alcalinos y pobres.<\/p>\n<p><u>Riego:<\/u> en zonas secas y calurosas precisa riegos diarios.<\/p>\n<p style=\"text-align: justify\"><u>Plagas:<\/u> pulgones y cochinillas (recomendamos combatir a estas plagas por intermedio de una pulverizaci\u00f3n o espolvoreo con el insecticida ecol\u00f3gico Por Fin a base de Tierra de Diatomeas. Desde comienzo de la primavera).<\/p>\n<p><u>Enfermedades:<\/u> hongos por exceso de agua<\/p>\n<p><u>Multiplicaci\u00f3n:<\/u> por esquejes sin flores en verano y por divisi\u00f3n de mata en oto\u00f1o o primavera<\/p>\n<p style=\"text-align: justify\"><u>Observaciones:<\/u> ofrece un llamativo contraste con otras plantas que crezcan junto a \u00e9l, gracias al peculiar tono y textura de sus hojas. En un par de a\u00f1os una sola planta llega a tapar un \u00e1rea de 1mt cuadrado. Para mantener su nivel est\u00e9tico, se debe podar despu\u00e9s de la floraci\u00f3n para eliminar las corolas secas.<\/p>\n<p style=\"text-align: justify\"><img loading=\"lazy\" decoding=\"async\" class=\"aligncenter wp-image-6495\" src=\"https:\/\/ecoyambiente.com\/wp-content\/uploads\/2017\/05\/CERASTIO-CERASTIUM-TOMENTOSUM-final-1.jpg\" alt=\"CERASTIO, CERASTIUM TOMENTOSUM\" width=\"496\" height=\"331\" \/><\/p>\n<p style=\"text-align: justify\"><img loading=\"lazy\" decoding=\"async\" class=\"aligncenter size-full wp-image-6496\" src=\"https:\/\/ecoyambiente.com\/wp-content\/uploads\/2017\/05\/CERASTIO-CERASTIUM-TOMENTOSUM-final-nota-2.jpg\" alt=\"CERASTIO, CERASTIUM TOMENTOSUM\" width=\"570\" height=\"429\" \/><\/p>\n<p style=\"text-align: center\">&#8212;&#8212;&#8212;&#8212;&#8212;&#8212;&#8211; 0000000000 &#8212;&#8212;&#8212;&#8212;&#8212;&#8212;&#8211;<\/p>\n<p><span style=\"color: #ff0000\">Elabor\u00f3: Eco y Ambiente, venta y distribuci\u00f3n: Insecticida Ecol\u00f3gico Por Fin (Tierra de Diatomeas)<\/span><\/p>\n<p><span style=\"color: #ff0000\">Para m\u00e1s informaci\u00f3n sobre el Insecticida Ecol\u00f3gico Por Fin (Tierra de Diatomeas) ingresar en<strong>:<\/strong><\/span><strong>\u00a0<\/strong><span style=\"color: #000000\"><a style=\"color: #000000\" href=\"https:\/\/ecoyambiente.com\/?page_id=59\">https:\/\/ecoyambiente.com\/?page_id=59<\/a><\/span><\/p>\n<p style=\"text-align: center\">&#8212;&#8212;&#8212;&#8212;&#8212;&#8212;&#8211; 0000000000 &#8212;&#8212;&#8212;&#8212;&#8212;&#8212;&#8211;<\/p>\n<h4><span style=\"color: #0000ff\">Recordar que Insecticida ecol\u00f3gico Por Fin no es un veneno, no deja olor desagradable, no es toxico, posee un prolongado efecto residual (m\u00e1s de 6 meses), cuando es aplicado en interiores que no se hallan expuestos a lluvias y \u201cno presenta riesgo alguno para personas, animales y plantas\u201d.<\/span><\/h4>\n<h4 style=\"text-align: center\"><span style=\"color: #0000ff\">Por Fin est\u00e1 pensado para conservar la armon\u00eda con el medio ambiente.<\/span><\/h4>\n<p style=\"text-align: center\">&#8212;&#8212;&#8212;&#8212;&#8212;&#8212;&#8211; 0000000000 &#8212;&#8212;&#8212;&#8212;&#8212;&#8212;&#8211;<\/p>\n","protected":false},"excerpt":{"rendered":"<p>Familia: Caryophyllaceae (Carofil\u00e1ceas) Detalles: Es una planta perenne. Puede alcanzar los \u00a08cm de altura. Es muy resistente. El Cerastio encuentra su sitio entre las rocas y sobre taludes. Posee tallos rastreros, se utiliza tambi\u00e9n como cubresuelo\/tapizante. Se adapta a distintas zonas clim\u00e1ticas, excepto las tropicales. Uso ideal: Sobre la parte alta de los muros, creciendo [&hellip;]<\/p>\n","protected":false},"author":2,"featured_media":0,"comment_status":"open","ping_status":"closed","sticky":false,"template":"","format":"standard","meta":{"footnotes":""},"categories":[181],"tags":[2926,2927,2928,736,182,2929,47,111,2930,57],"class_list":["post-6493","post","type-post","status-publish","format-standard","hentry","category-tips-de-jardineria","tag-carofilaceas","tag-caryophyllaceae","tag-cerastio","tag-cerastium-tomentosum","tag-cochinillas","tag-cubresuelo","tag-insecticida-ecologico","tag-pulgones","tag-tapizante","tag-tierra-de-diatomeas"],"acf":[],"_links":{"self":[{"href":"https:\/\/ecoyambiente.com\/index.php?rest_route=\/wp\/v2\/posts\/6493","targetHints":{"allow":["GET"]}}],"collection":[{"href":"https:\/\/ecoyambiente.com\/index.php?rest_route=\/wp\/v2\/posts"}],"about":[{"href":"https:\/\/ecoyambiente.com\/index.php?rest_route=\/wp\/v2\/types\/post"}],"author":[{"embeddable":true,"href":"https:\/\/ecoyambiente.com\/index.php?rest_route=\/wp\/v2\/users\/2"}],"replies":[{"embeddable":true,"href":"https:\/\/ecoyambiente.com\/index.php?rest_route=%2Fwp%2Fv2%2Fcomments&post=6493"}],"version-history":[{"count":0,"href":"https:\/\/ecoyambiente.com\/index.php?rest_route=\/wp\/v2\/posts\/6493\/revisions"}],"wp:attachment":[{"href":"https:\/\/ecoyambiente.com\/index.php?rest_route=%2Fwp%2Fv2%2Fmedia&parent=6493"}],"wp:term":[{"taxonomy":"category","embeddable":true,"href":"https:\/\/ecoyambiente.com\/index.php?rest_route=%2Fwp%2Fv2%2Fcategories&post=6493"},{"taxonomy":"post_tag","embeddable":true,"href":"https:\/\/ecoyambiente.com\/index.php?rest_route=%2Fwp%2Fv2%2Ftags&post=6493"}],"curies":[{"name":"wp","href":"https:\/\/api.w.org\/{rel}","templated":true}]}}