{"id":6281,"date":"2017-03-31T16:59:59","date_gmt":"2017-03-31T19:59:59","guid":{"rendered":"http:\/\/ecoyambiente.com\/?p=6281"},"modified":"2017-03-31T16:59:59","modified_gmt":"2017-03-31T19:59:59","slug":"poda-de-citricos","status":"publish","type":"post","link":"https:\/\/ecoyambiente.com\/?p=6281","title":{"rendered":"PODA DE CITRICOS"},"content":{"rendered":"<p style=\"text-align: justify\">Dentro de la familia de las Rut\u00e1ceas, en una clasificaci\u00f3n inferior, est\u00e1n comprendidos los c\u00edtricos, que incluyen varias especies, como: el pomelo, naranjo, mandarino, kumquat, caqui, entre otros.<\/p>\n<p style=\"text-align: justify\">Son \u00e1rboles peque\u00f1os, perennes, de floraci\u00f3n muy arom\u00e1tica que aparece durante la primavera. La fructificaci\u00f3n seg\u00fan la especie ser\u00e1 recogida durante el oto\u00f1o, invierno y primavera.<\/p>\n<h3 style=\"text-align: justify\"><span style=\"color: #ff0000\">ALGUNAS CONSIDERACIONES<\/span><\/h3>\n<p><u>Uso ideal:<\/u> exterior y en macetones.<\/p>\n<p><u>Exposici\u00f3n:<\/u> plenos sol<\/p>\n<p><u>Fr\u00edo:<\/u> si se compran en viveros de la zona, los ejemplares estar\u00e1n muy adaptados a las condiciones clim\u00e1ticas, igualmente hay que protegerlos en zonas de mucho viento.<\/p>\n<p><u>Suelo:<\/u> no son muy exigentes, solo hay que mejorar los muy arcillosos, si requieren suelos aireados y algo \u00e1cidos.<\/p>\n<p><u>Riego:<\/u> frecuente en oto\u00f1o, primavera y verano<\/p>\n<p><u>Plagas:<\/u> mosca de la fruta, mosca sudamericana, cochinillas vs, pulgones, mosca blanca, trips, chicharrita de los c\u00edtricos, taladro de los c\u00edtricos, hormigas cortadoras, minador de la hoja y ara\u00f1uelas (recomendamos combatir a estas plagas por intermedio de una pulverizaci\u00f3n o espolvoreo con el insecticida ecol\u00f3gico Por Fin a base de Tierra de Diatomeas. El tratamiento puede realizarse durante todo el a\u00f1o)<\/p>\n<p><u>Enfermedades:<\/u> phytophtora, sarna de los c\u00edtricos, melanosis, antracnosis, mancha negra, fumagina<\/p>\n<p><u>Observaciones:<\/u> es muy importante el pozo en donde ser\u00e1n plantados, hacerlo bien profundo, con piedritas y compost en el fondo y tambi\u00e9n amplio. Requieren una fertilizaci\u00f3n en primavera y verano; la tierra de diatomeas cumple muy bien esta funci\u00f3n, aportando una traza de 38 oligoelementos al suelo.<\/p>\n<p style=\"text-align: justify\"><img loading=\"lazy\" decoding=\"async\" class=\"aligncenter wp-image-6282\" src=\"https:\/\/ecoyambiente.com\/wp-content\/uploads\/2017\/03\/plantacion-de-citricos.jpg\" alt=\"plantacion de citricos\" width=\"390\" height=\"295\" \/><\/p>\n<p style=\"text-align: center\">&#8212;&#8211; 000&#8212;&#8211;<\/p>\n<h3><span style=\"color: #ff0000\">DISTINTOS TIPOS DE PODAS<\/span><\/h3>\n<ul>\n<li><u>Poda de formaci\u00f3n:<\/u> se crea el esqueleto del \u00e1rbol, un buen n\u00famero de ramas principales las que dar\u00e1n una forma precisa y motivar\u00e1n nuevas ramas fruct\u00edferas.<\/li>\n<li><u>Poda de fructificaci\u00f3n:<\/u> mantiene la acci\u00f3n principal de las ramas y conserva su forma inicial.<\/li>\n<li><u>Poda de restauraci\u00f3n:<\/u> cuando el \u00e1rbol ya tiene muchos a\u00f1os o fue abandonado en cuanto al mantenimiento y a la poda, reforma y rejuvenece al ejemplar. Tambi\u00e9n posibilita el rejuvenecimiento de las ramas fruct\u00edferas improductivas<\/li>\n<\/ul>\n<p style=\"text-align: center\">&#8212;&#8211; 000&#8212;&#8211;<\/p>\n<h3 style=\"text-align: center\"><span style=\"color: #ff0000\">PODA DE FORMACION<\/span><\/h3>\n<p>Cuando compramos un c\u00edtrico, tanto los cultivados en tierra, como en macetas, est\u00e1n formados en un \u201cmedio tallo\u201d con un tronco de aproximadamente 1mt o en un \u201ctallo bajo\u201d de 50cm o en matas con muy pocas ramas.<\/p>\n<h4><span style=\"color: #0000ff\">MEDIO TALLO y TALLO BAJO:<\/span><\/h4>\n<p><span style=\"text-decoration: underline\">Primer a\u00f1o:<\/span> Una vez plantado un v\u00e1stago, en setiembre, tomar como referencia 1mt de altura en un tallo medio, a partir de aqu\u00ed contar 6 hojas y all\u00ed cortar. En el caso de ser un tallo bajo tomar como base 50cm de altura. Quitar esta cantidad de brotes facilitar\u00e1 en el futuro, ramas principales. Se recomienda durante el periodo vegetativo, quitar 4\/5 hojas\/brotes\u00a0 que se desarrollan en el tronco para favorecer su fortalecimiento\/engrosamiento.<\/p>\n<p><img loading=\"lazy\" decoding=\"async\" class=\"aligncenter size-full wp-image-6283\" src=\"https:\/\/ecoyambiente.com\/wp-content\/uploads\/2017\/03\/Poda-de-formacion-nro-11-primer-a\u00f1o.jpg\" alt=\"Poda de formaci\u00f3n primer a\u00f1o\" width=\"181\" height=\"415\" \/><\/p>\n<p style=\"text-align: justify\"><span style=\"text-decoration: underline\">Segundo a\u00f1o:<\/span> tratar de elegir en julio\/agosto las ramas principales, pueden ser 4\/6, deber\u00e1n estar en forma escalonada de ser posible y equidistante unas de otras, proceder a retirar desde sus bases, las ramas intermedias.<\/p>\n<p style=\"text-align: justify\"><img loading=\"lazy\" decoding=\"async\" class=\"aligncenter wp-image-6292\" src=\"https:\/\/ecoyambiente.com\/wp-content\/uploads\/2017\/03\/Poda-de-formacion-nro-22-segundo-a\u00f1o.jpg\" alt=\"Poda de formacion segundo a\u00f1o\" width=\"275\" height=\"351\" \/><\/p>\n<p>Continuar cortando a unos 50cm de longitud cada una de esas ramas principales.\u00a0Es muy recomendable durante el periodo vegetativo, controlar la aparici\u00f3n de chupones y quitarlos por la base si fuera necesario ya que afectar\u00edan la formaci\u00f3n del \u00e1rbol. De esta manera las ramas secundarias se desarrollar\u00e1n sobre las ramas principales. Una vez estas alcancen los 25\/30cm de longitud, se le deber\u00e1n cortar 3 o 4 hojas. Si estas ramas fueran muy numerosas y se direccionan hacia el centro, algunas se deber\u00e1n suprimir, de modo que s\u00f3lo se conserve una cada 5\/10cm.<\/p>\n<p style=\"text-align: justify\"><img loading=\"lazy\" decoding=\"async\" class=\"aligncenter size-full wp-image-6293\" src=\"https:\/\/ecoyambiente.com\/wp-content\/uploads\/2017\/03\/Poda-de-formacion-nro-3-3segundo-a\u00f1o.jpg\" alt=\"Poda de formacion segundo a\u00f1o\" width=\"262\" height=\"436\" \/><\/p>\n<p><span style=\"text-decoration: underline\">Tercer a\u00f1o:<\/span> nuevamente hay que cortar las prolongaciones de las ramas principales para que puedan seguir dividiendo; tambi\u00e9n dejar m\u00e1s cortas las ramas inferiores para que no compitan con las prolongaciones. Se deben suprimir desde la base los posibles chupones. Aprovechar el periodo vegetativo para limitar, como el a\u00f1o anterior, el numero de ramas secundarias.<\/p>\n<p style=\"text-align: justify\"><img loading=\"lazy\" decoding=\"async\" class=\"aligncenter size-full wp-image-6294\" src=\"https:\/\/ecoyambiente.com\/wp-content\/uploads\/2017\/03\/Poda-de-formacion-nro-44-tercer-a\u00f1o.jpg\" alt=\"Poda de formacion tercer a\u00f1o\" width=\"280\" height=\"463\" \/><\/p>\n<p style=\"text-align: center\">&#8212;&#8211; 000 &#8212;&#8211;<\/p>\n<h3 style=\"text-align: center\"><span style=\"color: #ff0000\">PODA DE FORMACION: MATA ARBUSTIVA<\/span><\/h3>\n<p><img loading=\"lazy\" decoding=\"async\" class=\"aligncenter size-full wp-image-6303\" src=\"https:\/\/ecoyambiente.com\/wp-content\/uploads\/2017\/03\/Mata-arbustiva-cultivada-en-macetones.jpg\" alt=\"Mata arbustiva cultivada en macetones\" width=\"321\" height=\"366\" \/><\/p>\n<p><u>Primer a\u00f1o:<\/u> plantar un v\u00e1stago terminando el invierno y cortarlo por encima de la cuarta hoja a partir de la base para obtener ramificaciones.<\/p>\n<p style=\"text-align: justify\"><img loading=\"lazy\" decoding=\"async\" class=\"aligncenter size-full wp-image-6295\" src=\"https:\/\/ecoyambiente.com\/wp-content\/uploads\/2017\/03\/Mata-arbustiva-foto-11.jpg\" alt=\"Mata arbustiva poda de formaci\u00f3n\" width=\"191\" height=\"352\" \/><\/p>\n<p style=\"text-align: center\">&#8212; 00 &#8212;<\/p>\n<p><u>Segundo a\u00f1o:<\/u> para favorecer la ramificaci\u00f3n de la mata, se deber\u00e1n cortar por la mitad las ramas ya crecidas.\u00a0Corte aproximadamente por la mitad las ramas obtenidas para provocar la ramificaci\u00f3n de la mata.<\/p>\n<p><img loading=\"lazy\" decoding=\"async\" class=\"aligncenter size-full wp-image-6297\" src=\"https:\/\/ecoyambiente.com\/wp-content\/uploads\/2017\/03\/Mata-arbustiva-foto-22.jpg\" alt=\"Mata arbustiva poda de formaci\u00f3n segundo a\u00f1o\" width=\"299\" height=\"317\" \/><\/p>\n<p style=\"text-align: center\">&#8212; 00 &#8212;<\/p>\n<p><u>Tercer a\u00f1o:<\/u> Para dividir nuevamente las ramas se deber\u00e1n cortar por la mitad las ramas ya crecidas. Tambi\u00e9n las orientadas hacia el centro de la mata y los chupones si los hubiera, estos pasos no dejar\u00e1n que pierda su forma. Se recomienda desechar la primera fructificaci\u00f3n, para evitar que la mata se debilite.<\/p>\n<p><img loading=\"lazy\" decoding=\"async\" class=\"aligncenter wp-image-6298\" src=\"https:\/\/ecoyambiente.com\/wp-content\/uploads\/2017\/03\/Mata-arbustiva-foto-33.jpg\" alt=\"Mata arbustiva poda de formaci\u00f3n tercer a\u00f1o\" width=\"332\" height=\"335\" \/><\/p>\n<p style=\"text-align: center\">&#8212;&#8211; 000 &#8212;&#8211;<\/p>\n<h3 style=\"text-align: center\"><span style=\"color: #ff0000\">PODA DE FRUCTIFICACION: MATA ARBUSTIVA<\/span><\/h3>\n<p style=\"text-align: justify\">En este caso deber\u00e1 realizarse frecuentemente, se trata solo de una poda de limpieza. El no hacerlo implicar\u00eda que el \u00e1rbol tienda a formar numerosas ramas principales, las cuales comenzar\u00e1n a molestarse entre s\u00ed; formando un ramaje frondoso y espero. Tambi\u00e9n la aparici\u00f3n de chupones causara da\u00f1o al resto de las ramas. Todo este exceso dejar\u00e1 ramas y ramitas secas, ocasionando una disminuci\u00f3n notable en la fructificaci\u00f3n. Estas tareas podr\u00e1n efectuarse luego de la recolecci\u00f3n.<\/p>\n<p style=\"text-align: justify\"><img loading=\"lazy\" decoding=\"async\" class=\"aligncenter wp-image-6299\" src=\"https:\/\/ecoyambiente.com\/wp-content\/uploads\/2017\/03\/Poda-de-frutificacion-1111.jpg\" alt=\"Poda de frutificaci\u00f3n mata arbustiva\" width=\"396\" height=\"411\" \/><\/p>\n<p style=\"text-align: center\">&#8212;&#8211; 000 &#8212;&#8211;<\/p>\n<h3 style=\"text-align: center\"><span style=\"color: #ff0000\">PODA DE RESTAURACION: MATA ARBUSTIVA<\/span><\/h3>\n<p>De no haber podido realizar las podas correspondientes durante un tiempo, llegado el momento se podr\u00e1n rebajar intensamente las ramas principales y obtener as\u00ed, un nuevo ramaje aprovechando que los c\u00edtricos emiten nuevos brotes con facilidad a partir de la madera vieja. Si la poda se realiz\u00f3 normalmente, esta operaci\u00f3n no es necesaria hasta transcurridos unos cuantos a\u00f1os de cultivo. De no ser as\u00ed, se deber\u00e1n cortar las ramas principales a unos 40cm. Es muy importante la protecci\u00f3n de las mismas, aplic\u00e1ndoles una pasta cicatrizante en las heridas, evitando de esta manera posibles enfermedades; tambi\u00e9n estas heridas, tanto en las ramas como en el tronco, se pueden proteger vend\u00e1ndolas con una tela de yute o de paja.<\/p>\n<p><img loading=\"lazy\" decoding=\"async\" class=\"aligncenter wp-image-6300\" src=\"https:\/\/ecoyambiente.com\/wp-content\/uploads\/2017\/03\/Poda-de-restauracion.jpg\" alt=\"Poda de restauraci\u00f3n mata arbustiva\" width=\"417\" height=\"392\" \/><\/p>\n<p style=\"text-align: center\">&#8212;&#8212;&#8212;&#8212;&#8212;&#8212;&#8211; 0000000000 &#8212;&#8212;&#8212;&#8212;&#8212;&#8212;&#8211;<\/p>\n<h4><span style=\"color: #800000\">Elabor\u00f3: Eco y Ambiente, venta y distribuci\u00f3n: Insecticida Ecol\u00f3gico Por Fin (Tierra de Diatomeas)<\/span><\/h4>\n<h4><span style=\"color: #800000\">Para m\u00e1s informaci\u00f3n sobre el Insecticida Ecol\u00f3gico Por Fin (Tierra de Diatomeas) ingresar en:\u00a0<span style=\"color: #000000\"><a style=\"color: #000000\" href=\"https:\/\/ecoyambiente.com\/?page_id=59\">https:\/\/ecoyambiente.com\/?page_id=59<\/a><\/span><\/span><\/h4>\n<p style=\"text-align: center\">&#8212;&#8212;&#8212;&#8212;&#8212;&#8212;&#8211; 0000000000 &#8212;&#8212;&#8212;&#8212;&#8212;&#8212;&#8211;<\/p>\n<h4 style=\"text-align: justify\"><span style=\"color: #0000ff\">Recordar que Insecticida ecol\u00f3gico Por Fin no es un veneno, no deja olor desagradable, no es toxico, posee un prolongado efecto residual (m\u00e1s de 6 meses), cuando es aplicado en interiores que no se hallan expuestos a lluvias y &#8220;no presenta riesgo alguno para personas, animales y plantas&#8221;.<\/span><\/h4>\n<h4 style=\"text-align: center\"><span style=\"color: #0000ff\">Por Fin est\u00e1 pensado para conservar la armon\u00eda con el medio ambiente.<\/span><\/h4>\n<p style=\"text-align: center\">&#8212;&#8212;&#8212;&#8212;&#8212;&#8212;&#8211; 0000000000 &#8212;&#8212;&#8212;&#8212;&#8212;&#8212;&#8211;<\/p>\n","protected":false},"excerpt":{"rendered":"<p>Dentro de la familia de las Rut\u00e1ceas, en una clasificaci\u00f3n inferior, est\u00e1n comprendidos los c\u00edtricos, que incluyen varias especies, como: el pomelo, naranjo, mandarino, kumquat, caqui, entre otros. Son \u00e1rboles peque\u00f1os, perennes, de floraci\u00f3n muy arom\u00e1tica que aparece durante la primavera. La fructificaci\u00f3n seg\u00fan la especie ser\u00e1 recogida durante el oto\u00f1o, invierno y primavera. ALGUNAS [&hellip;]<\/p>\n","protected":false},"author":2,"featured_media":0,"comment_status":"open","ping_status":"closed","sticky":false,"template":"","format":"standard","meta":{"footnotes":""},"categories":[181],"tags":[2833,2523,496,86,47,2834,2835,2836,2837,2838,2839,622,2840,2841,775,2842,2843,2844,2845,2846,57],"class_list":["post-6281","post","type-post","status-publish","format-standard","hentry","category-tips-de-jardineria","tag-antracnosis","tag-caqui","tag-chupones","tag-fumagina","tag-insecticida-ecologico","tag-kumquat","tag-mancha-negra","tag-mandarino","tag-mata-arbustiva","tag-medio-tallo","tag-melanosis","tag-naranjo","tag-phytophtora","tag-poda-de-citricos","tag-poda-de-formacion","tag-poda-de-fructificacion","tag-poda-de-restauracion","tag-pomelo","tag-sarna-de-los-citricos","tag-tallo-bajo","tag-tierra-de-diatomeas"],"acf":[],"_links":{"self":[{"href":"https:\/\/ecoyambiente.com\/index.php?rest_route=\/wp\/v2\/posts\/6281","targetHints":{"allow":["GET"]}}],"collection":[{"href":"https:\/\/ecoyambiente.com\/index.php?rest_route=\/wp\/v2\/posts"}],"about":[{"href":"https:\/\/ecoyambiente.com\/index.php?rest_route=\/wp\/v2\/types\/post"}],"author":[{"embeddable":true,"href":"https:\/\/ecoyambiente.com\/index.php?rest_route=\/wp\/v2\/users\/2"}],"replies":[{"embeddable":true,"href":"https:\/\/ecoyambiente.com\/index.php?rest_route=%2Fwp%2Fv2%2Fcomments&post=6281"}],"version-history":[{"count":0,"href":"https:\/\/ecoyambiente.com\/index.php?rest_route=\/wp\/v2\/posts\/6281\/revisions"}],"wp:attachment":[{"href":"https:\/\/ecoyambiente.com\/index.php?rest_route=%2Fwp%2Fv2%2Fmedia&parent=6281"}],"wp:term":[{"taxonomy":"category","embeddable":true,"href":"https:\/\/ecoyambiente.com\/index.php?rest_route=%2Fwp%2Fv2%2Fcategories&post=6281"},{"taxonomy":"post_tag","embeddable":true,"href":"https:\/\/ecoyambiente.com\/index.php?rest_route=%2Fwp%2Fv2%2Ftags&post=6281"}],"curies":[{"name":"wp","href":"https:\/\/api.w.org\/{rel}","templated":true}]}}