{"id":6231,"date":"2017-03-16T08:45:35","date_gmt":"2017-03-16T11:45:35","guid":{"rendered":"http:\/\/ecoyambiente.com\/?p=6231"},"modified":"2017-03-16T08:45:35","modified_gmt":"2017-03-16T11:45:35","slug":"begonia-begonia-semperflorens-flor-de-azucar","status":"publish","type":"post","link":"https:\/\/ecoyambiente.com\/?p=6231","title":{"rendered":"BEGONIA, BEGONIA SEMPERFLORENS, FLOR DE AZUCAR"},"content":{"rendered":"<p><img loading=\"lazy\" decoding=\"async\" class=\"aligncenter wp-image-6232\" src=\"https:\/\/ecoyambiente.com\/wp-content\/uploads\/2017\/03\/BEGONIA-BEGONIA-SEMPERFLORENS-FLOR-DE-AZUCAR-11.jpg\" alt=\"BEGONIA, BEGONIA SEMPERFLORENS, FLOR DE AZUCAR\" width=\"468\" height=\"313\" \/><\/p>\n<p><u>Familia:<\/u> Begoni\u00e1ceas.<\/p>\n<p><u>Detalles:<\/u> Es una planta herb\u00e1cea, anual o perenne, originaria de Brasil. Peque\u00f1a, de porte arb\u00f3reo que alcanza una altura de hasta 30cm y 35cm de ancho. \u00a0Sus tallos son ramificados y carnosos. Muy reconocida por sus grandes hojas plegadas por el nervio central, en tonos verde claro y oscuro o marr\u00f3n purp\u00fareo, de las que emergen unos ramilletes de flores sencillas en rosa p\u00e1lido, rosa fuerte y rojo.<\/p>\n<p><u>Uso ideal:<\/u> muy utilizada para bordes de caminos, formando grupos o islas, en jardines rocosos y tambi\u00e9n en macetas tanto en interior como en exterior.<\/p>\n<p><u>Hojas:<\/u> redondeadas y ovales<\/p>\n<p><u>Flores:<\/u> simples o dobles, en distintos tonos de rosa.<\/p>\n<p><u>Florece:<\/u> en oto\u00f1o, primavera y en verano.<\/p>\n<p><u>Exposici\u00f3n:<\/u> sombra o media sombra.<\/p>\n<p><u>Fr\u00edo:<\/u> poco resistente, se debe proteger en invierno de las heladas.<\/p>\n<p><u>Suelo:<\/u> requiere un suelo ligeramente \u00e1cido, poroso, f\u00e9rtil y bien drenado.<\/p>\n<p><u>Riego:<\/u> moderado y frecuente. No permitir el encharcamiento ya que pudre la base de los tallos.<\/p>\n<p><u>Plagas:<\/u> caracoles, pulgones, trips y mosca blanca (recomendamos combatir a estas plagas por intermedio de una pulverizaci\u00f3n o espolvoreo con el insecticida ecol\u00f3gico Por Fin a base de Tierra de Diatomeas. Antes y durante la primavera)<\/p>\n<p><u>Enfermedades:<\/u> botritis y o\u00eddio.<\/p>\n<p><u>Multiplicaci\u00f3n:<\/u> por semillas a principios de la primavera o por esquejes.<\/p>\n<p><u>Observaciones:<\/u>\u00a0Es recomendable retirar las flores secas y las hojas da\u00f1adas.<\/p>\n<p><img loading=\"lazy\" decoding=\"async\" class=\"aligncenter wp-image-6233\" src=\"https:\/\/ecoyambiente.com\/wp-content\/uploads\/2017\/03\/BEGONIA-BEGONIA-SEMPERFLORENS-FLOR-DE-AZUCAR-final-1.jpg\" alt=\"BEGONIA, BEGONIA SEMPERFLORENS, FLOR DE AZUCAR\" width=\"445\" height=\"346\" \/><\/p>\n<p><img loading=\"lazy\" decoding=\"async\" class=\"aligncenter wp-image-6234\" src=\"https:\/\/ecoyambiente.com\/wp-content\/uploads\/2017\/03\/BEGONIA-BEGONIA-SEMPERFLORENS-FLOR-DE-AZUCAR-dddd.jpg\" alt=\"BEGONIA, BEGONIA SEMPERFLORENS, FLOR DE AZUCAR\" width=\"470\" height=\"329\" \/><\/p>\n<p style=\"text-align: center\">&#8212;&#8212;&#8212;&#8212;&#8212;&#8212;&#8211; 0000000000 &#8212;&#8212;&#8212;&#8212;&#8212;&#8212;&#8211;<\/p>\n<h4><span style=\"color: #0000ff\">Elabor\u00f3: Eco y Ambiente, venta y distribuci\u00f3n: Insecticida Ecol\u00f3gico Por Fin (Tierra de Diatomeas)<\/span><\/h4>\n<h4><span style=\"color: #0000ff\">Para m\u00e1s informaci\u00f3n sobre el Insecticida Ecol\u00f3gico Por Fin (Tierra de Diatomeas) ingresar en:\u00a0<span style=\"text-decoration: underline\"><span style=\"color: #000000\"><a style=\"color: #000000;text-decoration: underline\" href=\"https:\/\/ecoyambiente.com\/?page_id=59\">https:\/\/ecoyambiente.com\/?page_id=59<\/a><\/span><\/span><\/span><\/h4>\n<p style=\"text-align: center\">&#8212;&#8212;&#8212;&#8212;&#8212;&#8212;&#8211; 0000000000 &#8212;&#8212;&#8212;&#8212;&#8212;&#8212;&#8211;<\/p>\n<h3 style=\"text-align: justify\"><span style=\"color: #ff0000\">Recordar que Insecticida ecol\u00f3gico Por Fin no es un veneno, no deja olor desagradable, no es toxico, posee un prolongado efecto residual (m\u00e1s de 6 meses), cuando es aplicado en interiores que no se hallan expuestos a lluvias y \u201cno presenta riesgo alguno para personas, animales y plantas \u201c.<\/span><\/h3>\n<h3 style=\"text-align: center\"><span style=\"color: #ff0000\">Por Fin est\u00e1 pensado para conservar la armon\u00eda con el medio ambiente.<\/span><\/h3>\n<p style=\"text-align: center\">&#8212;&#8212;&#8212;&#8212;&#8212;&#8212;&#8211; 0000000000 &#8212;&#8212;&#8212;&#8212;&#8212;&#8212;&#8211;<\/p>\n","protected":false},"excerpt":{"rendered":"<p>Familia: Begoni\u00e1ceas. Detalles: Es una planta herb\u00e1cea, anual o perenne, originaria de Brasil. Peque\u00f1a, de porte arb\u00f3reo que alcanza una altura de hasta 30cm y 35cm de ancho. \u00a0Sus tallos son ramificados y carnosos. Muy reconocida por sus grandes hojas plegadas por el nervio central, en tonos verde claro y oscuro o marr\u00f3n purp\u00fareo, de [&hellip;]<\/p>\n","protected":false},"author":2,"featured_media":0,"comment_status":"open","ping_status":"closed","sticky":false,"template":"","format":"standard","meta":{"footnotes":""},"categories":[181],"tags":[1127,2168,1910,2172,47,57],"class_list":["post-6231","post","type-post","status-publish","format-standard","hentry","category-tips-de-jardineria","tag-begonia","tag-begonia-semperflorens","tag-begoniaceas","tag-flor-de-azucar","tag-insecticida-ecologico","tag-tierra-de-diatomeas"],"acf":[],"_links":{"self":[{"href":"https:\/\/ecoyambiente.com\/index.php?rest_route=\/wp\/v2\/posts\/6231","targetHints":{"allow":["GET"]}}],"collection":[{"href":"https:\/\/ecoyambiente.com\/index.php?rest_route=\/wp\/v2\/posts"}],"about":[{"href":"https:\/\/ecoyambiente.com\/index.php?rest_route=\/wp\/v2\/types\/post"}],"author":[{"embeddable":true,"href":"https:\/\/ecoyambiente.com\/index.php?rest_route=\/wp\/v2\/users\/2"}],"replies":[{"embeddable":true,"href":"https:\/\/ecoyambiente.com\/index.php?rest_route=%2Fwp%2Fv2%2Fcomments&post=6231"}],"version-history":[{"count":0,"href":"https:\/\/ecoyambiente.com\/index.php?rest_route=\/wp\/v2\/posts\/6231\/revisions"}],"wp:attachment":[{"href":"https:\/\/ecoyambiente.com\/index.php?rest_route=%2Fwp%2Fv2%2Fmedia&parent=6231"}],"wp:term":[{"taxonomy":"category","embeddable":true,"href":"https:\/\/ecoyambiente.com\/index.php?rest_route=%2Fwp%2Fv2%2Fcategories&post=6231"},{"taxonomy":"post_tag","embeddable":true,"href":"https:\/\/ecoyambiente.com\/index.php?rest_route=%2Fwp%2Fv2%2Ftags&post=6231"}],"curies":[{"name":"wp","href":"https:\/\/api.w.org\/{rel}","templated":true}]}}