{"id":5832,"date":"2016-10-19T10:43:10","date_gmt":"2016-10-19T13:43:10","guid":{"rendered":"http:\/\/ecoyambiente.com\/?p=5832"},"modified":"2016-10-19T10:43:10","modified_gmt":"2016-10-19T13:43:10","slug":"listado-de-plantas-con-flores-que-pueden-cultivarse-en-argentina-letra-l","status":"publish","type":"post","link":"https:\/\/ecoyambiente.com\/?p=5832","title":{"rendered":"Listado de plantas con &#8220;Flores&#8221; que pueden cultivarse en Argentina, letra &#8220;L&#8221;"},"content":{"rendered":"<p style=\"text-align: justify\">Existe en internet much\u00edsima informaci\u00f3n sobre flores, plantas, \u00e1rboles, arbustos y sobre el jard\u00edn en general y libros con excelentes consejos para lograr muy buenos resultados, pero hay un detalle que no es menor, mucho de lo publicado e impreso es importado.<\/p>\n<p style=\"text-align: justify\">Por lo tanto es dif\u00edcil encontrar publicaciones que informen sobre los ejemplares que se pueden cultivar en nuestro pa\u00eds, lo que se informa es global y mucho se refiere a especies dif\u00edciles de encontrar aqu\u00ed o poco aptas para nuestros climas y suelos.<\/p>\n<p style=\"text-align: justify\">Debido a esto, iremos publicando en sucesivas notas muchas de las variedades disponibles en el pa\u00eds. Para ello listaremos las plantas alfab\u00e9ticamente, cada una con su descripci\u00f3n, cuidados que se deben tener en cuanto al tipo de suelo, riego, sol y resistencia al fr\u00edo.<\/p>\n<h2 style=\"text-align: center\"><strong>\u00a0\u00a0\u00a0\u00a0<\/strong><span style=\"color: #ff0000\"> PLANTAS: Letra \u201c L \u201d\u00a0\u00a0 <\/span><\/h2>\n<h4 style=\"text-align: center\"><span style=\"color: #0000ff\">LANTANA_LANTANA CAMARA_BANDERA ESPA\u00d1OLA<\/span><\/h4>\n<p style=\"text-align: justify\">De la familia de las Verben\u00e1ceas. Es un arbusto muy ornamental, perennifolio de r\u00e1pido crecimiento y de f\u00e1cil cultivo. Puede alcanzar hasta 1mt de altura. Florece de primavera a oto\u00f1o. Da flores muy llamativas, diminutas, rojas y amarillas, lo que da origen a su nombre popular. Tambi\u00e9n hay especies cuya flor puede ser amarilla, blanca, blanca\/amarilla y roja. Tiene hojas arom\u00e1ticas, persistentes en los lugares sin heladas, de color verde oscuro y m\u00e1s claro en el env\u00e9s. Es recomendable para conseguir una planta m\u00e1s compacta, cuando finaliza el invierno, cortar sus ramas, aproximadamente a la mitad de su longitud. Su multiplicaci\u00f3n se debe realizar una vez terminada su floraci\u00f3n al final de verano, por intermedio de esquejes le\u00f1osos y tambi\u00e9n por semillas \/\/\/ <u>Suelo:<\/u> se adapta a distintos tipos, prefiere un suelo bien abonado, nunca encharcado \/\/\/ <u>Ubicaci\u00f3n:<\/u> pleno sol, se adapta a la media sombra \/\/\/ <u>Riego:<\/u> escaso, tolera la sequ\u00eda \/\/\/ <u>Fr\u00edo:<\/u> poco resistente \/\/\/ <u>Plagas:<\/u> cochinilla, pulg\u00f3n y mosca blanca (recomendamos combatir a estas plagas por intermedio de una pulverizaci\u00f3n o espolvoreo con el insecticida ecol\u00f3gico a base de Tierra de Diatomeas, en cualquier \u00e9poca del a\u00f1o) \/\/\/ <u>Enfermedades:<\/u> fumagina (producida por la mosca blanca), roya y distintos hongos (producidos por el exceso de agua).<\/p>\n<p><img loading=\"lazy\" decoding=\"async\" class=\"aligncenter size-full wp-image-5836\" src=\"https:\/\/ecoyambiente.com\/wp-content\/uploads\/2016\/10\/LANTANA_LANTANA-CAMARA_BANDERA-ESPA\u00d1OLA.jpg\" alt=\"lantana, lantana camara, bandera espa\u00f1ola\" width=\"480\" height=\"420\" \/><\/p>\n<p style=\"text-align: center\">&#8212;&#8212;&#8212;&#8212;&#8212;&#8212;&#8211; \/\/\/\/\/\/\/\/\/\/ &#8212;&#8212;&#8212;&#8212;&#8212;&#8212;&#8211;<\/p>\n<h4 style=\"text-align: center\"><span style=\"color: #0000ff\">LAURENTIA_LAURENTIA AXILLARIS (ISOTOMA)<\/span><\/h4>\n<p style=\"text-align: justify\">Perteneciente a la familia de las compuestas. Planta herb\u00e1cea de r\u00e1pido crecimiento, perenne, ideal para cubrir grandes superficies en jardines de estilo silvestre. M\u00e1s bien baja, cada ejemplar puede alcanzar una altura de 30cm y un di\u00e1metro no mayor a 25cm. Posee tallos erectos que llegan a formar una gran masa compacta. El follaje es de tipo plumoso, en color verde claro, y entre las peque\u00f1as hojas se distribuyen desprolijas y profusamente las flores de color lila, de 5 petalos muy delgados y largos, tiene forma de estrella. Tambi\u00e9n existen otras especies con flores de color blanco, rosa claro y azul oscuro. La floraci\u00f3n se produce en verano y se estira hasta los primeros d\u00edas fr\u00edos de oto\u00f1o. Es recomendable retirar a diario las flores secas.\u00a0Es ideal para utilizar a lo largo de caminos, armar bordes en determinados sectores, para formar grupos e ideal para jardines rocosos. Se adapta a ser cultivada en macetas comunes y colgantes. La multiplicaci\u00f3n se da por semillas, se siembran en el final del invierno o al comienzo de la primavera \/\/\/ <span style=\"text-decoration: underline\">Suelo:<\/span> no es muy exigente, aunque si requiere un suelo bien drenado, no soporta el encharcamiento \/\/\/ <span style=\"text-decoration: underline\">Ubicaci\u00f3n:<\/span> requiere pleno sol para lograr un buen desarrollo, puede llegar a tolerar una media sombra liviana, es decir, con sol matutino y una sombra parcial el resto del d\u00eda \/\/\/ <span style=\"text-decoration: underline\">Riego:<\/span> moderado, se debe aumentar durante los meses de temperaturas m\u00e1s elevadas \/\/\/ <span style=\"text-decoration: underline\">Fr\u00edo:<\/span> resistente \/\/\/ <span style=\"text-decoration: underline\">Plagas:<\/span> muy resistente \/\/\/ <span style=\"text-decoration: underline\">Enfermedades:<\/span> muy resistente.<\/p>\n<p><img loading=\"lazy\" decoding=\"async\" class=\"aligncenter size-full wp-image-5837\" src=\"https:\/\/ecoyambiente.com\/wp-content\/uploads\/2016\/10\/LAURENTIA_LAURENTIA-AXILLARIS_ISOTOMA.jpg\" alt=\"laurentia, laurentia axillaris, isotoma\" width=\"490\" height=\"429\" \/><\/p>\n<p style=\"text-align: center\">&#8212;&#8212;&#8212;&#8212;&#8212;&#8212;&#8211; \/\/\/\/\/\/\/\/\/\/ &#8212;&#8212;&#8212;&#8212;&#8212;&#8212;&#8211;<\/p>\n<h4 style=\"text-align: center\"><span style=\"color: #0000ff\">LAVATERA_LAVATERA SP.<\/span><\/h4>\n<p style=\"text-align: justify\">Integrante de la familia de las Malv\u00e1ceas. Especies subarbustivas, pueden ser semiperennes o perennes, es una planta muy llamativa y bastante resistente. Se desarrolla muy r\u00e1pido, puede alcanzar hasta 1,0mt de altura y un volumen de no m\u00e1s de 50cm. El follaje es verde oscuro, con hojas parecidas a las de la hiedra, en punta. La floraci\u00f3n se produce durante primavera\/verano y presenta grandes grupos de flores, parecidas a la Malva, de hecho pertenecen a la misma familia, con forma acampanada, de unos 10cm de di\u00e1metro, en la gama del rosa y del fucsia, las hay blancas, con sutiles l\u00edneas del mismo color, en un tono m\u00e1s claro, en cada uno de los p\u00e9talos superpuestos. Ideal para terrenos con declives, para armar grupos en distintos sectores y para jardines rocosos. Se multiplica por gajos obtenidos durante la primavera o el verano, o por semillas tanto en primavera como en el oto\u00f1o \/\/\/ <u>Suelo:<\/u> f\u00e9rtil con buen drenaje, no soporta el encharcamiento \/\/\/ <span style=\"text-decoration: underline\">Ubicaci\u00f3n:<\/span> plenos sol, favorece su buen crecimiento \/\/\/ <u>Riego:<\/u> moderado y frecuente durante el verano \/\/\/ <u>Fr\u00edo:<\/u> muy resistente \/\/\/ <u>Plagas:<\/u> es atacada por larvas de Lepidopteras (recomendamos combatir a estas larvas por intermedio de una pulverizaci\u00f3n o espolvoreo con el insecticida ecol\u00f3gico a base de Tierra de Diatomeas, en cualquier \u00e9poca del a\u00f1o) \/\/\/ <u>Enfermedades:<\/u> muy resistente<\/p>\n<p><img loading=\"lazy\" decoding=\"async\" class=\"aligncenter wp-image-5838\" src=\"https:\/\/ecoyambiente.com\/wp-content\/uploads\/2016\/10\/LAVATERA_LAVATERA-SP..jpg\" alt=\"lavatera, lavatera sp\" width=\"506\" height=\"401\" \/><\/p>\n<p style=\"text-align: center\">&#8212;&#8212;&#8212;&#8212;&#8212;&#8212;&#8211; \/\/\/\/\/\/\/\/\/\/ &#8212;&#8212;&#8212;&#8212;&#8212;&#8212;&#8211;<\/p>\n<h4 style=\"text-align: center\"><span style=\"color: #0000ff\">LILIUM_LILUM SP.<\/span><\/h4>\n<p style=\"text-align: justify\">De la familia de las Lili\u00e1ceas. Es una planta bulbosa, de la misma familia y muy parecida a la Azucena. Puede alcanzar de 90cm\/1,0mt de altura. Florece a lo largo del verano, sus flores tienen forma de trompetas, son grandes y perfumadas, sobre todo por la noche, con p\u00e9talos curvados hacia afuera. Cada bulbo produce un tallo que no se ramifica y produce varias flores. La variedad de colores es amplia y va del blanco puro al naranja intenso y sus distintas tonalidades, pasando por el amarillo, el rojo y p\u00farpura. Posee propiedades medicinales. Si bien es bastante erguida, tiende a colgar. Se multiplica por semillas en oto\u00f1o o primavera. La \u00e9poca de plantaci\u00f3n var\u00eda seg\u00fan la especie a cultivar, en su mayor\u00eda es la primavera. Se recomendado retirar los bulbos en tierra, cada 2\/3 a\u00f1os para volverlos a plantar. Al ser erguida es ideal para formar grupos, rode\u00e1ndola de cubresuelos o combinarlas con herb\u00e1ceas m\u00e1s bajas. Como flor de corte y tambi\u00e9n puede ser cultivada en macetas grandes. Es muy importante retirar y quemar los bulbos infectados, tallos y hojas enfermas \/\/\/ <span style=\"text-decoration: underline\">Suelo:<\/span> requiere suelos bien drenados, siempre h\u00famedos y frescos \/\/\/ <span style=\"text-decoration: underline\">Ubicaci\u00f3n:<\/span> plenos sol sobre las flores y media sombra (ej: entre o debajo de \u00e1rboles no muy densos\/cerrados) \/\/\/ <span style=\"text-decoration: underline\">Riego:<\/span> moderado \/\/\/\u00a0<span style=\"text-decoration: underline\">Fr\u00edo:<\/span> resistente \/\/\/ <span style=\"text-decoration: underline\">Plagas:<\/span> pulg\u00f3n, \u00e1caros del bulbo, escarabajos, trips (recomendamos combatir a estas plagas por intermedio de una pulverizaci\u00f3n o espolvoreo con el insecticida ecol\u00f3gico a base de Tierra de Diatomeas, en cualquier \u00e9poca del a\u00f1o) \/\/\/ <span style=\"text-decoration: underline\">Enfermedades:<\/span> moho gris y hongos varios<\/p>\n<p style=\"text-align: left\"><img loading=\"lazy\" decoding=\"async\" class=\"aligncenter wp-image-5839\" src=\"https:\/\/ecoyambiente.com\/wp-content\/uploads\/2016\/10\/LILIUM_LILUM-SP.jpg\" alt=\"lilium, lilum sp\" width=\"503\" height=\"381\" \/><\/p>\n<p style=\"text-align: center\">&#8212;&#8212;&#8212;&#8212;&#8212;&#8212;&#8211; \/\/\/\/\/\/\/\/\/\/ &#8212;&#8212;&#8212;&#8212;&#8212;&#8212;&#8211;<\/p>\n<h4 style=\"text-align: center\"><span style=\"color: #0000ff\">LIRIOPE_LIRIOPE SP.<\/span><\/h4>\n<p style=\"text-align: justify\">Pertenece a la familia de las Lili\u00e1ceas. Especie perenne con un rizoma carnoso.\u00a0Como suele no exceder los 20-30cm de altura, puede usarse como vistoso cubresuelo, en lugares abiertos y con bastante sol. El follaje arqueado forma un grupo denso, aunque es m\u00ednimo y desaparece entre las peque\u00f1as flores azules, violetas o p\u00farpuras, que se distribuyen a lo largo de los tallos carnosos. Florece a finales de verano o comienzo del oto\u00f1o \/\/\/ <u>Suelo:<\/u> se adapta a distintos tipos de suelos. No tolera el suelo encharcado \/\/\/ <u>Ubicaci\u00f3n:<\/u> media sombra, sombra parcial. Algunas variedades toleran el pleno sol \/\/\/ <span style=\"text-decoration: underline\">Riego:<\/span> moderado, tolera la sequ\u00eda \/\/\/ <u>Fr\u00edo:<\/u> muy resistente, aunque es conveniente protegerla con una capa de hojas en invierno. \/\/\/ <u>Plagas:<\/u> caracol ataca los brotes nuevos (recomendamos combatir a estas plagas por intermedio de una pulverizaci\u00f3n o espolvoreo con el insecticida ecol\u00f3gico a base de Tierra de Diatomeas, en cualquier \u00e9poca del a\u00f1o)<\/p>\n<p><img loading=\"lazy\" decoding=\"async\" class=\"aligncenter wp-image-5840\" src=\"https:\/\/ecoyambiente.com\/wp-content\/uploads\/2016\/10\/LIRIOPE_LIRIOPE-SP.jpg\" alt=\"liriope, liriope sp\" width=\"509\" height=\"385\" \/><\/p>\n<p style=\"text-align: center\">&#8212;&#8212;&#8212;&#8212;&#8212;&#8212;&#8211; \/\/\/\/\/\/\/\/\/\/ &#8212;&#8212;&#8212;&#8212;&#8212;&#8212;&#8211;<\/p>\n<h4 style=\"text-align: center\"><span style=\"color: #0000ff\">LOBELIA CARDINALIS<\/span><\/h4>\n<p style=\"text-align: justify\">Perteneciente a la familia de las Campanul\u00e1ceas. Es una herb\u00e1cea perenne. Dentro de esta especie las m\u00e1s conocidas son las variedades rastreras, que crecen en terrenos bien drenados. La Lobelia Cardinalis en cambio, es palustre, crece en sitios muy h\u00famedos, corrientes de agua y charcos, con sus ra\u00edces en el agua, los tallos y las flores se elevan por encima de ella. Es una planta muy ornamental, resistente y de crecimiento medio. Necesita mucha luz. Estos tallos pueden alcanzar y pasar 1mt de altura, en cada extremo crecer\u00e1n en racimos sus flores rojas. Posee hojas grandes de casi 20cm de largo, son alternas, el\u00edpticas u ovaladas, no muy largas y algo r\u00edgidas. Lo que m\u00e1s llama la atenci\u00f3n es la nervadura central, de color claro. El mayor crecimiento lo tiene durante los meses de primavera y oto\u00f1o. Luego de esta \u00e9poca de floraci\u00f3n es muy conveniente eliminar los rizomas viejos. Se recomienda que el suelo del fondo sea rico en nutrientes y tambi\u00e9n ser llenado con piedras, para que los ejemplares m\u00e1s altos no sean tirados por el viento \/\/\/ <u>Ubicaci\u00f3n:<\/u> pleno sol \/\/\/ <u>Fr\u00edo:<\/u> resistente.<\/p>\n<p><img loading=\"lazy\" decoding=\"async\" class=\"aligncenter size-full wp-image-5841\" src=\"https:\/\/ecoyambiente.com\/wp-content\/uploads\/2016\/10\/LOBELIA-CARDINALIS.jpg\" alt=\"lobelia cardinalis\" width=\"315\" height=\"420\" \/><\/p>\n<p style=\"text-align: center\">&#8212;&#8212;&#8212;&#8212;&#8212;&#8212;- \/\/\/\/\/\/\/\/\/\/ &#8212;&#8212;&#8212;&#8212;&#8212;&#8212;&#8211;<\/p>\n<h4 style=\"text-align: center\"><span style=\"color: #0000ff\">LOBELIA ERINUS<\/span><\/h4>\n<p style=\"text-align: justify\">Integra la familia de las Campanul\u00e1ceas. Planta anual de porte extendido muy ramificado, de f\u00e1cil cultivo. Variedad de lento crecimiento. Alcanza una altura aproximada de entre 15 a 20cm y un di\u00e1metro de 10 a 15cm. Posee hojas alternas, largas, con forma de esp\u00e1tula. Sus flores azules pueden presentarse en forma simple o dobles en abundancia cubriendo todo el follaje, hasta casi cubrirlo por completo. Florece durante todo el verano hasta el oto\u00f1o, mientras duren los d\u00edas c\u00e1lidos. Contiene propiedades medicinales. Se puede utilizar en jardines con pendientes, con piedras, tambi\u00e9n para cubrir distintos sectores del jard\u00edn y en macetas comunes y colgantes, en combinaci\u00f3n con otras plantas de igual \u00e9poca de floraci\u00f3n. Para ayudar a una nueva floraci\u00f3n, es recomendable retirarle los tallos una vez que concluya la misma. Se multiplica por tallos semile\u00f1osos en el oto\u00f1o y por semillas al final de la primavera \/\/\/ <span style=\"text-decoration: underline\">Suelo:<\/span> debe ser f\u00e9rtil (mezclar con arena y turba) y bien drenado, no soporta el encharcamiento \/\/\/ <span style=\"text-decoration: underline\">Ubicaci\u00f3n:<\/span> pleno sol, tolera la media sombra \/\/\/ <u>Riego:<\/u> moderado durante el crecimiento, luego muy frecuente \/\/\/ <u>Fr\u00edo:<\/u> poco resistente \/\/\/ <u>Plagas:<\/u> \u00e1caros, caracoles (recomendamos combatir a estas plagas por intermedio de una pulverizaci\u00f3n o espolvoreo con el insecticida ecol\u00f3gico a base de Tierra de Diatomeas, en cualquier \u00e9poca del a\u00f1o) \/\/\/ <u>Enfermedades:<\/u> roya.<\/p>\n<p><img loading=\"lazy\" decoding=\"async\" class=\"aligncenter wp-image-5842\" src=\"https:\/\/ecoyambiente.com\/wp-content\/uploads\/2016\/10\/LOBELIA-ERINUS.jpg\" alt=\"lobelia erinus\" width=\"513\" height=\"398\" \/><\/p>\n<p style=\"text-align: center\">&#8212;&#8212;&#8212;&#8212;&#8212;&#8212;- \/\/\/\/\/\/\/\/\/\/ &#8212;&#8212;&#8212;&#8212;&#8212;&#8212;&#8211;<\/p>\n<h4 style=\"text-align: center\"><span style=\"color: #0000ff\">LUDWIGIA_LUDWIGIA SP.<\/span><\/h4>\n<p style=\"text-align: justify\">De la familia de las Oleagr\u00e1ceas. Planta de acuario que puede llegar a ser arbustiva, a fines del verano. Muy resistente, duradera y de crecimiento moderadamente r\u00e1pido. Sus hojas var\u00edan seg\u00fan la especie, pueden ser lanceoladas anchas hasta el\u00edpticas estrechas. El color tambi\u00e9n var\u00eda entre verde rojizo y verde intenso. Para formar grupos compactos y ornamentales, la iluminaci\u00f3n tendr\u00e1 que ser intensa, con una temperatura del agua que no supere los 24\u00b0C. Si no tuviera una muy buena iluminaci\u00f3n, las hojas rojizas perder\u00edan parte de este color. Posee una notable floraci\u00f3n amarilla, seguida por la coloraci\u00f3n naranja o verde de los s\u00e9palos. Florece cuando hace calor, incluso en oto\u00f1o. El suelo jam\u00e1s debe secarse, siempre busca el agua, aqu\u00ed crece flotante. Se debe recortar para provocar su ramificaci\u00f3n \/\/\/ <u>Suelo:<\/u> siempre muy h\u00famedo \/\/\/ <u>Ubicaci\u00f3n:<\/u> pleno sol \/\/\/ <u>Riego:<\/u> abundante \/\/\/ <u>Fr\u00edo:<\/u> muy resistente.<\/p>\n<p><img loading=\"lazy\" decoding=\"async\" class=\"aligncenter size-full wp-image-5843\" src=\"https:\/\/ecoyambiente.com\/wp-content\/uploads\/2016\/10\/LUDWIGIA_LUDWIGIA-SP.jpg\" alt=\"ludwigia, ludwigia sp\" width=\"531\" height=\"419\" \/><\/p>\n<p style=\"text-align: center\">&#8212;&#8212;&#8212;&#8212;&#8212;&#8212;- \/\/\/\/\/\/\/\/\/\/ &#8212;&#8212;&#8212;&#8212;&#8212;&#8212;&#8211;<\/p>\n<h4 style=\"text-align: center\"><span style=\"color: #0000ff\">LUNARIA_LUNARIA ANNUA_PLANTA DE LA PLATA<\/span><\/h4>\n<p style=\"text-align: justify\">Pertenece a la familia de las Cruciferas. Esta herb\u00e1cea es muy ornamental debido a sus flores y sus vainas. Por su forma plana, plateada y redonda lleva tambi\u00e9n el nombre de moneda.\u00a0Especie perenne, muy resistente, de crecimiento medio y bastante r\u00fastica, dado que se adapta a todo tipo de clima y grado de luminosidad, aunque alcanza su mejor forma ubicada en media sombra. Posee tallos erectos que pueden alcanzar hasta 1mt de altura. Sus hojas son irregulares y dentadas. La floraci\u00f3n se presenta en primavera\/verano. Da peque\u00f1as flores blancas, rojas, azules o fucsias, de 4\/5 p\u00e9talos en racimos. Posteriormente, aparecen legumbres esf\u00e9ricas. Ideal para formar grupos y combinarla con otras plantas. Se puede cultivar en macetas, pero estas deben ser muy grandes para que pueda desarrollarse en plenitud. Se multiplica por semillas en primavera, se siembran directamente en la tierra, manteniendo siempre el suelo h\u00famedo \/\/\/ <u>Suelo:<\/u> f\u00e9rtil, buen drenaje, no encharcado \/\/\/ <u>Ubicaci\u00f3n:<\/u> media sombra, sombra, se puede adaptar a pleno sol \/\/\/ <u>Riego:<\/u> moderado, cuidando que la tierra no se seque \/\/\/ <u>Fr\u00edo:<\/u> muy resistente \/\/\/ <u>Plagas:<\/u> muy resistente \/\/\/ <u>Enfermedades:<\/u> muy resistente.<\/p>\n<p><img loading=\"lazy\" decoding=\"async\" class=\"aligncenter size-full wp-image-5844\" src=\"https:\/\/ecoyambiente.com\/wp-content\/uploads\/2016\/10\/LUNARIA_LUNARIA-ANNUA_PLANTA-DE-LA-PLATA.jpg\" alt=\"lunaria, lunaria annua, planta de la plata\" width=\"467\" height=\"428\" \/><\/p>\n<p style=\"text-align: center\">&#8212;&#8212;&#8212;&#8212;&#8212;&#8212;- \/\/\/\/\/\/\/\/\/\/ &#8212;&#8212;&#8212;&#8212;&#8212;&#8212;&#8211;<\/p>\n<h4 style=\"text-align: center\"><span style=\"color: #0000ff\">LUPINO_LUPINUS POLOPHYLLUS<\/span><\/h4>\n<p style=\"text-align: justify\">Integra la familia de las Leguminosas. Planta arbustiva, semiperenne y perenne. Suele agruparse de a varios ejemplares. Posee hojas compuestas, alternas y pecioladas. Su floraci\u00f3n se produce en verano, con flores en racimos, en forma de espiga y variados colores.\u00a0 Alcanza una altura aproximada de 1,2m y un di\u00e1metro cercano a los 50cm. Su reproducci\u00f3n se realiza por semillas en oto\u00f1o, o por gajos de sus tallos durante la primavera o el verano.\u00a0Se puede utilizar formando grupos aislados, bordeando caminos y jardines con pendientes \/\/\/ <u>Suelo:<\/u>\u00a0bien drenados y alcalino \/\/\/ <u>Ubicaci\u00f3n:<\/u> pleno sol \/\/\/ <u>Riego:<\/u> frecuentes durante la floraci\u00f3n, luego moderados. No tolera la sequ\u00eda \/\/\/ Fr\u00edo: muy resistente \/\/\/ <u>Plagas:<\/u> muy resistente \/\/\/ <u>Enfermedades:<\/u> mildiu y la atacan algunos virus.<\/p>\n<p><img loading=\"lazy\" decoding=\"async\" class=\"aligncenter size-full wp-image-5845\" src=\"https:\/\/ecoyambiente.com\/wp-content\/uploads\/2016\/10\/LUPINO_LUPINUS-POLOPHYLLUS.jpg\" alt=\"lupino lupinus polophyllus\" width=\"506\" height=\"415\" \/><\/p>\n<p style=\"text-align: center\">&#8212;&#8212;&#8212;&#8212;&#8212;&#8212;- \/\/\/\/\/\/\/\/\/\/ &#8212;&#8212;&#8212;&#8212;&#8212;&#8212;&#8211;<\/p>\n<h4 style=\"text-align: center\"><span style=\"color: #0000ff\">LYCHNIS_LYCHNIS CORONARIA_CLAVEL LANUDO<\/span><\/h4>\n<p style=\"text-align: justify\">Perteneciente a la familia de las Carolil\u00e1ceas.\u00a0Especie perenne, herb\u00e1cea, de floraci\u00f3n estival, puede alcanzar en plena floraci\u00f3n hasta los 80cm de altura. Sus hojas son lanceoladas y color verde gris\u00e1ceo. Se destaca por sus flores color fucsia que salen de la punta de los finos tallos grises. Tambi\u00e9n existen variedades de color rojo, rosa, blanco, etc. Suele agruparse de a varios ejemplares, por su colorido es ideal para cubrir distintos sectores del jard\u00edn, jardines con piedras o en pendiente y macetas. La multiplicaci\u00f3n se realiza por semillas en primavera o por divisi\u00f3n en oto\u00f1o\/primavera. Es muy recomendable quitar las flores secas \/\/\/ <u>Suelo:<\/u> bien drenado, soporta un suelo calc\u00e1reo \/\/\/ <u>Ubicaci\u00f3n:<\/u> pleno sol \/\/\/ <u>Riego:<\/u> moderado a frecuente, siempre debe estar h\u00fameda la tierra \/\/\/ <u>Fr\u00edo:<\/u> muy resistente \/\/\/ <u>Plagas:<\/u> pulg\u00f3n y mosca blanca (recomendamos combatir a estas plagas por intermedio de una pulverizaci\u00f3n o espolvoreo con el insecticida ecol\u00f3gico a base de Tierra de Diatomeas, en cualquier \u00e9poca del a\u00f1o) \/\/\/ <u>Enfermedades:<\/u> muy resistente.<\/p>\n<p><img loading=\"lazy\" decoding=\"async\" class=\"aligncenter size-full wp-image-5846\" src=\"https:\/\/ecoyambiente.com\/wp-content\/uploads\/2016\/10\/LYCHNIS_LYCHNIS-CORONARIA_CLAVEL-LANUDO.jpg\" alt=\"lychnis, lychnis coronaria, clavel lanudo\" width=\"390\" height=\"293\" \/><\/p>\n<p style=\"text-align: center\">&#8212;&#8212;&#8212;&#8212;&#8212;&#8212;- \/\/\/\/\/\/\/\/\/\/ &#8212;&#8212;&#8212;&#8212;&#8212;&#8212;&#8211;<\/p>\n<h4><span style=\"color: #ff0000\">Elabor\u00f3: Eco y Ambiente, venta y distribuci\u00f3n: Insecticida Ecol\u00f3gico Por Fin (Tierra de Diatomeas)<\/span><\/h4>\n<h4><span style=\"color: #ff0000\">Para m\u00e1s informaci\u00f3n sobre el Insecticida Ecol\u00f3gico Por Fin (Tierra de Diatomeas) ingresar en:\u00a0<a style=\"color: #ff0000\" href=\"https:\/\/ecoyambiente.com\/?page_id=59\">https:\/\/ecoyambiente.com\/?page_id=59<\/a><\/span><\/h4>\n<p style=\"text-align: center\">&#8212;&#8212;&#8212;&#8212;&#8212;&#8212;&#8211; 0000000000 &#8212;&#8212;&#8212;&#8212;&#8212;&#8212;&#8211;<\/p>\n<h3 style=\"text-align: justify\"><span style=\"color: #0000ff\">Recordar que Insecticida ecol\u00f3gico Por Fin no es un veneno, no deja olor desagradable, no es toxico, posee un prolongado efecto residual (m\u00e1s de 6 meses), cuando es aplicado en interiores que no se hallan expuestos a lluvias y \u201cno presenta riesgo alguno para personas, animales y plantas \u201c.<\/span><\/h3>\n<h3 style=\"text-align: center\"><span style=\"color: #0000ff\">Por Fin est\u00e1 pensado para conservar la armon\u00eda con el medio ambiente.<\/span><\/h3>\n<p style=\"text-align: center\">&#8212;&#8212;&#8212;&#8212;&#8212;&#8212;&#8211; 0000000000 &#8212;&#8212;&#8212;&#8212;&#8212;&#8212;&#8211;<\/p>\n","protected":false},"excerpt":{"rendered":"<p>Existe en internet much\u00edsima informaci\u00f3n sobre flores, plantas, \u00e1rboles, arbustos y sobre el jard\u00edn en general y libros con excelentes consejos para lograr muy buenos resultados, pero hay un detalle que no es menor, mucho de lo publicado e impreso es importado. Por lo tanto es dif\u00edcil encontrar publicaciones que informen sobre los ejemplares que [&hellip;]<\/p>\n","protected":false},"author":2,"featured_media":0,"comment_status":"open","ping_status":"closed","sticky":false,"template":"","format":"standard","meta":{"footnotes":""},"categories":[181],"tags":[391,1364,2613,2223,2059,2614,2615,567,2616,907,86,47,2617,977,2544,2618,2619,2620,2621,2300,2622,1892,2623,2624,2625,2626,1491,1492,2627,2628,2629,2630,2631,2632,2633,2634,2306,1301,2205,25,2635,2636,110,801,57,122,2637],"class_list":["post-5832","post","type-post","status-publish","format-standard","hentry","category-tips-de-jardineria","tag-acaros","tag-azucena","tag-bandera-espanola","tag-campanulaceas","tag-caracol","tag-carolilacea","tag-clavel-lanudo","tag-cochinilla","tag-crucifera","tag-escarabajos","tag-fumagina","tag-insecticida-ecologico","tag-isotoma","tag-lantana","tag-lantana-camara","tag-laurentia","tag-laurentia-axillaris","tag-lavatera","tag-lavatera-sp","tag-leguminosas","tag-lepidopteras","tag-liliaceas","tag-lilium","tag-lilum-sp","tag-liriope","tag-liriope-sp","tag-lobelia-cardinalis","tag-lobelia-erinus","tag-ludwigia","tag-ludwigia-sp","tag-lunaria","tag-lunaria-annua","tag-lupino","tag-lupinus-polophyllus","tag-lychnis","tag-lychnis-coronaria","tag-malvaceas","tag-mildiu","tag-moho-gris","tag-mosca-blanca","tag-oleagraceas","tag-planta-de-la-plata","tag-pulgon","tag-roya","tag-tierra-de-diatomeas","tag-trips","tag-verbenaceas"],"acf":[],"_links":{"self":[{"href":"https:\/\/ecoyambiente.com\/index.php?rest_route=\/wp\/v2\/posts\/5832","targetHints":{"allow":["GET"]}}],"collection":[{"href":"https:\/\/ecoyambiente.com\/index.php?rest_route=\/wp\/v2\/posts"}],"about":[{"href":"https:\/\/ecoyambiente.com\/index.php?rest_route=\/wp\/v2\/types\/post"}],"author":[{"embeddable":true,"href":"https:\/\/ecoyambiente.com\/index.php?rest_route=\/wp\/v2\/users\/2"}],"replies":[{"embeddable":true,"href":"https:\/\/ecoyambiente.com\/index.php?rest_route=%2Fwp%2Fv2%2Fcomments&post=5832"}],"version-history":[{"count":0,"href":"https:\/\/ecoyambiente.com\/index.php?rest_route=\/wp\/v2\/posts\/5832\/revisions"}],"wp:attachment":[{"href":"https:\/\/ecoyambiente.com\/index.php?rest_route=%2Fwp%2Fv2%2Fmedia&parent=5832"}],"wp:term":[{"taxonomy":"category","embeddable":true,"href":"https:\/\/ecoyambiente.com\/index.php?rest_route=%2Fwp%2Fv2%2Fcategories&post=5832"},{"taxonomy":"post_tag","embeddable":true,"href":"https:\/\/ecoyambiente.com\/index.php?rest_route=%2Fwp%2Fv2%2Ftags&post=5832"}],"curies":[{"name":"wp","href":"https:\/\/api.w.org\/{rel}","templated":true}]}}