{"id":5571,"date":"2016-09-07T16:17:28","date_gmt":"2016-09-07T19:17:28","guid":{"rendered":"http:\/\/ecoyambiente.com\/?p=5571"},"modified":"2016-09-07T16:17:28","modified_gmt":"2016-09-07T19:17:28","slug":"listado-de-plantas-con-flores-que-pueden-cultivarse-en-argentina-letra-i","status":"publish","type":"post","link":"https:\/\/ecoyambiente.com\/?p=5571","title":{"rendered":"Listado de plantas con &#8220;Flores&#8221; que pueden cultivarse en Argentina, letra &#8220;I&#8221;"},"content":{"rendered":"<p style=\"text-align: justify\">Es dif\u00edcil encontrar publicaciones que informen sobre los ejemplares que se pueden cultivar en nuestro pa\u00eds (Argentina), lo que se informa es global y mucho se refiere a especies dif\u00edciles de encontrar aqu\u00ed o poco aptas para nuestros climas y suelos.<\/p>\n<p style=\"text-align: justify\">Debido a esto, iremos publicando en sucesivas notas muchas de las variedades disponibles en el pa\u00eds. Para ello listaremos las plantas alfab\u00e9ticamente, cada una con su descripci\u00f3n, cuidados que se deben tener en cuanto al tipo de suelo, riego, sol y resistencia al fr\u00edo.<\/p>\n<p style=\"text-align: justify\">Por eso, aunque nuestro ritmo de vida sea muy acelerado, cuando vamos a incorporar una planta a nuestro jard\u00edn, debemos tomarnos un tiempo para elegirla, ver con qu\u00e9 tipo de suelo contamos, cuantas horas de sol hay en el lugar, seg\u00fan la superficie a cubrir cuanto crecer\u00e1 nuestro ejemplar, cual es su necesidad y caracter\u00edstica, en fin, no es dif\u00edcil tener un excelente jard\u00edn, solo debemos dedicarle tiempo. Seguramente una buena planificaci\u00f3n y elecci\u00f3n al comienzo nos aportara al poco tiempo muchas satisfacciones.<\/p>\n<pre style=\"text-align: center\"><strong><span style=\"color: #ffff00\"><span style=\"font-family: arial,helvetica,sans-serif;font-size: medium\"><span style=\"color: #ffcc00\">\u00a0<\/span><span style=\"background-color: #ff0000\"><span style=\"color: #ffcc00\">\u00a0 PLANTAS: LETRA \" I \"<\/span> \u00a0<\/span><\/span><\/span><\/strong><\/pre>\n<p style=\"text-align: justify\"><span style=\"color: #ff0000\"><span style=\"text-decoration: underline\">IBERIS_IBERIS UMBELLATA:<\/span><strong>\u00a0<\/strong><\/span>Esta especie es anual, crece de 30-50cm de altura, sus tallos son erectos, ramificados sobre todo en el extremo. Las hojas tienen forma lanceolada en la parte baja, luego larga y con bordes paralelos. Sus flores son blancas con manchas bordo, florecen desde mediados de la primavera y durante todo el verano si se escalona la siembra. Dependiendo de la variedad sus flores pueden ser de color rojo, lavanda y rosas en varios tonos.\u00a0La multiplicaci\u00f3n se puede realizar de esta manera: Perennes subarbustivas por divisi\u00f3n de matas en oto\u00f1o. o tambi\u00e9n por medio de esquejes semile\u00f1osos, extrayendo en verano ramitas del a\u00f1o, de unos 5cm. Las pl\u00e1ntulas se instalan definitivamente a finales de invierno. Si se cultivan en un suelo muy pobre, se deber\u00e1 a\u00f1adir al agua de riego, cada 30-40 d\u00edas un abono compuesto (en nuestro caso las diatomeas cumplen esta funci\u00f3n perfectamente, aportando naturalmente los minerales faltantes) \/\/ Suelo: bien drenado; se adaptan a un suelo poco f\u00e9rtil y de humedad limitada \/\/ Ubicaci\u00f3n: pleno sol \/\/ Riego: escaso, resisten las sequ\u00edas \/\/ Fr\u00edo: resistente, soportan hasta -6\u00b0C \/\/ Plagas y enfermedades: cochinilllas. Distintos hongos que atacan sus ra\u00edces.<\/p>\n<p style=\"text-align: justify\"><img loading=\"lazy\" decoding=\"async\" class=\"aligncenter size-full wp-image-5573\" src=\"https:\/\/ecoyambiente.com\/wp-content\/uploads\/2016\/09\/Iberis_Iberis-Umbellata.jpg\" alt=\"Iberis_Iberis Umbellata\" width=\"426\" height=\"408\" \/><\/p>\n<p style=\"text-align: center\">&#8212;&#8212;&#8212;- 00000 &#8212;&#8212;&#8212;-<\/p>\n<p style=\"text-align: justify\"><span style=\"color: #ff0000\"><span style=\"text-decoration: underline\">IPHEION_IPHEION UNIFLORUM:<\/span><strong>\u00a0<\/strong><\/span>Perteneciente a la familia de las Lili\u00e1ceas. Es originaria de nuestro pa\u00eds (Argentina). Especie bulbosa, m\u00e1s bien baja, puede alcanzar hasta 20cm de altura, con tallos que sostienen peque\u00f1as flores que pueden ser de color violeta, blanco o azul, de no m\u00e1s de 5cm de di\u00e1metro, con forma de estrella, de 6 p\u00e9talos cada una, en tonos alilados y muy arom\u00e1ticas. La \u00e9poca de floraci\u00f3n es la primavera. Sus hojas son alargadas y delgadas, su color es el verde claro. Suele formar matas grandes, por lo tanto es conveniente, por ejemplo cada 2 a\u00f1os y al final del verano, separar las mismas para su multiplicaci\u00f3n \/\/ Suelo: f\u00e9rtil y bien drenado \/\/ Ubicaci\u00f3n: pleno sol \/\/ Riego: moderado (aunque el suelo debe estar siempre h\u00famedo), no soporta el encharcamiento \/\/ Fr\u00edo: muy resistente, se debe proteger de los vientos \/\/ Plagas y enfermedades: pulg\u00f3n, trips, mosca de los bulbos, nematodos. Es atacada por varios tipos de hongos.<\/p>\n<p><img loading=\"lazy\" decoding=\"async\" class=\"aligncenter wp-image-5584\" src=\"https:\/\/ecoyambiente.com\/wp-content\/uploads\/2016\/09\/Ipheion_Ipheion-uniflorum.jpg\" alt=\"Ipheion_Ipheion uniflorum\" width=\"458\" height=\"369\" \/><\/p>\n<p style=\"text-align: center\">&#8212;&#8212;&#8212;- 00000 &#8212;&#8212;&#8212;-<\/p>\n<p style=\"text-align: justify\"><span style=\"text-decoration: underline;color: #ff0000\">IRIS ENSATA_IRIS DE AGUA:<\/span><strong>\u00a0<\/strong>De la familia de las Irid\u00e1ceas. Tambi\u00e9n conocida como Iris Kaempheri. Especie rizomatosa, perenne, de floraci\u00f3n primaveral y estival, puede alcanzar los 50cm altura y de 80 a 100cm de ancho. Posee flores chatas y muy abiertas, a diferencia de la Iris Louisiana, son de color azul claro, con el centro blanco y amarillo. Es de desarrollo vertical. La multiplicaci\u00f3n se realiza por divisi\u00f3n de rizomas, a fines de verano o por semillas durante el oto\u00f1o. Se planta en agua o en terrenos encharcados. Por lo general, las hojas son acintadas y est\u00e1n dispuestas en abanico. Para que los tallos no se quiebren, hay que protegerlos de los vientos fuertes \/\/ Suelo: neutro o pH \u00e1cido \/\/\u00a0Ubicaci\u00f3n: pleno sol \/\/ Riego: frecuente, el suelo debe estar siempre h\u00famedo \/\/ Fr\u00edo: resistente, soporta heladas \/\/ Plagas y enfermedades: pulg\u00f3n, trips, mosca de los bulbos y los rizomas, nematodos. Es atacada por varios tipos de hongos.<\/p>\n<p style=\"text-align: justify\"><img loading=\"lazy\" decoding=\"async\" class=\"aligncenter size-full wp-image-5585\" src=\"https:\/\/ecoyambiente.com\/wp-content\/uploads\/2016\/09\/Iris-ensata_Iris-de-agua.jpg\" alt=\"Iris ensata_Iris de agua\" width=\"353\" height=\"405\" \/><\/p>\n<p style=\"text-align: center\">&#8212;&#8212;&#8212;- 00000 &#8212;&#8212;&#8212;-<\/p>\n<p style=\"text-align: justify\"><span style=\"text-decoration: underline\"><span style=\"color: #ff0000;text-decoration: underline\">IRIS BARBADO_LIRIO BARBADO_IRIS GERMANICA:<\/span><\/span><strong>\u00a0<\/strong>De la familia de las Irid\u00e1ceas. Especie que nace de rizoma, un tipo de tallo subterr\u00e1neo, rastrero. Su tama\u00f1o es variable y va de los 45cm al metro de altura. Los rizomas se plantan al final del verano y cerca de la superficie de la tierra. La variedad de colores es muy amplia. Sus hojas de color verde son acintadas y pueden medir de 30\/40cm de largo y de 2\/3cm de ancho. Posee flores grandes, arom\u00e1ticas y de variados colores. Es conveniente retirar las flores secas. Debe dividirse cada 3 o 4 a\u00f1os, preferentemente luego de la floraci\u00f3n. \u00a0Es importante fertilizarlo, porque el periodo de crecimiento es limitado y podr\u00eda arruinarse \/\/ Suelo: algo calc\u00e1reo, f\u00e9rtil y bien drenado. No soporta el encharcamiento \/\/ Ubicaci\u00f3n: conveniente a pleno sol, tolera la media sombra \/\/ Riego: moderado durante la floraci\u00f3n, luego escaso \/\/ Fr\u00edo: muy resistente. Soporta las heladas \/\/ Plagas y enfermedades: pulgones, mosca de los rizomas o bulbos, trips, nematodos, babosas y caracoles \/\/ Roya, podredumbre por exceso de agua, distintos hongos.<\/p>\n<p><img loading=\"lazy\" decoding=\"async\" class=\"aligncenter wp-image-5586\" src=\"https:\/\/ecoyambiente.com\/wp-content\/uploads\/2016\/09\/Iris-barbado_Lirio-barbado_Iris-g\u00e9rmanica.jpg\" alt=\"is barbado_Lirio barbado_Iris g\u00e9rmanica\" width=\"395\" height=\"351\" \/><\/p>\n<p style=\"text-align: center\">&#8212;&#8212;&#8212;- 00000 &#8212;&#8212;&#8212;-<\/p>\n<p style=\"text-align: justify\"><span style=\"text-decoration: underline\"><span style=\"color: #ff0000;text-decoration: underline\">IRIS LOUISIANA_ IRIS LOUISIANA_CLARA GOULA:<\/span><\/span><strong>\u00a0<\/strong>Pertenece a la familia de las Irid\u00e1ceas. Esta variedad de planta rizomatosa da flores de un blanco puro, muy abiertas. Es una planta de gran tama\u00f1o, que puede medir hasta 1,50mt de altura y desarrollar una gran floraci\u00f3n. La ventaja de los Iris Louisiana es que se pueden combinar con otras plantas, por ejemplo con helechos en invierno y con herb\u00e1ceas perennes, en canteros de primavera. Es recomendable retirar las flores secas. Su propagaci\u00f3n es por divisi\u00f3n de matas \/\/ Suelo: muy h\u00famedo \/\/ Ubicaci\u00f3n: plenos sol \/\/ Riego: moderado \/\/ Fr\u00edo: resistente \/\/ Plagas y enfermedades: trips, mosca de los rizomas o bulbos, pulgones, babosas, caracoles y nematodos. Podredumbre por exceso de agua, distintos hongos y roya.<\/p>\n<p><img loading=\"lazy\" decoding=\"async\" class=\"aligncenter size-full wp-image-5587\" src=\"https:\/\/ecoyambiente.com\/wp-content\/uploads\/2016\/09\/Iris-Louisiana_-Iris-Louisiana-Clara-Goula.jpg\" alt=\"Iris Louisiana_ Iris Louisiana_Clara Goula\" width=\"384\" height=\"258\" \/><\/p>\n<p style=\"text-align: center\">&#8212;&#8212;&#8212;- 00000 &#8212;&#8212;&#8212;-<\/p>\n<p><u><span style=\"color: #ff0000\">IRIS LOUISIANA_ IRIS LOUISIANA_FREDDIE BOY:<\/span>\u00a0<\/u>De la familia de las Irid\u00e1ceas. Se destaca por sus flores color bordo, de gran tama\u00f1o y sus largos tallos, que llegan a medir de 50cm hasta 1,20mt de alto. Es muy atractiva para las abejas, aves y mariposas. Como este tipo de Iris es originario de los terrenos bajos, h\u00famedos y fangosos de la ciudad norteamericana de Louisiana, necesita que se le reproduzcan las condiciones de su h\u00e1bitat natural. \u00a0Por eso, crece bien en estanques. Multiplicaci\u00f3n por divisi\u00f3n de rizomas \/\/ Suelo: algo \u00e1cido, muy h\u00famedo \/\/ Ubicaci\u00f3n: pleno sol \/\/ Riego: muy abundante \/\/ Fr\u00edo: resistente \/\/ Plagas y enfermedades: trips, mosca de los rizomas o bulbos, pulgones, babosas, caracoles y nematodos. Distintos hongos, moho gris y roya.<\/p>\n<p><img loading=\"lazy\" decoding=\"async\" class=\"aligncenter size-full wp-image-5588\" src=\"https:\/\/ecoyambiente.com\/wp-content\/uploads\/2016\/09\/Iris-Louisiana_-Iris-Louisiana-Freddie-Boy.jpg\" alt=\"Iris Louisiana_ Iris Louisiana Freddie Boy\" width=\"392\" height=\"293\" \/><\/p>\n<p style=\"text-align: center\">&#8212;&#8212;&#8212;- 00000 &#8212;&#8212;&#8212;-<\/p>\n<p><span style=\"text-decoration: underline\"><span style=\"color: #ff0000;text-decoration: underline\">IRIS LOUISIANA_ IRIS LOUISIANA JERI:<\/span><\/span><strong>\u00a0<\/strong>Perteneciente a la familia de las Irid\u00e1ceas. Es una variedad de r\u00e1pido crecimiento, que da flores completamente azules o violentas. Alcanza una altura m\u00e1xima de 80cm. Se la recomienda para cultivar en las orillas de los estanques o en jardines acu\u00e1ticos y de aspecto silvestre. Propagaci\u00f3n por divisi\u00f3n de rizomas \/\/ Suelo: siempre h\u00famedo \/\/ Ubicaci\u00f3n: pleno sol \/\/ Riego: abundante \/\/ Fr\u00edo: resistente \/\/ Plagas y enfermedades: Plagas y enfermedades: trips, mosca de los rizomas o bulbos, pulgones, babosas, caracoles y nematodos. Distintos hongos, roya y moho gris<\/p>\n<p><img loading=\"lazy\" decoding=\"async\" class=\"aligncenter wp-image-5589\" src=\"https:\/\/ecoyambiente.com\/wp-content\/uploads\/2016\/09\/Iris-Louisiana_-Iris-Louisiana-Jeri.jpg\" alt=\"Iris Louisiana_ Iris Louisiana Jeri\" width=\"404\" height=\"358\" \/><\/p>\n<p style=\"text-align: center\">&#8212;&#8212;&#8212;- 00000 &#8212;&#8212;&#8212;-<\/p>\n<p><span style=\"text-decoration: underline;color: #ff0000\">IRIS PSEUDOACORUS_LIRIO AMARILLO:<\/span><strong>\u00a0<\/strong>Integrante de la familia de las Irid\u00e1ceas. Planta herb\u00e1cea que nace en rizoma y alcanza una altura de hasta 1,5mt. Los tallos a diferencia de otras variedades, son ramificados y dan un m\u00e1ximo de 12 flores de color amarillo. Sus hojas son planas, acintadas, los frutos son c\u00e1psulas algo alargadas. Florece en la primera semana de la primavera. Se las encuentra en lugares muy h\u00famedos, a orillas de lagunas o r\u00edos. De f\u00e1cil cultivo, si se la mantiene con riegos frecuentes, se puede cultivar en macetas \/\/ Suelo: muy h\u00famedos, encharcados. F\u00e9rtil y algo acido \/\/ Ubicaci\u00f3n: sombra \/\/ Riego: abundante \/\/ Fr\u00edo: poco resistente \/\/ Plagas y enfermedades: Plagas y enfermedades: trips, mosca de los rizomas o bulbos, pulgones, babosas, caracoles y nematodos. Roya, moho gris y distintos hongos.<\/p>\n<p><img loading=\"lazy\" decoding=\"async\" class=\"aligncenter wp-image-5590\" src=\"https:\/\/ecoyambiente.com\/wp-content\/uploads\/2016\/09\/Iris-pseudoacorus_-Lirio-amarillo.jpg\" alt=\"\" width=\"355\" height=\"413\" \/><\/p>\n<p style=\"text-align: center\">&#8212;&#8212;&#8212;- 00000 &#8212;&#8212;&#8212;-<\/p>\n<p><span style=\"color: #ff0000\">Elabor\u00f3: Eco y Ambiente, venta y distribuci\u00f3n: Insecticida Ecol\u00f3gico Por Fin<\/span><\/p>\n<p><span style=\"color: #ff0000\">Para m\u00e1s informaci\u00f3n sobre el Insecticida Ecol\u00f3gico Por Fin (Tierra de Diatomeas) ingresar en:\u00a0<a style=\"color: #ff0000\" href=\"https:\/\/ecoyambiente.com\/?page_id=59\">https:\/\/ecoyambiente.com\/?page_id=59<\/a><\/span><\/p>\n<p style=\"text-align: center\">&#8212;&#8212;&#8212;&#8212;&#8212;&#8212;&#8211; 0000000000 &#8212;&#8212;&#8212;&#8212;&#8212;&#8212;&#8211;<\/p>\n<h3 style=\"text-align: justify\">Recordar que Insecticida ecol\u00f3gico Por Fin no es un veneno, no deja olor desagradable, no es toxico, posee un prolongado efecto residual (m\u00e1s de 6 meses), cuando es aplicado en interiores que no se hallan expuestos a lluvias y &#8220;no presenta riesgo alguno para personas, animales y plantas&#8221;.<\/h3>\n<h3 style=\"text-align: center\">Por Fin est\u00e1 pensado para conservar la armon\u00eda con el medio ambiente.<\/h3>\n<p style=\"text-align: center\">&#8212;&#8212;&#8212;&#8212;&#8212;&#8212;&#8211; 0000000000 &#8212;&#8212;&#8212;&#8212;&#8212;&#8212;&#8211;<\/p>\n","protected":false},"excerpt":{"rendered":"<p>Es dif\u00edcil encontrar publicaciones que informen sobre los ejemplares que se pueden cultivar en nuestro pa\u00eds (Argentina), lo que se informa es global y mucho se refiere a especies dif\u00edciles de encontrar aqu\u00ed o poco aptas para nuestros climas y suelos. Debido a esto, iremos publicando en sucesivas notas muchas de las variedades disponibles en [&hellip;]<\/p>\n","protected":false},"author":2,"featured_media":0,"comment_status":"open","ping_status":"closed","sticky":false,"template":"","format":"standard","meta":{"footnotes":""},"categories":[181],"tags":[152,1959,2480,2481,119,2482,2483,47,1209,2484,1380,2179,2485,2486,2487,518,519,2488,2489,2490,2491,1892,2492,2493,2494,2439,2495,2496,110,801,57,122],"class_list":["post-5571","post","type-post","status-publish","format-standard","hentry","category-tips-de-jardineria","tag-babosas","tag-caracoles","tag-clara-goula","tag-especie-rizomatosa","tag-flores","tag-iberis","tag-iberis-umbellata","tag-insecticida-ecologico","tag-insecticida-ecologico-por-fin","tag-ipheion","tag-ipheion-uniflorum","tag-iridaceas","tag-iris-barbado","tag-iris-de-agua","tag-iris-ensata","tag-iris-germanica","tag-iris-kaempheri","tag-iris-louisiana","tag-iris-louisiana-freddie-boy","tag-iris-louisiana-jeri","tag-iris-pseudoacorus","tag-liliaceas","tag-lirio-amarillo","tag-lirio-barbado","tag-mosca-de-los-bulbos","tag-nematodos","tag-perennes-subarbustivas","tag-planta-herbacea","tag-pulgon","tag-roya","tag-tierra-de-diatomeas","tag-trips"],"acf":[],"_links":{"self":[{"href":"https:\/\/ecoyambiente.com\/index.php?rest_route=\/wp\/v2\/posts\/5571","targetHints":{"allow":["GET"]}}],"collection":[{"href":"https:\/\/ecoyambiente.com\/index.php?rest_route=\/wp\/v2\/posts"}],"about":[{"href":"https:\/\/ecoyambiente.com\/index.php?rest_route=\/wp\/v2\/types\/post"}],"author":[{"embeddable":true,"href":"https:\/\/ecoyambiente.com\/index.php?rest_route=\/wp\/v2\/users\/2"}],"replies":[{"embeddable":true,"href":"https:\/\/ecoyambiente.com\/index.php?rest_route=%2Fwp%2Fv2%2Fcomments&post=5571"}],"version-history":[{"count":0,"href":"https:\/\/ecoyambiente.com\/index.php?rest_route=\/wp\/v2\/posts\/5571\/revisions"}],"wp:attachment":[{"href":"https:\/\/ecoyambiente.com\/index.php?rest_route=%2Fwp%2Fv2%2Fmedia&parent=5571"}],"wp:term":[{"taxonomy":"category","embeddable":true,"href":"https:\/\/ecoyambiente.com\/index.php?rest_route=%2Fwp%2Fv2%2Fcategories&post=5571"},{"taxonomy":"post_tag","embeddable":true,"href":"https:\/\/ecoyambiente.com\/index.php?rest_route=%2Fwp%2Fv2%2Ftags&post=5571"}],"curies":[{"name":"wp","href":"https:\/\/api.w.org\/{rel}","templated":true}]}}