{"id":5013,"date":"2016-04-14T15:09:52","date_gmt":"2016-04-14T18:09:52","guid":{"rendered":"http:\/\/ecoyambiente.com\/?p=5013"},"modified":"2016-04-14T15:09:52","modified_gmt":"2016-04-14T18:09:52","slug":"como-hacer-un-invernadero-paso-a-paso-para-el-jardin","status":"publish","type":"post","link":"https:\/\/ecoyambiente.com\/?p=5013","title":{"rendered":"C\u00f3mo hacer un invernadero paso a paso para el jard\u00edn."},"content":{"rendered":"<header class=\"entry-header\">\n<h2 class=\"entry-title\"><strong><span style=\"color: #008000\">INVERNADERO TERMINADO<\/span><\/strong><\/h2>\n<h2 class=\"entry-title\"><img loading=\"lazy\" decoding=\"async\" class=\"aligncenter size-full wp-image-5024\" src=\"https:\/\/ecoyambiente.com\/wp-content\/uploads\/2016\/04\/cadena-1.jpg\" alt=\"Invernadero\" width=\"300\" height=\"200\" \/><\/h2>\n<\/header>\n<div id=\"publicosmo\" class=\"entry-content\">\n<p>Esta es un buena forma para colaborar con el crecimiento de los cultivos y poder darles un lugar de desarrollo m\u00e1s apropiado, por ej: protegerlas del fr\u00edo, \u00a0del excesivo viento, brindarles una mayor temperatura, otro beneficio es que se pueden utilizar las semillas con antelaci\u00f3n durante la estaci\u00f3n de descanso brind\u00e1ndoles un ambiente controlado, sin correr riesgos a perder todo el cultivo por situaciones inesperadas como las que ocurren al aire libre.<\/p>\n<p>La atracci\u00f3n del invernadero es que podamos extender la estaci\u00f3n de crecimiento. Esto es especialmente deseable en climas muy fr\u00edos en los que las \u00e9pocas favorables para el crecimiento de las plantas duran pocos meses, lo que no alcanza para que algunos vegetales puedan desarrollarse y ser cosechados. Para lograr esto, podremos fabricar nuestro propio invernadero para el jard\u00edn.<\/p>\n<p><span style=\"color: #008000\"><b>Construcci\u00f3n de un peque\u00f1o invernadero en nuestro jard\u00edn.<\/b><\/span><\/p>\n<p>1- Es recomendable nivelar la tierra antes de ensamblarlos. Las medidas de las maderas son de 1,5 metros de largo x 4cm de espesor x 24 cm. Las maderas m\u00e1s largas miden 2,4 metros. Estas medidas pueden variar de acuerdo los lugares a ocupar y a nuestras necesidades.<\/p>\n<div><a href=\"http:\/\/www.lavidalucida.com\/wp-content\/uploads\/2014\/04\/IMG_5095-1.jpg\"><img decoding=\"async\" class=\"aligncenter\" src=\"http:\/\/www.lavidalucida.com\/wp-content\/uploads\/2014\/04\/IMG_5095-1-300x179.jpg\" alt=\"\" border=\"0\" \/><\/a><\/div>\n<p>C\u00f3mo se ve en la imagen donde dice \u201cUniones de tablas\u201d, muestra como ensamblar las maderas, para una forma m\u00e1s simple se puede utilizar clavos, atornillar los lados desde afuera o utilizar escuadras, existen de distintas medidas y formas.<\/p>\n<div><img loading=\"lazy\" decoding=\"async\" class=\"aligncenter size-full wp-image-5017\" src=\"https:\/\/ecoyambiente.com\/wp-content\/uploads\/2016\/04\/Maderas-base-y-Uniones.jpg\" alt=\"Maderas base y Uniones\" width=\"300\" height=\"195\" \/><\/div>\n<\/div>\n<div><img loading=\"lazy\" decoding=\"async\" class=\"size-full wp-image-5018 alignleft\" src=\"https:\/\/ecoyambiente.com\/wp-content\/uploads\/2016\/04\/Escuadr-3.jpg\" alt=\"Escuadra\" width=\"227\" height=\"222\" \/><\/div>\n<div><\/div>\n<div><\/div>\n<div><img loading=\"lazy\" decoding=\"async\" class=\"wp-image-5019 alignleft\" src=\"https:\/\/ecoyambiente.com\/wp-content\/uploads\/2016\/04\/Escuadra.jpg\" alt=\"Escuadra\" width=\"147\" height=\"168\" \/><\/div>\n<div><\/div>\n<div><\/div>\n<div><\/div>\n<div><\/div>\n<div><\/div>\n<div id=\"publicosmo\" class=\"entry-content\">\n<div><\/div>\n<p>&nbsp;<\/p>\n<p>Paso siguiente tenemos que \u00a0crear un marco superior, de 40mm x 40mm (4cm) de espesor.<\/p>\n<div><a href=\"http:\/\/www.lavidalucida.com\/wp-content\/uploads\/2014\/04\/IMG_5099-1.jpg\"><img decoding=\"async\" src=\"http:\/\/www.lavidalucida.com\/wp-content\/uploads\/2014\/04\/IMG_5099-1-300x200.jpg\" alt=\"\" border=\"0\" \/><\/a><\/div>\n<div><a href=\"http:\/\/www.lavidalucida.com\/wp-content\/uploads\/2014\/04\/IMG_5101-1.jpg\"><img decoding=\"async\" src=\"http:\/\/www.lavidalucida.com\/wp-content\/uploads\/2014\/04\/IMG_5101-1-300x200.jpg\" alt=\"\" border=\"0\" \/><\/a><\/div>\n<p>A continuaci\u00f3n adjuntamos ca\u00f1er\u00eda de Pvc de 1\/2&#8243; de 3 metros para crear los arcos.<\/p>\n<div><a href=\"http:\/\/www.lavidalucida.com\/wp-content\/uploads\/2014\/04\/IMG_5107-1.jpg\"><img decoding=\"async\" src=\"http:\/\/www.lavidalucida.com\/wp-content\/uploads\/2014\/04\/IMG_5107-1-300x237.jpg\" alt=\"\" border=\"0\" \/><\/a><\/div>\n<p>Como muestra la imagen a continuaci\u00f3n se debe poner una abrazadera a los ca\u00f1os de pvc para sujetarlos.<\/p>\n<div><a href=\"http:\/\/www.lavidalucida.com\/wp-content\/uploads\/2014\/04\/IMG_5104-2.jpg\"><img decoding=\"async\" src=\"http:\/\/www.lavidalucida.com\/wp-content\/uploads\/2014\/04\/IMG_5104-2-300x200.jpg\" alt=\"\" border=\"0\" \/><\/a><\/div>\n<div><a href=\"http:\/\/www.lavidalucida.com\/wp-content\/uploads\/2014\/04\/IMG_5110-1.jpg\"><img decoding=\"async\" src=\"http:\/\/www.lavidalucida.com\/wp-content\/uploads\/2014\/04\/IMG_5110-1-200x300.jpg\" alt=\"\" border=\"0\" \/><\/a><\/div>\n<p>El siguiente paso es opcional, puede o no ser necesario. Se utiliza una malla de alambre y se ajustan con cinta aislante para fijarla a los ca\u00f1os. Esto puede ayudar a darle mayor estabilidad a los arcos, pero puede haber otras opciones para darle mas firmeza al marco sin usar una malla de alambre.<\/p>\n<div><a href=\"http:\/\/www.lavidalucida.com\/wp-content\/uploads\/2014\/04\/IMG_5112-1.jpg\"><img decoding=\"async\" src=\"http:\/\/www.lavidalucida.com\/wp-content\/uploads\/2014\/04\/IMG_5112-1-300x200.jpg\" alt=\"\" border=\"0\" \/><\/a><\/div>\n<div><a href=\"http:\/\/www.lavidalucida.com\/wp-content\/uploads\/2014\/04\/IMG_5115-1.jpg\"><img decoding=\"async\" src=\"http:\/\/www.lavidalucida.com\/wp-content\/uploads\/2014\/04\/IMG_5115-1-300x213.jpg\" alt=\"\" border=\"0\" \/><\/a><\/div>\n<p>Ahora se coloca el pl\u00e1stico que debe quedar bien sujeto a la malla, o en el caso de no usar malla, estar sujeto a los ca\u00f1os de pvc.<\/p>\n<div><a href=\"http:\/\/www.lavidalucida.com\/wp-content\/uploads\/2014\/04\/IMG_5116-1.jpg\"><img decoding=\"async\" src=\"http:\/\/www.lavidalucida.com\/wp-content\/uploads\/2014\/04\/IMG_5116-1-300x200.jpg\" alt=\"\" border=\"0\" \/><\/a><\/div>\n<p>Ahora se colocan dos visagras en uno de los lados.<\/p>\n<div><a href=\"http:\/\/www.lavidalucida.com\/wp-content\/uploads\/2014\/04\/IMG_5118-1.jpg\"><img decoding=\"async\" src=\"http:\/\/www.lavidalucida.com\/wp-content\/uploads\/2014\/04\/IMG_5118-1-300x200.jpg\" alt=\"\" border=\"0\" \/><\/a><\/div>\n<p>La cuerda o cadena, nos ayuda a mantener en posici\u00f3n vertical el techo de nuestro peque\u00f1o invernadero.<\/p>\n<div><a href=\"http:\/\/www.lavidalucida.com\/wp-content\/uploads\/2014\/04\/IMG_5120-1.jpg\"><img decoding=\"async\" src=\"http:\/\/www.lavidalucida.com\/wp-content\/uploads\/2014\/04\/IMG_5120-1-300x200.jpg\" alt=\"\" border=\"0\" \/><\/a><\/div>\n<div><a href=\"http:\/\/www.lavidalucida.com\/wp-content\/uploads\/2014\/04\/IMG_5121-1.jpg\"><img decoding=\"async\" src=\"http:\/\/www.lavidalucida.com\/wp-content\/uploads\/2014\/04\/IMG_5121-1-300x200.jpg\" alt=\"\" border=\"0\" \/><\/a><\/div>\n<div><a href=\"http:\/\/www.lavidalucida.com\/wp-content\/uploads\/2014\/04\/IMG_5123-1.jpg\"><img decoding=\"async\" src=\"http:\/\/www.lavidalucida.com\/wp-content\/uploads\/2014\/04\/IMG_5123-1-300x200.jpg\" alt=\"\" border=\"0\" \/><\/a><\/div>\n<p>Este es un sistema de riego autom\u00e1tico para introducir una manguera, instalando este adaptador en la parte lateral la manguera se introduce y se comienza a regar, de manera lenta.<\/p>\n<div><a href=\"http:\/\/www.lavidalucida.com\/wp-content\/uploads\/2014\/04\/IMG_5124-1.jpg\"><img decoding=\"async\" src=\"http:\/\/www.lavidalucida.com\/wp-content\/uploads\/2014\/04\/IMG_5124-1-300x204.jpg\" alt=\"\" border=\"0\" \/><\/a><\/div>\n<div><a href=\"http:\/\/www.lavidalucida.com\/wp-content\/uploads\/2014\/04\/IMG_5128-1.jpg\"><img decoding=\"async\" src=\"http:\/\/www.lavidalucida.com\/wp-content\/uploads\/2014\/04\/IMG_5128-1-300x200.jpg\" alt=\"\" border=\"0\" \/><\/a><\/div>\n<p>Ya lista la cama. Ahora es tiempo para la siembra (debemos utilizar buen tierra, mezclada con compost, esti\u00e9rcol o tierra de diatomeas (algas fosilizadas m\u00e1s minerales)).<\/p>\n<div><a href=\"http:\/\/www.lavidalucida.com\/wp-content\/uploads\/2014\/04\/IMG_5132-1.jpg\"><img decoding=\"async\" src=\"http:\/\/www.lavidalucida.com\/wp-content\/uploads\/2014\/04\/IMG_5132-1-300x200.jpg\" alt=\"\" border=\"0\" \/><\/a><\/div>\n<p>Fuente original: <i>swingncocoa.blogspot.mx<\/i><br \/>\nTraducci\u00f3n y arreglos: Eco y Ambiente<\/p>\n<p style=\"text-align: center\">&#8212;&#8212;&#8212;- 00000 &#8212;&#8212;&#8212;-<\/p>\n<p><span style=\"color: #ff0000\"><u>Recordar que este Insecticida ecol\u00f3gico (a base de Tierra de Diatomeas micronizadas de Eco y Ambiente) no es un veneno, no deja olor desagradable, no es toxico, posee un largo efecto residual (m\u00e1s de 6 meses) cuando es aplicado en interiores que no se hallan expuestos a lluvias.\u201cNo presenta riesgo alguno para personas, animales y plantas&#8221;<\/u><\/span><\/p>\n<p style=\"text-align: center\">&#8212;&#8212;&#8212;- 00000 &#8212;&#8212;&#8212;-<\/p>\n<h4><span style=\"color: #0000ff\">Elabor\u00f3: Eco y Ambiente, venta y distribuci\u00f3n: Insecticidas Ecol\u00f3gicos:<\/span><\/h4>\n<ul>\n<li><span style=\"color: #0000ff\">Tierra de Diatomeas micronizadas, premium.<\/span><\/li>\n<li><span style=\"color: #0000ff\">Aceite de Neem<\/span><\/li>\n<li><span style=\"color: #0000ff\">Jab\u00f3n Pot\u00e1sico<\/span><\/li>\n<li><span style=\"color: #0000ff\">Aceite de canela\u00a0<\/span><\/li>\n<\/ul>\n<p style=\"text-align: center\">&#8212;&#8212;&#8212;- 00000 &#8212;&#8212;&#8212;-<\/p>\n<h5><span style=\"color: #ff0000\">Para m\u00e1s informaci\u00f3n sobre el Insecticida Ecol\u00f3gico Tierra de Diatomeas micronizadas, premium. Ingresar en:<\/span><strong>\u00a0<\/strong><span style=\"color: #800000\"><a style=\"color: #800000\" href=\"https:\/\/ecoyambiente.com\/?page_id=59\">https:\/\/ecoyambiente.com\/?page_id=59<\/a><\/span><\/h5>\n<p style=\"text-align: center\">&#8212;&#8212;&#8212;- 00000 &#8212;&#8212;&#8212;-<\/p>\n<\/div>\n","protected":false},"excerpt":{"rendered":"<p>INVERNADERO TERMINADO Esta es un buena forma para colaborar con el crecimiento de los cultivos y poder darles un lugar de desarrollo m\u00e1s apropiado, por ej: protegerlas del fr\u00edo, \u00a0del excesivo viento, brindarles una mayor temperatura, otro beneficio es que se pueden utilizar las semillas con antelaci\u00f3n durante la estaci\u00f3n de descanso brind\u00e1ndoles un ambiente [&hellip;]<\/p>\n","protected":false},"author":2,"featured_media":0,"comment_status":"open","ping_status":"closed","sticky":false,"template":"","format":"standard","meta":{"footnotes":""},"categories":[1056,181],"tags":[16,17,514,846,2217,22,121,245,52,57,32],"class_list":["post-5013","post","type-post","status-publish","format-standard","hentry","category-bricolage-y-decoracion","category-tips-de-jardineria","tag-aceite-de-canela","tag-aceite-de-neem","tag-compost","tag-estiercol","tag-invernadero","tag-jabon-potasico","tag-jardin","tag-semillas","tag-tierra","tag-tierra-de-diatomeas","tag-tierra-de-diatomeas-micronizadas"],"acf":[],"_links":{"self":[{"href":"https:\/\/ecoyambiente.com\/index.php?rest_route=\/wp\/v2\/posts\/5013","targetHints":{"allow":["GET"]}}],"collection":[{"href":"https:\/\/ecoyambiente.com\/index.php?rest_route=\/wp\/v2\/posts"}],"about":[{"href":"https:\/\/ecoyambiente.com\/index.php?rest_route=\/wp\/v2\/types\/post"}],"author":[{"embeddable":true,"href":"https:\/\/ecoyambiente.com\/index.php?rest_route=\/wp\/v2\/users\/2"}],"replies":[{"embeddable":true,"href":"https:\/\/ecoyambiente.com\/index.php?rest_route=%2Fwp%2Fv2%2Fcomments&post=5013"}],"version-history":[{"count":0,"href":"https:\/\/ecoyambiente.com\/index.php?rest_route=\/wp\/v2\/posts\/5013\/revisions"}],"wp:attachment":[{"href":"https:\/\/ecoyambiente.com\/index.php?rest_route=%2Fwp%2Fv2%2Fmedia&parent=5013"}],"wp:term":[{"taxonomy":"category","embeddable":true,"href":"https:\/\/ecoyambiente.com\/index.php?rest_route=%2Fwp%2Fv2%2Fcategories&post=5013"},{"taxonomy":"post_tag","embeddable":true,"href":"https:\/\/ecoyambiente.com\/index.php?rest_route=%2Fwp%2Fv2%2Ftags&post=5013"}],"curies":[{"name":"wp","href":"https:\/\/api.w.org\/{rel}","templated":true}]}}