{"id":4770,"date":"2015-10-08T11:31:18","date_gmt":"2015-10-08T14:31:18","guid":{"rendered":"http:\/\/ecoyambiente.com\/?p=4770"},"modified":"2015-10-08T11:31:18","modified_gmt":"2015-10-08T14:31:18","slug":"tijeras-de-podar-tramontina-para-una-mano-en-blister","status":"publish","type":"post","link":"https:\/\/ecoyambiente.com\/?p=4770","title":{"rendered":"Tijeras de podar Tramontina, para una mano en blister."},"content":{"rendered":"<h3 style=\"text-align: center;line-height: 18.0pt\" align=\"center\">\u00a0<span style=\"font-family: arial,helvetica,sans-serif;font-size: x-large;color: #ff0000;background-color: #ffff00\">Para corte de plantas:<\/span><\/h3>\n<h3 style=\"text-align: center;line-height: 18.0pt\" align=\"center\"><span style=\"font-family: arial,helvetica,sans-serif;font-size: x-large;color: #ff0000;background-color: #ffff00\">Ornamentales, Frutales y Flores<\/span><\/h3>\n<p>&nbsp;<\/p>\n<p><span style=\"font-family: arial,helvetica,sans-serif;font-size: large\">&#8211; Medida total: 8&#8243;<br \/>\n<\/span><\/p>\n<p><span style=\"font-family: arial,helvetica,sans-serif;font-size: large\">&#8211; Mango anat\u00f3mico y ergon\u00f3mico.<\/span><\/p>\n<p><span style=\"font-family: arial,helvetica,sans-serif;font-size: large\">&#8211; Traba de seguridad.<br \/>\n<\/span><\/p>\n<p style=\"text-align: center\"><span style=\"font-family: arial,helvetica,sans-serif;font-size: large\">Di\u00e1metro de corte m\u00e1ximo permitido<\/span><\/p>\n<p style=\"text-align: center\"><span style=\"font-family: arial,helvetica,sans-serif;font-size: large\"><span style=\"color: #ffffff;background-color: #000000\">Ramas secas 10mm\u00a0 &#8211; \u00a0Ramas verdes 17mm.<\/span><br \/>\n<\/span><\/p>\n<p>&nbsp;<\/p>\n<p><span style=\"font-family: arial,helvetica,sans-serif;font-size: large\">Beneficios del Producto:<\/span><\/p>\n<p><strong><span style=\"font-family: arial,helvetica,sans-serif;font-size: large\"><span style=\"color: #666666;font-family: Tahoma;font-size: 12px;font-style: normal;font-variant: normal;letter-spacing: normal;line-height: normal;text-align: start;text-indent: 0px;float: none;background-color: #ffffff\">1. L\u00e1mina templada en acero al carbono para un corte preciso y suave<\/span><br style=\"color: #666666;font-family: Tahoma;font-size: 12px;font-style: normal;font-variant: normal;font-weight: normal;letter-spacing: normal;line-height: normal;text-align: start;text-indent: 0px;background-color: #ffffff\" \/><span style=\"color: #666666;font-family: Tahoma;font-size: 12px;font-style: normal;font-variant: normal;letter-spacing: normal;line-height: normal;text-align: start;text-indent: 0px;float: none;background-color: #ffffff\">2. El afilado hecho por m\u00e1quinas CNC resulta en un excelente filo en las piezas<\/span><br style=\"color: #666666;font-family: Tahoma;font-size: 12px;font-style: normal;font-variant: normal;font-weight: normal;letter-spacing: normal;line-height: normal;text-align: start;text-indent: 0px;background-color: #ffffff\" \/><span style=\"color: #666666;font-family: Tahoma;font-size: 12px;font-style: normal;font-variant: normal;letter-spacing: normal;line-height: normal;text-align: start;text-indent: 0px;float: none;background-color: #ffffff\">3. El mango adem\u00e1s de ser hecho en polipropileno de alta resistencia es anat\u00f3mico y ergon\u00f3mico proporcionando confort al operador.<\/span><\/span><\/strong><\/p>\n<p style=\"text-align: center\"><strong>\u00a0<span style=\"font-family: arial,helvetica,sans-serif;font-size: large\">Producto original Tramontina, importado de Brasil<\/span><\/strong><\/p>\n<p style=\"text-align: center\"><span style=\"font-family: arial,helvetica,sans-serif;font-size: large\">\u00a0<\/span><span style=\"text-decoration: underline\"><em><span style=\"font-family: arial,helvetica,sans-serif;font-size: medium\">Despu\u00e9s del uso, limpie y seque la tijera, aplicando algunas gotas de \u00f3leo mineral en las l\u00e1minas y juntas.<\/span><\/em><\/span><\/p>\n<p style=\"text-align: center\">\u00a0<span style=\"font-family: arial,helvetica,sans-serif;font-size: large;background-color: #0000ff;color: #ffff00\">Envios desde CABA a todo el pais ( costo de entrega a cargo del comprador )<\/span><\/p>\n<p style=\"text-align: center\"><a href=\"https:\/\/ecoyambiente.com\/wp-content\/uploads\/2015\/10\/Tijera-de-podar-de-una-mano_35304_foto-2.jpg\"><img loading=\"lazy\" decoding=\"async\" class=\"aligncenter size-full wp-image-4771\" src=\"https:\/\/ecoyambiente.com\/wp-content\/uploads\/2015\/10\/Tijera-de-podar-de-una-mano_35304_foto-2.jpg\" alt=\"Tijera de podar de una mano_35304_foto 2\" width=\"139\" height=\"414\" \/><\/a><\/p>\n<p style=\"text-align: center\">&#8212;&#8212;&#8212;- 00000 &#8212;&#8212;&#8212;-<\/p>\n<p style=\"text-align: center\"><span style=\"color: #ff0000\"><u>Recordar que este Insecticida ecol\u00f3gico (a base de Tierra de Diatomeas micronizadas de Eco y Ambiente) no es un veneno, no deja olor desagradable, no es toxico, posee un largo efecto residual (m\u00e1s de 6 meses) cuando es aplicado en interiores que no se hallan expuestos a lluvias.\u201cNo presenta riesgo alguno para personas, animales y plantas&#8221;<\/u><\/span><\/p>\n<p style=\"text-align: center\">&#8212;&#8212;&#8212;- 00000 &#8212;&#8212;&#8212;-<\/p>\n<h4><span style=\"color: #0000ff\">Elabor\u00f3: Eco y Ambiente, venta y distribuci\u00f3n: Insecticidas Ecol\u00f3gicos:<\/span><\/h4>\n<ul>\n<li><span style=\"color: #0000ff\">Tierra de Diatomeas micronizadas, premium.<\/span><\/li>\n<li><span style=\"color: #0000ff\">Aceite de Neem<\/span><\/li>\n<li><span style=\"color: #0000ff\">Jab\u00f3n Pot\u00e1sico<\/span><\/li>\n<li><span style=\"color: #0000ff\">Aceite de canela<\/span><\/li>\n<\/ul>\n<p style=\"text-align: center\">&#8212;&#8212;&#8212;- 00000 &#8212;&#8212;&#8212;-<\/p>\n<h5><span style=\"color: #ff0000\">Para m\u00e1s informaci\u00f3n sobre el Insecticida Ecol\u00f3gico Tierra de Diatomeas Micronizadas, premium. Ingresar en:<\/span><strong>\u00a0<\/strong><span style=\"color: #800000\"><u><a style=\"color: #800000\" href=\"https:\/\/ecoyambiente.com\/?page_id=59\">https:\/\/ecoyambiente.com\/?page_id=59<\/a><\/u><\/span><\/h5>\n<p style=\"text-align: center\">&#8212;&#8212;&#8212;- 00000 &#8212;&#8212;&#8212;-<\/p>\n","protected":false},"excerpt":{"rendered":"<p>\u00a0Para corte de plantas: Ornamentales, Frutales y Flores &nbsp; &#8211; Medida total: 8&#8243; &#8211; Mango anat\u00f3mico y ergon\u00f3mico. &#8211; Traba de seguridad. Di\u00e1metro de corte m\u00e1ximo permitido Ramas secas 10mm\u00a0 &#8211; \u00a0Ramas verdes 17mm. &nbsp; Beneficios del Producto: 1. L\u00e1mina templada en acero al carbono para un corte preciso y suave2. El afilado hecho por [&hellip;]<\/p>\n","protected":false},"author":2,"featured_media":0,"comment_status":"open","ping_status":"closed","sticky":false,"template":"","format":"standard","meta":{"footnotes":""},"categories":[1056,27,181],"tags":[16,17,2140,2141,2142,119,155,47,22,2143,2144,630,2145,32,433,2146],"class_list":["post-4770","post","type-post","status-publish","format-standard","hentry","category-bricolage-y-decoracion","category-plagas-notas","category-tips-de-jardineria","tag-aceite-de-canela","tag-aceite-de-neem","tag-ambiente","tag-blister","tag-corte-de-plantas","tag-flores","tag-frutales","tag-insecticida-ecologico","tag-jabon-potasico","tag-lamina-templada","tag-ornamentales","tag-ramas-secas","tag-ramas-verdes","tag-tierra-de-diatomeas-micronizadas","tag-tijera","tag-tramontina"],"acf":[],"_links":{"self":[{"href":"https:\/\/ecoyambiente.com\/index.php?rest_route=\/wp\/v2\/posts\/4770","targetHints":{"allow":["GET"]}}],"collection":[{"href":"https:\/\/ecoyambiente.com\/index.php?rest_route=\/wp\/v2\/posts"}],"about":[{"href":"https:\/\/ecoyambiente.com\/index.php?rest_route=\/wp\/v2\/types\/post"}],"author":[{"embeddable":true,"href":"https:\/\/ecoyambiente.com\/index.php?rest_route=\/wp\/v2\/users\/2"}],"replies":[{"embeddable":true,"href":"https:\/\/ecoyambiente.com\/index.php?rest_route=%2Fwp%2Fv2%2Fcomments&post=4770"}],"version-history":[{"count":0,"href":"https:\/\/ecoyambiente.com\/index.php?rest_route=\/wp\/v2\/posts\/4770\/revisions"}],"wp:attachment":[{"href":"https:\/\/ecoyambiente.com\/index.php?rest_route=%2Fwp%2Fv2%2Fmedia&parent=4770"}],"wp:term":[{"taxonomy":"category","embeddable":true,"href":"https:\/\/ecoyambiente.com\/index.php?rest_route=%2Fwp%2Fv2%2Fcategories&post=4770"},{"taxonomy":"post_tag","embeddable":true,"href":"https:\/\/ecoyambiente.com\/index.php?rest_route=%2Fwp%2Fv2%2Ftags&post=4770"}],"curies":[{"name":"wp","href":"https:\/\/api.w.org\/{rel}","templated":true}]}}