{"id":4601,"date":"2015-05-23T10:49:36","date_gmt":"2015-05-23T13:49:36","guid":{"rendered":"http:\/\/ecoyambiente.com\/?p=4601"},"modified":"2015-05-23T10:49:36","modified_gmt":"2015-05-23T13:49:36","slug":"el-caracol-un-devastador-de-jardines","status":"publish","type":"post","link":"https:\/\/ecoyambiente.com\/?p=4601","title":{"rendered":"El Caracol, un devastador de jardines."},"content":{"rendered":"<p>Los caracoles est\u00e1n clasificados como moluscos, esto se debe al duro caparaz\u00f3n que protege su cuerpo y es la notoria diferencia con la babosa.\u00a0De entre todos los caracoles da\u00f1inos para las plantas, el que m\u00e1s abunda en los jardines es el caracol com\u00fan (Helix aspersa), si bien los caracoles con rayas del g\u00e9nero Cepaea tambi\u00e9n acostumbran a plantear problemas.<\/p>\n<p><a href=\"https:\/\/ecoyambiente.com\/wp-content\/uploads\/2015\/05\/Caracol-1.jpg\"><img loading=\"lazy\" decoding=\"async\" class=\"aligncenter wp-image-4604\" src=\"https:\/\/ecoyambiente.com\/wp-content\/uploads\/2015\/05\/Caracol-1.jpg\" alt=\"Caracol 1\" width=\"310\" height=\"215\" \/><\/a><\/p>\n<p style=\"text-align: justify\">Son muchas las plantas que sufren su presencia entre la primavera y el oto\u00f1o, sobre todo las de temporada y las herb\u00e1ceas, tal como testimonia la aparici\u00f3n de una manchas como raspadas en las hojas, as\u00ed como en los tallos y las flores<\/p>\n<p><a href=\"https:\/\/ecoyambiente.com\/wp-content\/uploads\/2015\/05\/Da\u00f1os-de-un-caracol.jpg\"><img loading=\"lazy\" decoding=\"async\" class=\"aligncenter wp-image-4605\" src=\"https:\/\/ecoyambiente.com\/wp-content\/uploads\/2015\/05\/Da\u00f1os-de-un-caracol.jpg\" alt=\"Da\u00f1os de un caracol\" width=\"326\" height=\"300\" \/><\/a><\/p>\n<p style=\"text-align: justify\">Los caracoles se muestran especialmente activos tras la puesta del sol o con tiempo h\u00famedo, poseen h\u00e1bitos de alimentaci\u00f3n nocturnos. Cuando se trasladan van segregando una baba o sustancia mucilaginosa, por este motivo pueden moverse f\u00e1cilmente en cualquier tipo de terreno sin riesgo de da\u00f1ar su cuerpo, al secarse esta baba deja un rastro plateado.\u00a0Poseen un fuerte sentido del tacto y para encontrar comida se valen de su sentido del olfato.<\/p>\n<p style=\"text-align: justify\">El promedio de vida es de 15 a\u00f1os, pero dependiendo de su h\u00e1bitat pueden vivir muchos a\u00f1os m\u00e1s.<\/p>\n<p style=\"text-align: justify\">Suelen ser menos frecuentes en las zonas con suelos \u00e1cidos, donde carecen de las tan necesarias sales de calcio para desarrollar su caparaz\u00f3n.<\/p>\n<p style=\"text-align: justify\">Aunque pueden darse grandes concentraciones en un mismo jard\u00edn, un solo ejemplar es capaz de causar enormes da\u00f1os.<\/p>\n<p><a href=\"https:\/\/ecoyambiente.com\/wp-content\/uploads\/2015\/05\/Huellas-de-un-Caracol.jpg\"><img loading=\"lazy\" decoding=\"async\" class=\"aligncenter wp-image-4606\" src=\"https:\/\/ecoyambiente.com\/wp-content\/uploads\/2015\/05\/Huellas-de-un-Caracol.jpg\" alt=\"Huellas de un Caracol\" width=\"334\" height=\"273\" \/><\/a><\/p>\n<p style=\"text-align: justify\"><strong><span style=\"text-decoration: underline\">M\u00e1s datos:<\/span>\u00a0<\/strong>Tanto los caracoles como las babosas ponen huevos durante la primavera y el verano en lugares h\u00famedos y protegidos.\u00a0 Cubren sus huevos con tierra y ellos eclosionan a los pocos d\u00edas. Los caracoles inmaduros alcanzan la etapa adulta a los pocos meses.<\/p>\n<p style=\"text-align: justify\">Estos moluscos terrestres habitan lugares h\u00famedos, permaneciendo debajo de piedras, troncos, le\u00f1a, en subsuelos y galpones h\u00famedos, tambi\u00e9n los podremos encontrar debajo de las macetas<\/p>\n<p><a href=\"https:\/\/ecoyambiente.com\/wp-content\/uploads\/2015\/05\/Caracoles-escondidos-1.jpg\"><img loading=\"lazy\" decoding=\"async\" class=\"aligncenter wp-image-4607\" src=\"https:\/\/ecoyambiente.com\/wp-content\/uploads\/2015\/05\/Caracoles-escondidos-1.jpg\" alt=\"Caracoles escondidos\" width=\"331\" height=\"241\" \/><\/a><\/p>\n<p style=\"text-align: justify\"><strong><span style=\"text-decoration: underline\">Como controlarlos<\/span>:\u00a0<\/strong>Al igual que las babosas son muy dif\u00edciles de erradicar de un jard\u00edn, para lograr proteger sobre todo a las plantas j\u00f3venes y los brotes tiernos de las herb\u00e1ceas, se utilizan a menudo cebos tratados con Metiocarb o Metaldhe\u00eddo en forma de gr\u00e1nulos en lugares h\u00famedos, de todas maneras estos venenos no tienen los mejores resultados.\u00a0Hay un problema con estos venenos, pueden ser muy peligrosos para gatos y perros, por lo tanto debemos tomar los recaudos necesarios, existen tambi\u00e9n cebos con sulfato de aluminio que resultan menos peligrosos para las mascotas.<\/p>\n<p style=\"text-align: justify\"><strong><span style=\"color: #993300\">En nuestro caso ofrecemos el control por intermedio de la Tierra de Diatomeas micronizadas de Eco y Ambiente, este producto a base de algas fosilizadas m\u00e1s minerales logra controlar perfectamente a los Caracoles, es un producto ecol\u00f3gico que act\u00faa en forma f\u00edsico-mec\u00e1nica, es decir, cuando el insecto toma contacto con el producto, este se adhiere a su pared cerosa, la da\u00f1a y en muy poco tiempo, logra deshidratar al insecto por completo.<\/span><\/strong><\/p>\n<p style=\"text-align: center\"><strong><span style=\"color: #993300\">Las diatomeas no presentan riesgo alguno para personas, animales y plantas.<\/span><\/strong><\/p>\n<p style=\"text-align: center\">&#8212;&#8212;&#8212;- 00000 &#8212;&#8212;&#8212;-<\/p>\n<p><strong>TRATAMIENTO CON INSECTICIDA ECOL\u00d3GICO ( a base de tierra de diatomeas micronizadas )<\/strong><\/p>\n<p style=\"text-align: justify\">Se puede <strong>pulverizar <\/strong>\u00a0(1 cucharada sopera de insecticida ecol\u00f3gico por litro de agua) la planta desde adentro hacia afuera mojando bien toda la superficie y tambi\u00e9n toda la base \u00a0( sobre la tierra ).<\/p>\n<p style=\"text-align: justify\">Se puede\u00a0 <strong>espolvorear<\/strong> directamente sobre toda la planta y su base (sobre la tierra), utilizando una m\u00ednima cantidad de producto.<\/p>\n<p style=\"text-align: justify\">Tambi\u00e9n se puede espolvorear la zona:\u00a0 Ej. alrededor de macetas, \u00a0troncos, le\u00f1a , piedras, en el subsuelo, bauleras, s\u00f3tanos, galpones, etc. (los caracoles durante el d\u00eda, est\u00e1n en los lugares h\u00famedos).<\/p>\n<p style=\"text-align: justify\">Recordar que el Insecticida ecol\u00f3gico de Eco y Ambiente ( a base de tierra de diatomeas micronizadas ) no es un veneno, no deja olor desagradable, no es toxico, posee un prolongado efecto residual (mas de 6 meses), cuando es aplicado en interiores que no se hallan expuestos a lluvias y \u201c no presenta riesgo alguno para personas, animales y plantas \u201c.<\/p>\n<p style=\"text-align: center\">&#8212;&#8212;&#8212;- 00000 &#8212;&#8212;&#8212;-<\/p>\n<p style=\"text-align: center\"><span style=\"color: #ff0000\"><u>Recordar que este Insecticida ecol\u00f3gico (a base de Tierra de Diatomeas micronizadas de Eco y Ambiente) no es un veneno, no deja olor desagradable, no es toxico, posee un largo efecto residual (m\u00e1s de 6 meses) cuando es aplicado en interiores que no se hallan expuestos a lluvias.\u201cNo presenta riesgo alguno para personas, animales y plantas&#8221;<\/u><\/span><\/p>\n<p style=\"text-align: center\">&#8212;&#8212;&#8212;- 00000 &#8212;&#8212;&#8212;-<\/p>\n<h4><span style=\"color: #0000ff\">Elabor\u00f3: Eco y Ambiente, venta y distribuci\u00f3n: Insecticidas Ecol\u00f3gicos:<\/span><\/h4>\n<ul>\n<li><span style=\"color: #0000ff\">Tierra de Diatomeas micronizadas, premium.<\/span><\/li>\n<li><span style=\"color: #0000ff\">Aceite de Neem<\/span><\/li>\n<li><span style=\"color: #0000ff\">Jab\u00f3n Pot\u00e1sico<\/span><\/li>\n<li><span style=\"color: #0000ff\">Aceite de canela\u00a0<\/span><\/li>\n<\/ul>\n<p style=\"text-align: center\">&#8212;&#8212;&#8212;- 00000 &#8212;&#8212;&#8212;-<\/p>\n<h5><span style=\"color: #ff0000\">Para m\u00e1s informaci\u00f3n sobre el Insecticida Ecol\u00f3gico Tierra de Diatomeas Micronizadas, premium. Ingresar en:<\/span><strong>\u00a0<\/strong><span style=\"color: #800000\"><u><a style=\"color: #800000\" href=\"https:\/\/ecoyambiente.com\/?page_id=59\">https:\/\/ecoyambiente.com\/?page_id=59<\/a><\/u><\/span><\/h5>\n<p style=\"text-align: center\">&#8212;&#8212;&#8212;- 00000 &#8212;&#8212;&#8212;-<\/p>\n","protected":false},"excerpt":{"rendered":"<p>Los caracoles est\u00e1n clasificados como moluscos, esto se debe al duro caparaz\u00f3n que protege su cuerpo y es la notoria diferencia con la babosa.\u00a0De entre todos los caracoles da\u00f1inos para las plantas, el que m\u00e1s abunda en los jardines es el caracol com\u00fan (Helix aspersa), si bien los caracoles con rayas del g\u00e9nero Cepaea tambi\u00e9n [&hellip;]<\/p>\n","protected":false},"author":2,"featured_media":0,"comment_status":"open","ping_status":"closed","sticky":false,"template":"","format":"standard","meta":{"footnotes":""},"categories":[29,30],"tags":[16,17,148,2059,2060,84,2061,47,22,2062,2063,112,57,32],"class_list":["post-4601","post","type-post","status-publish","format-standard","hentry","category-plagas-en-el-hogar","category-plagas-en-jardines-huertas-y-frutales","tag-aceite-de-canela","tag-aceite-de-neem","tag-baba","tag-caracol","tag-cepaea","tag-espolvorear","tag-helix-aspersa","tag-insecticida-ecologico","tag-jabon-potasico","tag-metaldheido","tag-metiocarb","tag-pulverizar","tag-tierra-de-diatomeas","tag-tierra-de-diatomeas-micronizadas"],"acf":[],"_links":{"self":[{"href":"https:\/\/ecoyambiente.com\/index.php?rest_route=\/wp\/v2\/posts\/4601","targetHints":{"allow":["GET"]}}],"collection":[{"href":"https:\/\/ecoyambiente.com\/index.php?rest_route=\/wp\/v2\/posts"}],"about":[{"href":"https:\/\/ecoyambiente.com\/index.php?rest_route=\/wp\/v2\/types\/post"}],"author":[{"embeddable":true,"href":"https:\/\/ecoyambiente.com\/index.php?rest_route=\/wp\/v2\/users\/2"}],"replies":[{"embeddable":true,"href":"https:\/\/ecoyambiente.com\/index.php?rest_route=%2Fwp%2Fv2%2Fcomments&post=4601"}],"version-history":[{"count":0,"href":"https:\/\/ecoyambiente.com\/index.php?rest_route=\/wp\/v2\/posts\/4601\/revisions"}],"wp:attachment":[{"href":"https:\/\/ecoyambiente.com\/index.php?rest_route=%2Fwp%2Fv2%2Fmedia&parent=4601"}],"wp:term":[{"taxonomy":"category","embeddable":true,"href":"https:\/\/ecoyambiente.com\/index.php?rest_route=%2Fwp%2Fv2%2Fcategories&post=4601"},{"taxonomy":"post_tag","embeddable":true,"href":"https:\/\/ecoyambiente.com\/index.php?rest_route=%2Fwp%2Fv2%2Ftags&post=4601"}],"curies":[{"name":"wp","href":"https:\/\/api.w.org\/{rel}","templated":true}]}}