{"id":4213,"date":"2014-07-17T15:23:08","date_gmt":"2014-07-17T18:23:08","guid":{"rendered":"http:\/\/ecoyambiente.com\/?p=4213"},"modified":"2014-07-17T15:23:08","modified_gmt":"2014-07-17T18:23:08","slug":"listado-de-plantas-que-pueden-cultivarse-en-argentina-letra-c","status":"publish","type":"post","link":"https:\/\/ecoyambiente.com\/?p=4213","title":{"rendered":"Listado de plantas con &#8220;Flores&#8221; que pueden cultivarse en Argentina, letra &#8220;C&#8221;."},"content":{"rendered":"<p style=\"text-align: justify\">Existe en la web much\u00edsima informaci\u00f3n sobre flores, plantas, \u00e1rboles, arbustos y sobre el jard\u00edn en general y libros con excelentes consejos para lograr muy buenos resultados, pero hay un detalle que no es menor, mucho de lo publicado e impreso es importado.<\/p>\n<p style=\"text-align: justify\">Por lo tanto es dif\u00edcil encontrar publicaciones que informen sobre los ejemplares que se pueden cultivar en nuestro pa\u00eds, lo que se informa es global y mucho se refiere a especies dif\u00edciles de encontrar aqu\u00ed o poco aptas para nuestros climas y suelos.<\/p>\n<p style=\"text-align: justify\">Debido a esto, iremos publicando en sucesivas notas muchas de las variedades disponibles en el pa\u00eds.<\/p>\n<p style=\"text-align: justify\"><span style=\"font-size: 14px;line-height: 1.5em\">Para ello listaremos las plantas alfab\u00e9ticamente, cada una con su descripci\u00f3n, cuidados que se deben tener en cuanto al tipo de suelo, riego, sol y resistencia al fr\u00edo.<\/span><\/p>\n<p style=\"text-align: justify\"><span style=\"font-size: 14px;line-height: 1.5em\">Por eso, aunque nuestro ritmo de vida sea muy acelerado, cuando vamos a incorporar una planta a nuestro jard\u00edn, debemos tomarnos un tiempo para elegirla, ver qu\u00e9 tipo de suelo tenemos, cuantas horas de sol hay en el lugar, seg\u00fan la superficie a cubrir cuanto crecer\u00e1 nuestro ejemplar, cual es su necesidad y caracter\u00edstica, en fin, no es dif\u00edcil tener un excelente jard\u00edn, solo debemos dedicarle tiempo. Seguramente una buena planificaci\u00f3n y elecci\u00f3n al comienzo nos aportara al poco tiempo muchas satisfacciones.<\/span><\/p>\n<p style=\"text-align: center\"><span style=\"color: #ff0000\"><b>PLANTAS: LETRA \u201cC\u201d<\/b><\/span><\/p>\n<p style=\"text-align: left\"><span style=\"color: #008000\"><b>Cala_Zantedeschia sp.<\/b><\/span><\/p>\n<p style=\"text-align: justify\">De la familia de las Ar\u00e1ceas. Especie herb\u00e1cea perenne, tuberosa, puede alcanzar 1mt de altura. Posee hojas grandes y de color verde oscuro. Posee espatas erguidas, en forma de embudo, blancas y en su centro se encuentra una espiga amarilla con un agradable aroma. Tambi\u00e9n crece sumergida en el agua. Con el desarrollo de h\u00edbridos hoy se pueden encontrar espatas de otros colores. Su floraci\u00f3n es de comienzos de la primavera hasta final del verano. Es apta para interiores \/\/ Prefiere un suelo h\u00famedo y f\u00e9rtil \/\/ Ubicaci\u00f3n: media sombra, evitar el sol directo \/\/ Riego: moderado \/\/ Resistente al fr\u00edo, se debe proteger su base durante el invierno con una buena capa de hojas secas o pasto \/\/\u00a0Plagas y enfermedades: pulg\u00f3n, caracoles y babosas. Virosis, bacterias y hongos.<\/p>\n<p style=\"text-align: center\"><a href=\"https:\/\/ecoyambiente.com\/wp-content\/uploads\/2014\/07\/Cala_Zantedeschia-sp..jpg\"><img loading=\"lazy\" decoding=\"async\" class=\"aligncenter wp-image-4216\" title=\"Cala_Zantedeschia sp.\" src=\"https:\/\/ecoyambiente.com\/wp-content\/uploads\/2014\/07\/Cala_Zantedeschia-sp..jpg\" alt=\"Cala_Zantedeschia sp.\" width=\"225\" height=\"306\" \/><\/a><\/p>\n<p style=\"text-align: left\"><span style=\"color: #008000\"><b>Calceolaria_ Calceolaria Darwinii<\/b><\/span><\/p>\n<p style=\"text-align: justify\">Pertenece a la familia de las Escrofulari\u00e1ceas. Planta anual o bianual. Florece en primavera y verano. Sus tallos florales sostienen ex\u00f3ticas flores amarillas, colgantes y en forma de bolsa, con bandas centrales blancas y manchas oscuras sobre los labios inferiores. Es peque\u00f1a, logra apenas 8cm de altura y 10cm de ancho. No es f\u00e1cil su cultivo. Forma grupos de varios ejemplares. Se multiplica por esquejes en verano y por semillas en oto\u00f1o \/\/ Requiere un suelo h\u00famedo y bien drenado \/\/ Ubicaci\u00f3n: pleno sol \/\/ Riego: escaso \/\/ Muy resistente al fr\u00edo \/\/\u00a0Plagas y enfermedades: pulg\u00f3n y mosca blanca. Hongo Phytophthora.<\/p>\n<p style=\"text-align: center\"><a href=\"https:\/\/ecoyambiente.com\/wp-content\/uploads\/2014\/07\/Calceolaria_Calceolaria-Darwinii.jpg\"><img loading=\"lazy\" decoding=\"async\" class=\"aligncenter wp-image-4219\" title=\"Calceolaria_Calceolaria Darwinii\" src=\"https:\/\/ecoyambiente.com\/wp-content\/uploads\/2014\/07\/Calceolaria_Calceolaria-Darwinii.jpg\" alt=\"Calceolaria_Calceolaria Darwinii\" width=\"253\" height=\"230\" \/><\/a><\/p>\n<p><span style=\"color: #008000\"><b>Cal\u00e9ndula_Cal\u00e9ndula officinalis<\/b><\/span><\/p>\n<p style=\"text-align: justify\">De la familia de las compuestas. Arbusto anual y perennifolio, que florece pr\u00e1cticamente todo el a\u00f1o, sus flores son amarillas o anaranjadas. Puede alcanzar los 40cm de altura formando peque\u00f1as matas. Para extender su floraci\u00f3n requiere una poda fuerte luego de la misma y descarte de sus hojas lanceoladas verdes, una vez marchitas. Posee cualidades medicinales, como antibi\u00f3ticas, antis\u00e9pticas y antiinflamatorias. De sus flores secas se obtienen las semillas para su multiplicaci\u00f3n, es de muy f\u00e1cil cultivo \/\/ Prospera en todo tipo de suelo, pero debe contar con un buen drenaje y un abonado en periodo de floraci\u00f3n \/\/ Ubicaci\u00f3n: pleno sol \/\/\u00a0Riego: moderado durante el verano \/\/ Muy resistente al fr\u00edo, no soporta heladas muy intensas \/\/ Plagas y enfermedades: pulgones, orugas y mosca blanca. \u00a0O\u00eddio, manchas en las hojas por distintos hongos, roya,\u00a0 negrilla y moho gris.<\/p>\n<p style=\"text-align: center\"><a href=\"https:\/\/ecoyambiente.com\/wp-content\/uploads\/2014\/07\/Cal\u00e9ndula_Cal\u00e9ndula-officinalis.jpg\"><img loading=\"lazy\" decoding=\"async\" class=\"aligncenter wp-image-4220\" title=\"Cal\u00e9ndula_Cal\u00e9ndula officinalis\" src=\"https:\/\/ecoyambiente.com\/wp-content\/uploads\/2014\/07\/Cal\u00e9ndula_Cal\u00e9ndula-officinalis.jpg\" alt=\"Cal\u00e9ndula_Cal\u00e9ndula officinalis\" width=\"262\" height=\"243\" \/><\/a><\/p>\n<p><span style=\"color: #008000\"><b>Camp\u00e1nula carp\u00e1tica_Campanilla<\/b><\/span><\/p>\n<p style=\"text-align: justify\">De las familias de las Campanul\u00e1ceas. Es una planta herb\u00e1cea\/perenne. Sus hojas son dentadas. De floraci\u00f3n primaveral, da flores blancas y azul viol\u00e1ceo, con forma de campana. Alcanza de 25 a 30cm de altura y un ancho de 20cm. Puede ser utilizada en macetas, en borduras y como cubresuelos. Es conveniente eliminar las flores secas para incrementar su floraci\u00f3n y evitar la formaci\u00f3n de hongos. Se multiplica en oto\u00f1o por semillas y en primavera por divisi\u00f3n de matas \/\/ Suelo: lo prefiere h\u00famedo, pero bien drenado, un poco calc\u00e1reo \/\/ Ubicaci\u00f3n: pleno sol a media sombra \/\/ Riego: frecuente \/\/ Semiresistente al fr\u00edo \/\/Plagas y enfermedades: pulgones, trips y babosas. Manchas en las hojas por distintos hongos, o\u00eddio y roya.<\/p>\n<p style=\"text-align: center\"><a href=\"https:\/\/ecoyambiente.com\/wp-content\/uploads\/2014\/07\/Camp\u00e1nula-carp\u00e1tica_Campanilla.jpg\"><img loading=\"lazy\" decoding=\"async\" class=\"aligncenter wp-image-4221\" title=\"Camp\u00e1nula carp\u00e1tica_Campanilla\" src=\"https:\/\/ecoyambiente.com\/wp-content\/uploads\/2014\/07\/Camp\u00e1nula-carp\u00e1tica_Campanilla.jpg\" alt=\"Camp\u00e1nula carp\u00e1tica_Campanilla\" width=\"250\" height=\"319\" \/><\/a><\/p>\n<p><span style=\"color: #008000\"><b>Celosia_Celosia cristata<\/b><\/span><\/p>\n<p style=\"text-align: justify\">De la familia de las Amarant\u00e1ceas. Planta perenne, erguida, bre\u00f1osa. Mide entre 40 y 60cm de alto y 30cm de ancho. Crece r\u00e1pidamente en lugares protegidos. Florece desde la primavera hasta el oto\u00f1o y da cabezuelas de flores alargadas y plumosas de colores violeta, rojo, amarillo y blanco. Para favorecer su floraci\u00f3n de deben sacar las flores ya marchitas. Se reproduce en primavera por semillas. Apta para macetas o borduras \/\/ Suelo: h\u00famedo, bien drenado y f\u00e9rtil \/\/ Ubicaci\u00f3n: plenos sol \/\/ Riego: moderado \/\/ Semiresistente al fr\u00edo \/\/\u00a0Plagas y enfermedades: \u00c1caros. O\u00eddio.<\/p>\n<p style=\"text-align: center\"><a href=\"https:\/\/ecoyambiente.com\/wp-content\/uploads\/2014\/07\/Celosia_Celosia-cristata.jpg\"><img loading=\"lazy\" decoding=\"async\" class=\"aligncenter wp-image-4222\" title=\"Celosia_Celosia cristata\" src=\"https:\/\/ecoyambiente.com\/wp-content\/uploads\/2014\/07\/Celosia_Celosia-cristata.jpg\" alt=\"Celosia_Celosia cristata\" width=\"250\" height=\"306\" \/><\/a><\/p>\n<p><span style=\"color: #008000\"><b>Cerastium_Cerastium tomentosum<\/b><\/span><\/p>\n<p style=\"text-align: justify\">Integra la familia de las Carofil\u00e1ceas. Planta perenne. Como tiene tallos rastreros con hojas lanceoladas, peque\u00f1as de color verde, tambi\u00e9n se puede usar como cubresuelo sobre todo si son secos. Alcanza apenas 15cm de alto. Florece en primavera y verano. Su floraci\u00f3n presenta flores blancas y estrelladas. Es muy resistente \/\/ Suelo: arenoso, calc\u00e1reo y con buen drenaje \/\/ Ubicaci\u00f3n: pleno sol \/\/ Riego: moderado \/\/ Muy resistente al fr\u00edo \/\/\u00a0Plagas y enfermedades: pulgones y cochinillas. Hongos por exceso de agua.<\/p>\n<p style=\"text-align: center\"><a href=\"https:\/\/ecoyambiente.com\/wp-content\/uploads\/2014\/07\/Cerastium_Cerastium-tomentosum.jpg\"><img loading=\"lazy\" decoding=\"async\" class=\"aligncenter wp-image-4224\" title=\"Cerastium_Cerastium tomentosum\" src=\"https:\/\/ecoyambiente.com\/wp-content\/uploads\/2014\/07\/Cerastium_Cerastium-tomentosum.jpg\" alt=\"Cerastium_Cerastium tomentosum\" width=\"262\" height=\"240\" \/><\/a><\/p>\n<p><span style=\"color: #008000\"><b>Ceratostigma_Falso plumbago<\/b><\/span><\/p>\n<p style=\"text-align: justify\">De la familia de las Plumbagin\u00e1ceas. Tambi\u00e9n se la conoce con el nombre de falso plumbago. Muy usada en jardiner\u00eda por su floraci\u00f3n en tonos azulados y por el colorido que adquiere su follaje en oto\u00f1o, sus flores afloran sobre tallos rojos y lo hacen desde final del verano y todo el oto\u00f1o. De r\u00e1pido crecimiento puede alcanzar de 20 a 30cm de altura. Se multiplica por esquejes \/\/ Suelo: bien drenado \/\/ Ubicaci\u00f3n: pleno sol \/\/ Riego: moderado \/\/\u00a0No muy resistente al fr\u00edo, es sensible a las heladas y no tolera temperaturas menores a 10\u00b0.<\/p>\n<p style=\"text-align: center\"><a href=\"https:\/\/ecoyambiente.com\/wp-content\/uploads\/2014\/07\/Ceratostigma_Falso-plumbago.jpg\"><img loading=\"lazy\" decoding=\"async\" class=\"aligncenter wp-image-4225\" title=\"Ceratostigma_Falso plumbago\" src=\"https:\/\/ecoyambiente.com\/wp-content\/uploads\/2014\/07\/Ceratostigma_Falso-plumbago.jpg\" alt=\"Ceratostigma_Falso plumbago\" width=\"262\" height=\"280\" \/><\/a><\/p>\n<p><span style=\"color: #008000\"><b>Cerinthe mayor_Ceriflor_Palomera<\/b><\/span><\/p>\n<p style=\"text-align: justify\">De la familia de las Cruc\u00edferas. Planta herb\u00e1cea perenne, bre\u00f1osa, de aspecto erecto puede alcanzar los 60 cm de altura. Las hojas son de un verde brillante. Sus flores de color morado con manchas amarillas y sus hojas modificadas conforman un conjunto de singular atractivo. Su floraci\u00f3n es en verano. Por su f\u00e1cil cultivo y poco mantenimiento se las puede utilizar en macetas y borduras. La multiplicaci\u00f3n se hace por semillas en primavera y por esquejes en verano \/\/ Suelo: Tolera cualquier tipo de suelo, siempre que sea f\u00e9rtil \/\/ Ubicaci\u00f3n: pleno sol o media sombra \/\/ Riego: abundante \/\/ Muy resistente al fr\u00edo \/\/\u00a0Plagas y enfermedades: es muy resistente a las plagas y enfermedades.<\/p>\n<p style=\"text-align: center\"><a href=\"https:\/\/ecoyambiente.com\/wp-content\/uploads\/2014\/07\/Cerinthe-mayor_Ceriflor_Palomera.jpg\"><img loading=\"lazy\" decoding=\"async\" class=\"aligncenter wp-image-4226\" title=\"Cerinthe mayor_Ceriflor_Palomera\" src=\"https:\/\/ecoyambiente.com\/wp-content\/uploads\/2014\/07\/Cerinthe-mayor_Ceriflor_Palomera.jpg\" alt=\"Cerinthe mayor_Ceriflor_Palomera\" width=\"272\" height=\"202\" \/><\/a><\/p>\n<p><span style=\"color: #008000\"><b>Chloraea magall\u00e1nica<\/b><\/span><\/p>\n<p style=\"text-align: justify\">De la familia de las Orqu\u00eddeas terrestres. Planta aut\u00f3ctona de clima fr\u00edo del sur de la Argentina. Epifita (germina en los troncos y ramas\u00a0de los \u00e1rboles, no es par\u00e1sita). Se desarrolla en las estepas y da entre 5 y 7 hojas anchas que culminan en un escapo floral de 10 flores azules, con venas verdosas. Si se la cultiva en jard\u00edn, es fundamental respetar los tiempos de reposo \/\/ Ubicaci\u00f3n: media sombra \/\/ Riego: escaso \/\/ Resistente al fr\u00edo \/\/\u00a0Plagas y enfermedades: es resistente a las plagas.<\/p>\n<p style=\"text-align: center\"><a href=\"https:\/\/ecoyambiente.com\/wp-content\/uploads\/2014\/07\/Chloraea-magall\u00e1nica.jpg\"><img loading=\"lazy\" decoding=\"async\" class=\"aligncenter wp-image-4227\" title=\"Chloraea magall\u00e1nica\" src=\"https:\/\/ecoyambiente.com\/wp-content\/uploads\/2014\/07\/Chloraea-magall\u00e1nica.jpg\" alt=\"Chloraea magall\u00e1nica\" width=\"249\" height=\"330\" \/><\/a><\/p>\n<p style=\"text-align: left\"><span style=\"color: #008000\"><b>Chloraea subpandurata<\/b><\/span><\/p>\n<p style=\"text-align: justify\">Perteneciente a la familia de las orqu\u00eddeas. Planta terrestre, de hoja caduca. Es nativa de la provincia de Jujuy. Epifita (germina en los troncos y ramas\u00a0de los \u00e1rboles, no es parasita). Su cultivo a nivel dom\u00e9stico es sencillo, siempre y cuando se le aseguren condiciones clim\u00e1ticas similares a las de su lugar de origen. Se planta directamente en suelo o en mantillo. Necesita temperaturas bajas. Requiere protecci\u00f3n de las heladas en el\u00a0 invierno. Su escapo floral puede alcanzar hasta 1mt y presenta veinte flores de un amarillo intenso. Florece en primavera y estas brotan posteriormente \/\/ Ubicaci\u00f3n: media sombra \/\/ Riego: moderado \/\/ Resistente al fr\u00edo \/\/\u00a0Plagas y enfermedades: puede ser atacada por caracoles.<\/p>\n<p style=\"text-align: center\"><a href=\"https:\/\/ecoyambiente.com\/wp-content\/uploads\/2014\/07\/Chloraea-subpandurata.jpg\"><img loading=\"lazy\" decoding=\"async\" class=\"aligncenter size-full wp-image-4228\" title=\"Chloraea subpandurata\" src=\"https:\/\/ecoyambiente.com\/wp-content\/uploads\/2014\/07\/Chloraea-subpandurata.jpg\" alt=\"Chloraea subpandurata\" width=\"204\" height=\"161\" \/><\/a><\/p>\n<p><span style=\"color: #008000\"><b>Cineraria_Senecio confussus.<\/b><\/span><\/p>\n<p style=\"text-align: justify\">De la familia de las compuestas. Planta trepadora, vigorosa de tallos le\u00f1osos, perenne y de crecimiento r\u00e1pido. Durante el verano da racimos de cabezuelas de color amarillo anaranjado, que al madurar se vuelven m\u00e1s rojiza, muy parecidas a las margaritas, sus hojas son de color verde oscuro \/\/ Suelo: ligero y bien drenado, no tolera el encharcamiento \/\/ Ubicaci\u00f3n: pleno sol \/\/ Riego: escaso \/\/ Semiresistente al fr\u00edo, sensible a las heladas, no soporta las temperaturas por debajo de los 5\u00b0 \/\/\u00a0Plagas y enfermedades: es resistente al ataque de plagas.<\/p>\n<p style=\"text-align: center\"><a href=\"https:\/\/ecoyambiente.com\/wp-content\/uploads\/2014\/07\/Cineraria_Senecio-confussus.jpg\"><img loading=\"lazy\" decoding=\"async\" class=\"aligncenter wp-image-4229\" title=\"Cineraria_Senecio confussus\" src=\"https:\/\/ecoyambiente.com\/wp-content\/uploads\/2014\/07\/Cineraria_Senecio-confussus.jpg\" alt=\"Cineraria_Senecio confussus\" width=\"223\" height=\"336\" \/><\/a><\/p>\n<p><span style=\"color: #008000\"><b>Clavelina_Clavel del poeta_Dianthus barbatus<\/b><\/span><\/p>\n<p>Perteneciente a la familia de las Cariofil\u00e1ceas. Es una planta herb\u00e1cea perenne, de f\u00e1cil cultivo, puede alcanzar los 50cm de altura. Sus hojas son delgadas, lanceoladas de color verde claro, brillante. La floraci\u00f3n se desarrolla en primavera y verano, posee una variedad importante de colores, las flores deben retirarse una vez secas. Es apta para formar grupos en el c\u00e9sped, en terrazas, macetas y como flor de corte. Se multiplica por semillas, divisi\u00f3n o por esquejes, de verano a oto\u00f1o \/\/ Requiere de un suelo neutro con buena materia org\u00e1nica \/\/ Riego: regular \/\/ Ubicaci\u00f3n: pleno sol \/\/ Poco resistente al fr\u00edo.\u00a0Plagas y enfermedades: Pulgones, trips, \u00e1caros, nematodos y orugas. Es atacada por hongos debido al exceso de agua.<\/p>\n<p style=\"text-align: center\"><a href=\"https:\/\/ecoyambiente.com\/wp-content\/uploads\/2014\/07\/Clavelina_Clavel-del-poeta_Dianthus-barbatus.jpg\"><img loading=\"lazy\" decoding=\"async\" class=\"aligncenter wp-image-4275\" title=\"Clavelina_Clavel del poeta_Dianthus barbatus\" src=\"https:\/\/ecoyambiente.com\/wp-content\/uploads\/2014\/07\/Clavelina_Clavel-del-poeta_Dianthus-barbatus.jpg\" alt=\"Clavelina_Clavel del poeta_Dianthus barbatus\" width=\"276\" height=\"263\" \/><\/a><\/p>\n<p><b style=\"color: #008000;font-size: 14px;line-height: 1.5em\">Clematide_Cypella Herbetii_Lirio del bajo_Bibi (en Uruguay).<\/b><\/p>\n<p style=\"text-align: justify\">Perteneciente a la familia de las Irid\u00e1ceas. Podemos encontrarla en el noreste de Argentino. Sus hojas son alargadas tienen forma de espadas, las mismas caen en el invierno. Puede alcanzar de 40cm a 50cm de altura. Posee flores amarillas con manchas marrones en su centro. Su floraci\u00f3n es en verano. Se multiplica por bulbo\/\/ Suelo: requiere un suelo bien drenado \/\/Ubicaci\u00f3n: pleno sol \/\/\u00a0Plagas y enfermedades: muy resistente al ataque de plagas y enfermedades.<\/p>\n<p style=\"text-align: center\"><a href=\"https:\/\/ecoyambiente.com\/wp-content\/uploads\/2014\/07\/Clematide_Cypella-Herbetii_Lirio-del-bajo_Bibi.jpg\"><img loading=\"lazy\" decoding=\"async\" class=\"aligncenter wp-image-4230\" title=\"Clematide_Cypella Herbetii_Lirio del bajo_Bibi\" src=\"https:\/\/ecoyambiente.com\/wp-content\/uploads\/2014\/07\/Clematide_Cypella-Herbetii_Lirio-del-bajo_Bibi.jpg\" alt=\"Clematide_Cypella Herbetii_Lirio del bajo_Bibi\" width=\"230\" height=\"284\" \/><\/a><\/p>\n<p><span style=\"color: #008000\"><b>Cleome_Cleome Sp._Pata de vaca<\/b><\/span><\/p>\n<p style=\"text-align: justify\">De las familia de las Caparid\u00e1ceas. Planta herb\u00e1cea perenne, puede alcanzar 1mt de altura. Tiene tallos erectos, espinosos verdes brillantes y hojas compuestas. Florece en verano. Las cabezuelas florales son grandes y redondeadas. Est\u00e1n formadas por p\u00e9talos estrechos, de color blanco con manchas rosadas. Rematan con estambres largos y salientes. Se reproduce por semillas. Es apta para macetas grandes, borduras o para armar grupos aislados \/\/ Suelo: requiere un suelo ligero, f\u00e9rtil y bien drenado \/\/ Ubicaci\u00f3n: pleno sol, se adapta a la media sombra \/\/ Riego: moderado, no soporta el encharcamiento \/\/ Resistente al fr\u00edo \/\/\u00a0Plagas y enfermedades: no es com\u00fan que la ataquen plagas.<\/p>\n<p style=\"text-align: center\"><a href=\"https:\/\/ecoyambiente.com\/wp-content\/uploads\/2014\/07\/Cleome_Cleome-Sp._Pata-de-vaca.jpg\"><img loading=\"lazy\" decoding=\"async\" class=\"aligncenter wp-image-4231\" title=\"Cleome_Cleome Sp._Pata de vaca\" src=\"https:\/\/ecoyambiente.com\/wp-content\/uploads\/2014\/07\/Cleome_Cleome-Sp._Pata-de-vaca.jpg\" alt=\"Cleome_Cleome Sp._Pata de vaca\" width=\"222\" height=\"370\" \/><\/a><\/p>\n<p><span style=\"color: #008000\"><b>Clivia_Clivia sp<\/b>.<\/span><\/p>\n<p style=\"text-align: justify\">Pertenece a la familia de las Amarilid\u00e1ceas. Especie de follaje siempre verde, con hojas acintadas, algo erguidas, de color verde oscuro, puede alcanzar los 40cm de altura. Es muy r\u00fastica y de f\u00e1cil cultivo. En primavera y verano cada tallo presenta una cabezuela compuesta por 10 a 20 flores naranjas o rojas. Se recomienda para climas templados. Muy utilizada en jardines por el colorido de sus flores. Se utiliza tambi\u00e9n como planta de interior \/\/ Suelo: requiere un sue\u00f1o f\u00e9rtil y bien drenado, no tolera el encharcamiento \/\/ Ubicaci\u00f3n: pleno sol \/\/ Riego: moderado durante la floraci\u00f3n, escaso en invierno \/\/ Poco resistente al fr\u00edo \/\/\u00a0Plagas y enfermedades: cochinillas.<\/p>\n<p style=\"text-align: center\"><a href=\"https:\/\/ecoyambiente.com\/wp-content\/uploads\/2014\/07\/Clivia_Clivia-sp..jpg\"><img loading=\"lazy\" decoding=\"async\" class=\"aligncenter wp-image-4232\" title=\"Clivia_Clivia sp.\" src=\"https:\/\/ecoyambiente.com\/wp-content\/uploads\/2014\/07\/Clivia_Clivia-sp..jpg\" alt=\"Clivia_Clivia sp.\" width=\"256\" height=\"350\" \/><\/a><\/p>\n<p><span style=\"color: #008000\"><b>Columnea_Columnea crassifolia<\/b><\/span><\/p>\n<p style=\"text-align: justify\">De la familia de las Gesneri\u00e1ceas. Arbusto perenne siempre verde, con hojas carnosas y lanceoladas. Mide 50cm de alto y de ancho. Presenta flores erguidas, tubulares, rojas, de 8cm de longitud, con la garganta amarilla, su flor es de gran inter\u00e9s para el colibr\u00ed. Florece desde la primavera hasta el oto\u00f1o. Se multiplica por esquejes o semillas \/\/ Suelo: debe ser f\u00e9rtil, abonado y bien drenado \/\/ Ubicaci\u00f3n: media sombra \/\/ Riego: moderado durante la primavera y verano, en invierno solo para que la tierra permanezca h\u00fameda \/\/ Resistente al fr\u00edo \/\/\u00a0Plagas y enfermedades: resistente al ataque de plagas. Moho gris por exceso de agua.<\/p>\n<p style=\"text-align: center\"><a href=\"https:\/\/ecoyambiente.com\/wp-content\/uploads\/2014\/07\/Columnea_Columnea-crassifolia1.jpg\"><img loading=\"lazy\" decoding=\"async\" class=\"aligncenter wp-image-4237\" title=\"Columnea_Columnea crassifolia\" src=\"https:\/\/ecoyambiente.com\/wp-content\/uploads\/2014\/07\/Columnea_Columnea-crassifolia1.jpg\" alt=\"Columnea_Columnea crassifolia\" width=\"251\" height=\"411\" \/><\/a><\/p>\n<p><span style=\"color: #008000\"><b>Conejitos_Antirrhinum majus<\/b><\/span><\/p>\n<p style=\"text-align: justify\">Perteneciente a la familia de las Escrofulari\u00e1ceas. Planta herb\u00e1cea, perenne, compacta que se cultiva como anual. Puede alcanzar 60cm de altura. Erguida, se ramifica desde la base. Florece de primavera a oto\u00f1o y da espigas de flores tubulares, de variados colores. Sus hojas son lanceoladas. Es muy utilizada en macizos florales y es apta para macetas. Se debe realizar una poda energ\u00e9tica tras la \u00faltima floraci\u00f3n oto\u00f1al \/\/ Suelo: requiere suelos ricos y bien drenados para su mejor desarrollo, pero no \u00e1cido \/\/ Ubicaci\u00f3n: pleno sol \/\/ Riego: regular en verano \/\/ Resistente al fr\u00edo si no es extremo, se debe proteger de las heladas \/\/\u00a0Plagas y enfermedades: orugas, cochinilla, pulg\u00f3n y ara\u00f1uela. Roya, diversos hongos y o\u00eddio.<\/p>\n<p style=\"text-align: center\"><a href=\"https:\/\/ecoyambiente.com\/wp-content\/uploads\/2014\/07\/Conejitos_Antirrhinum-majus.jpg\"><img loading=\"lazy\" decoding=\"async\" class=\"aligncenter wp-image-4238\" title=\"Conejitos_Antirrhinum majus\" src=\"https:\/\/ecoyambiente.com\/wp-content\/uploads\/2014\/07\/Conejitos_Antirrhinum-majus.jpg\" alt=\"Conejitos_Antirrhinum majus\" width=\"280\" height=\"282\" \/><\/a><\/p>\n<p><span style=\"color: #008000\"><b>Coral de invierno_Salvia splendens<\/b><\/span><\/p>\n<p style=\"text-align: justify\">Pertenecientes a la familia de las Labiadas. Especie perenne, de crecimiento m\u00e1s bien lento. Mide hasta 30cm de altura y 20cm de di\u00e1metro. Bastante resistente. Tiene hojas ovales, aserradas, color verde brillante. En verano y principios de oto\u00f1o, da racimos de flores de un rojo intenso, los cuales deben ser cortados una vez secos para favorecer la floraci\u00f3n de espigas nuevas. Se multiplica por divisi\u00f3n en primavera. Se aconseja cultivarla en zonas de climas templados \/\/\u00a0Suelo: requiere un suelo f\u00e9rtil, algo \u00e1cido y bien drenado \/\/\u00a0Ubicaci\u00f3n: pleno sol \/\/ Riego: abundante \/\/ Semiresistente al fr\u00edo, no soporta temperaturas inferiores a 5\u00b0 \/\/\u00a0Plagas y enfermedades: caracoles, ara\u00f1uelas (por sequ\u00eda) y cochinillas (por demasiada humedad).<\/p>\n<p style=\"text-align: center\"><a href=\"https:\/\/ecoyambiente.com\/wp-content\/uploads\/2014\/07\/Coral-de-invierno_Salvia-splendens.jpg\"><img loading=\"lazy\" decoding=\"async\" class=\"aligncenter wp-image-4239\" title=\"Coral de invierno_Salvia splendens\" src=\"https:\/\/ecoyambiente.com\/wp-content\/uploads\/2014\/07\/Coral-de-invierno_Salvia-splendens.jpg\" alt=\"Coral de invierno_Salvia splendens\" width=\"283\" height=\"310\" \/><\/a><\/p>\n<p><span style=\"color: #008000\"><b>Coreopsis_Coreopsis lanceolada<\/b><\/span><\/p>\n<p style=\"text-align: justify\">De la familia de las compuestas. Es una herb\u00e1cea perenne, que florece en verano. Sus hojas son lanceoladas y se encuentran alrededor del tallo. Se multiplica por semilla o divisi\u00f3n en primavera. Posee flores amarillas muy parecidas a las margaritas y son utilizadas como flor de corte, tambi\u00e9n para formar macizos y borduras combin\u00e1ndolas con otras flores \/\/ Suelo: requiere un suelo con bastante materia org\u00e1nica, f\u00e9rtil y con un buen drenaje \/\/ Ubicaci\u00f3n: pleno sol, favorece su desarrollo \/\/ Riego: moderado \/\/ Muy resistente al fr\u00edo \/\/\u00a0Plagas y enfermedades: pulg\u00f3n y ara\u00f1uela roja. Moho, varios hongos y o\u00eddio.<\/p>\n<p style=\"text-align: center\"><a href=\"https:\/\/ecoyambiente.com\/wp-content\/uploads\/2014\/07\/Coreopsis_Coreopsis-lanceolada.jpg\"><img loading=\"lazy\" decoding=\"async\" class=\"aligncenter wp-image-4241\" title=\"Coreopsis_Coreopsis lanceolada\" src=\"https:\/\/ecoyambiente.com\/wp-content\/uploads\/2014\/07\/Coreopsis_Coreopsis-lanceolada.jpg\" alt=\"Coreopsis_Coreopsis lanceolada\" width=\"278\" height=\"277\" \/><\/a><\/p>\n<p><span style=\"color: #008000\"><b>Corona de Cristo_Euphorbia milii splendens<\/b><\/span><\/p>\n<p style=\"text-align: justify\">Integra la familia de las Euforbi\u00e1ceas. Arbusto suculento, perennifolio, con un tallo de 1cm de di\u00e1metro, cubierto de grandes espinas entre las cuales emergen hojas redondas y de color verde claro. De lento desarrollo. Alcanza una altura de 2mt y un ancho de 1mt. Florece en forma intermitente todo el a\u00f1o, sus flores surgen en peque\u00f1os grupos (en primavera, con br\u00e1cteas rojas grandes en forma de p\u00e9talo). Todas las euphorbias al cortarlas segregan una jugo blanco (l\u00e1tex toxico) irritante, por lo tanto hay que evitar el contacto con los ojos y la piel. Se multiplica por esquejes antes de la primavera \/\/ Suelo: no tiene mucho requerimiento \/\/ Ubicaci\u00f3n: pleno sol o media sombra \/\/ Riego: escaso \/\/ Resistente al fr\u00edo, aunque debe protegerse de las heladas \/\/\u00a0Plagas y enfermedades: no es atacada por plagas y enfermedades.<\/p>\n<p style=\"text-align: center\"><a href=\"https:\/\/ecoyambiente.com\/wp-content\/uploads\/2014\/07\/Corona-de-Cristo_Euphorbia-milii-splendens.jpg\"><img loading=\"lazy\" decoding=\"async\" class=\"aligncenter wp-image-4242\" title=\"Corona de Cristo_Euphorbia milii splendens\" src=\"https:\/\/ecoyambiente.com\/wp-content\/uploads\/2014\/07\/Corona-de-Cristo_Euphorbia-milii-splendens.jpg\" alt=\"Corona de Cristo_Euphorbia milii splendens\" width=\"282\" height=\"311\" \/><\/a><\/p>\n<p><span style=\"color: #008000\"><b>Cosmos_Cosmos sp<\/b>.<\/span><\/p>\n<p style=\"text-align: justify\">De la familia de las Compuestas. Planta tuberosa y anual, erguida, de desarrollo r\u00e1pido y de f\u00e1cil cultivo. Alcanza 1m de alto x 60cm de ancho. Tiene hojas plumosas, color verde claro. Da flores similares a las margaritas, dispuestas en cabezuelas de hasta 12cm de ancho, en fucsia, rojo o blanco. Florece desde principios de verano hasta el comienzos del de oto\u00f1o. Se deben eliminar las partes amarillentas, secas o da\u00f1adas. El cosmos se utiliza en borduras, macetas o para flor de corte \/\/\u00a0Suelo: no debe ser muy f\u00e9rtil, sino m\u00e1s bien ligero o medianamente compacto \/\/ Ubicaci\u00f3n: pleno sol \/\/ Riego: moderado \/\/ Resistente al fr\u00edo \/\/\u00a0Plagas y enfermedades: pulgones. El exceso de agua puede da\u00f1ar sus flores.<\/p>\n<p style=\"text-align: center\"><a href=\"https:\/\/ecoyambiente.com\/wp-content\/uploads\/2014\/07\/Cosmos_Cosmos-sp.jpg\"><img loading=\"lazy\" decoding=\"async\" class=\"aligncenter wp-image-4243\" title=\"Cosmos_Cosmos sp\" src=\"https:\/\/ecoyambiente.com\/wp-content\/uploads\/2014\/07\/Cosmos_Cosmos-sp.jpg\" alt=\"Cosmos_Cosmos sp\" width=\"275\" height=\"343\" \/><\/a><\/p>\n<p><span style=\"color: #008000\"><b>Cosmos bordo_Cosmos atrosanguineus<\/b><\/span><\/p>\n<p style=\"text-align: justify\">De la familia de las Compuestas. Planta anual, perenne, bre\u00f1osa, de desarrollo vertical y anual. Alcanza una altura de 60cm y un ancho de 45cm. A fines del verano y al principio del oto\u00f1o produce cabezuelas parecidas a margaritas, en tonos amarillo, naranja o rojo. En lugares c\u00e1lidos los tub\u00e9rculos resisten el invierno siempre y cuando est\u00e9n protegidos \/\/\u00a0Suelo: no debe ser muy f\u00e9rtil, sino m\u00e1s bien ligero o medianamente compacto \/\/ Ubicaci\u00f3n: pleno sol \/\/ Riego: moderado \/\/ Resistente al fr\u00edo \/\/\u00a0Plagas y enfermedades: pulgones. El exceso de agua puede da\u00f1ar sus flores.<\/p>\n<p style=\"text-align: center\"><a href=\"https:\/\/ecoyambiente.com\/wp-content\/uploads\/2014\/07\/Cosmos-bordo_Cosmos-atrosanguineus.jpg\"><img loading=\"lazy\" decoding=\"async\" class=\"aligncenter wp-image-4244\" title=\"Cosmos bordo_Cosmos atrosanguineus\" src=\"https:\/\/ecoyambiente.com\/wp-content\/uploads\/2014\/07\/Cosmos-bordo_Cosmos-atrosanguineus.jpg\" alt=\"Cosmos bordo_Cosmos atrosanguineus\" width=\"272\" height=\"308\" \/><\/a><\/p>\n<p><span style=\"color: #008000\"><b>Crinum_Crinum asiaticum<\/b><\/span><\/p>\n<p style=\"text-align: justify\">Pertenece a la familia de las Amarilid\u00e1ceas. Planta bulbosa, que forma grupos de varios ejemplares. Posee hojas lanceoladas, acintadas y bien erguidas, de hasta 1mt de largo. En primavera y verano los tallos florales dan cabezuelas de flores perfumadas con p\u00e9talos largos y angostos, su color es el blanco. Se multiplica a principios de la primavera, en macetas de 30 cm de di\u00e1metro solo se debe enterrar la mitad de cada bulbo \/\/ Suelo: requiere un suelo con tierra f\u00e9rtil, turba y arena en partes iguales (mejor si no es calc\u00e1reo) \/\/ Ubicaci\u00f3n: pleno sol \/\/ Riego: abundante durante el verano \/\/ Semiresistente al fr\u00edo, durante el invierno se deben cubrir las macetas con turba, paja u hojas \/\/\u00a0Plagas y enfermedades: pulg\u00f3n, trips y \u00e1caros. Moho gris.<\/p>\n<p style=\"text-align: center\"><a href=\"https:\/\/ecoyambiente.com\/wp-content\/uploads\/2014\/07\/Crinum_Crinum-asiaticum.jpg\"><img loading=\"lazy\" decoding=\"async\" class=\"aligncenter wp-image-4245\" title=\"Crinum_Crinum asiaticum\" src=\"https:\/\/ecoyambiente.com\/wp-content\/uploads\/2014\/07\/Crinum_Crinum-asiaticum.jpg\" alt=\"Crinum_Crinum asiaticum\" width=\"273\" height=\"232\" \/><\/a><\/p>\n<p><span style=\"color: #008000\"><b>Crinum_Crinum powelli<\/b><\/span><\/p>\n<p style=\"text-align: justify\">Pertenece a la familia de las Amarilid\u00e1ceas. Planta bulbosa. Tiene un largo cuello formado por hojas lanceoladas y acintadas que pueden llegar a medir 10cm de ancho y 1mt de largo. Los tallos florales no tienen hojas, pueden medir hasta 80cm y sostienen flores perfumadas, blancas o rosa rojizas, con forma de embudo muy parecidas a las Amaryllis o Lillium de hasta 12cm de longitud. La floraci\u00f3n se produce a fines del verano y en oto\u00f1o.\u00a0En el jard\u00edn los bulbos se plantan a principios de la primavera, la distancia entre ellos debe ser de 30 a 45cm y la profundidad de 25 a 30cm. Luego de la floraci\u00f3n, cuando las flores y las hojas se hayan marchitado, los bulbos se pueden extraer del suelo o bien, si el clima es benigno, se puede dejar durante mucho tiempo \/\/ Suelo: requiere un suelo f\u00e9rtil y bien drenado \/\/ Ubicaci\u00f3n: pleno sol \/\/ Riego: frecuente durante el periodo de crecimiento y el verano \/\/ Semiresistente al fr\u00edo \/\/\u00a0Plagas y enfermedades: pulg\u00f3n, trips y \u00e1caros. Moho gris.<\/p>\n<p style=\"text-align: center\"><a href=\"https:\/\/ecoyambiente.com\/wp-content\/uploads\/2014\/07\/Crinum_Crinum-powelli.jpg\"><img loading=\"lazy\" decoding=\"async\" class=\"aligncenter wp-image-4246\" title=\"Crinum_Crinum powelli\" src=\"https:\/\/ecoyambiente.com\/wp-content\/uploads\/2014\/07\/Crinum_Crinum-powelli.jpg\" alt=\"Crinum_Crinum powelli\" width=\"303\" height=\"293\" \/><\/a><\/p>\n<p><span style=\"color: #008000\"><b>Crisantemo_Chrysantheum sp<\/b>.<\/span><\/p>\n<p style=\"text-align: justify\">Perteneciente a la familia de las Compuestas. Es una herb\u00e1cea perenne, resistente y de f\u00e1cil cultivo. Sus hojas son lobuladas o dentadas, pueden ser de color verde claro u oscuro y con un agradable aroma. Posee una variedad de floraci\u00f3n esparcida (hasta 3 tallos por planta) y refleja (flores dobles, con p\u00e9talos ca\u00eddos, que forman una especia de umbela). Se recomienda cortar los extremos de los tallos, para favorecer el desarrollo de los brotes laterales, que es donde aparecen las flores. Los h\u00edbridos de crisantemo son excelentes para la decoraci\u00f3n de jardines, as\u00ed como para flor de corte. Alcanza una altura de 1,20m y un di\u00e1metro de 60cm. Puede necesitar tutores. La floraci\u00f3n se produce en oto\u00f1o \/\/ Suelo: requiere un suelo relativamente f\u00e9rtil y con buen drenaje \/\/ Ubicaci\u00f3n: pleno sol \/\/ Riego: moderado solo para que la tierra permanezca h\u00fameda, no soporta el encharcamiento \/\/ Resistente al fr\u00edo, aunque no soporta las heladas \/\/ Plagas y enfermedades: trips, cochinillas, gusanos y \u00e1caros. Botritis, o\u00eddio, roya y moho gris.<\/p>\n<p style=\"text-align: center\"><a href=\"https:\/\/ecoyambiente.com\/wp-content\/uploads\/2014\/07\/Crisantemo_Chrysantheum-sp.jpg\"><img loading=\"lazy\" decoding=\"async\" class=\"aligncenter wp-image-4247\" title=\"Crisantemo_Chrysantheum sp\" src=\"https:\/\/ecoyambiente.com\/wp-content\/uploads\/2014\/07\/Crisantemo_Chrysantheum-sp.jpg\" alt=\"Crisantemo_Chrysantheum sp\" width=\"300\" height=\"299\" \/><\/a><\/p>\n<p><span style=\"color: #008000\"><b>Crisantemo estrellado_Chrysantheum sp<\/b>.<\/span><\/p>\n<p style=\"text-align: justify\">Perteneciente a la familia de las Compuestas. Es una planta muy resistente y de f\u00e1cil cultivo. \u00a0Variedad de floraci\u00f3n esparcida (hasta 3 tallos por ejemplar) y con forma de cuchara (parecidas a las simples, con p\u00e9talos radiales tubulares y con las extremidades abiertas). Florece en oto\u00f1o y necesita tutores \/\/ Suelo: requiere un suelo bien drenado, f\u00e9rtil y rico en humus \/\/ Ubicaci\u00f3n: pleno sol \/\/ Riego: abundante \/\/ Muy resistente al fr\u00edo \/\/\u00a0Plagas y enfermedades: Ara\u00f1a roja, mosca blanca y pulgones. Moho gris.<\/p>\n<p style=\"text-align: center\"><a href=\"https:\/\/ecoyambiente.com\/wp-content\/uploads\/2014\/07\/Crisantemo-estrellado_Chrysantheum-sp..jpg\"><img loading=\"lazy\" decoding=\"async\" class=\"aligncenter wp-image-4249\" title=\"Crisantemo estrellado_Chrysantheum sp.\" src=\"https:\/\/ecoyambiente.com\/wp-content\/uploads\/2014\/07\/Crisantemo-estrellado_Chrysantheum-sp..jpg\" alt=\"Crisantemo estrellado_Chrysantheum sp.\" width=\"314\" height=\"290\" \/><\/a><\/p>\n<p><span style=\"color: #008000\"><b>Croscomia_Croscomia sp.<\/b><\/span><\/p>\n<p style=\"text-align: justify\">De la familia de las Irid\u00e1ceas. Planta bulbosa. Puede alcanzar de 60cm a 1m de altura. Tiende a formar grupos de varios ejemplares. Florece a fines de verano. Tiene hojas en forma de espada, en posici\u00f3n erguida de color verde claro. Los tallos ramificados sostienen flores rojas, en forma de embudo abierto. En climas fr\u00edos, se le debe proteger durante el invierno. Se multiplica por divisi\u00f3n en primavera. Se multiplica dividiendo los cormos, en climas de mucho fr\u00edo, se deben sacar antes que llegue el invierno, secarlos bien y guardarlos hasta la pr\u00f3xima primavera \/\/\u00a0Suelo: requiere un suelo f\u00e9rtil, con buena materia org\u00e1nica \/\/ Ubicaci\u00f3n: pleno sol, aunque requiere un poco de sombra \/\/ Riego: moderado \/\/ Semiresistente al fr\u00edo, en climas fr\u00edos, se le debe proteger durante el invierno \/\/\u00a0Plagas y enfermedades: es resistente al ataque de insectos.<\/p>\n<p style=\"text-align: center\"><a href=\"https:\/\/ecoyambiente.com\/wp-content\/uploads\/2014\/07\/Croscomia_Croscomia-sp..jpg\"><img loading=\"lazy\" decoding=\"async\" class=\"aligncenter wp-image-4250\" title=\"Croscomia_Croscomia sp.\" src=\"https:\/\/ecoyambiente.com\/wp-content\/uploads\/2014\/07\/Croscomia_Croscomia-sp..jpg\" alt=\"Croscomia_Croscomia sp.\" width=\"311\" height=\"323\" \/><\/a><\/p>\n<p><span style=\"color: #008000\"><b>Crocus_Crocus etruscus<\/b><\/span><\/p>\n<p style=\"text-align: justify\">Perteneciente a la familia de las Irid\u00e1ceas. Especie bulbosa, m\u00e1s bien baja, de hasta 10cm de alto, de f\u00e1cil cultivo. Planta ideal para cultivar en macetas, as\u00ed como en jardines de roca. Florece en primavera. Tiene hojas basales muy angostas, bastante erguidas, de color verde oscuro, con l\u00edneas blancas. Da flores de colores intensos, como violeta y amarillo, en forma de embudo y con un tubo muy largo, en grupos de a 5 por pie. Se puede usar como planta de interior. Se multiplica por semillas a principios de oto\u00f1o, o por divisi\u00f3n cuando aparecen los bulbitos laterales. Se deben eliminar las partes secas o marchitas \/\/ Suelo: requiere suelos bien drenados \/\/ Ubicaci\u00f3n: pleno sol o media sombra \/\/ Riego: muy escaso \/\/ Muy resistente al fr\u00edo \/\/\u00a0Plagas y enfermedades: pulgones, \u00e1caros y nematodos. Los bulbos pueden ser atacados por hongos.<\/p>\n<p style=\"text-align: center\"><a href=\"https:\/\/ecoyambiente.com\/wp-content\/uploads\/2014\/07\/Crocus_Crocus-etruscus.jpg\"><img loading=\"lazy\" decoding=\"async\" class=\"aligncenter wp-image-4252\" title=\"Crocus_Crocus etruscus\" src=\"https:\/\/ecoyambiente.com\/wp-content\/uploads\/2014\/07\/Crocus_Crocus-etruscus.jpg\" alt=\"Crocus_Crocus etruscus\" width=\"312\" height=\"298\" \/><\/a><\/p>\n<p><span style=\"color: #008000\"><b style=\"font-size: 14px;line-height: 1.5em\">Cufea_Cuphea sp.<\/b><\/span><\/p>\n<p>De la familia de las Litr\u00e1ceas. Subarbusto de porte compacto, redondeado, puede alcanzar los 60cm de altura, con hojas angostas y ovales, aterciopeladas, de color verde oscuro algo brilllante. Se destaca por su floraci\u00f3n estival de flores tubulares de color naranja rojizo, amarillo y violeta. Se deben eliminar los tallos floridos marchitos, para prolongar la floraci\u00f3n. Se multiplica por\u00a0 semilla en primavera y por esqueje verde en primavera o verano \/\/ Suelo: requiere un suelo f\u00e9rtil y bien drenado \/\/ Ubicaci\u00f3n: pleno sol \/\/ Riego: hay que regarla en abundancia cuando est\u00e1 creciendo y con moderaci\u00f3n durante el resto del a\u00f1o \/\/ Poco resistente al fr\u00edo, es sensible a las heladas, no soporta temperaturas menores a los 10\u00b0 \/\/\u00a0Plagas y enfermedades: es susceptible al ataque de la ara\u00f1uela roja, aunque muy resistente al ataque de las plagas o enfermedades.<\/p>\n<p style=\"text-align: center\"><a href=\"https:\/\/ecoyambiente.com\/wp-content\/uploads\/2014\/07\/Cufea_Cuphea-sp..jpg\"><img loading=\"lazy\" decoding=\"async\" class=\"aligncenter wp-image-4253\" title=\"Cufea_Cuphea sp.\" src=\"https:\/\/ecoyambiente.com\/wp-content\/uploads\/2014\/07\/Cufea_Cuphea-sp..jpg\" alt=\"Cufea_Cuphea sp.\" width=\"278\" height=\"272\" \/><\/a><\/p>\n<p><span style=\"color: #008000\"><b>Cymbidium grandiflorum_Cymbidium sp<\/b>.<\/span><\/p>\n<p>Integra la familia de las orqu\u00eddeas, es una de la m\u00e1s resistente. Variedad ep\u00edfita, que alcanza una altura de 75cm. Las hojas son largas, angostas y su color es el verde claro. En invierno, da racimos de flores color verde oscuro, de unos 10cm de di\u00e1metro, con un labio de color blanco y manchas pardas \/\/ Ubicaci\u00f3n: requieren mucha luz pero no sol directo \/\/ Riego: abundante en primavera y verano, cuidar que no se encharque \/\/ Semiresistente al fr\u00edo, es sensible a las heladas \/\/\u00a0Plagas y enfermedades: puede ser atacada por la ara\u00f1a roja, cochinillas y trips. Algunos virus.<\/p>\n<p style=\"text-align: center\"><a href=\"https:\/\/ecoyambiente.com\/wp-content\/uploads\/2014\/07\/Cymbidium-grandiflorum_Cymbidium-sp..jpg\"><img loading=\"lazy\" decoding=\"async\" class=\"aligncenter wp-image-4254\" title=\"Cymbidium grandiflorum_Cymbidium sp.\" src=\"https:\/\/ecoyambiente.com\/wp-content\/uploads\/2014\/07\/Cymbidium-grandiflorum_Cymbidium-sp..jpg\" alt=\"Cymbidium grandiflorum_Cymbidium sp.\" width=\"309\" height=\"290\" \/><\/a><\/p>\n<p style=\"text-align: center\">&#8212;&#8212;&#8212;- 00000 &#8212;&#8212;&#8212;-<\/p>\n<p style=\"text-align: center\"><span style=\"color: #ff0000\"><u>Recordar que este Insecticida ecol\u00f3gico (a base de Tierra de Diatomeas micronizadas de Eco y Ambiente) no es un veneno, no deja olor desagradable, no es toxico, posee un largo efecto residual (m\u00e1s de 6 meses) cuando es aplicado en interiores que no se hallan expuestos a lluvias.\u201cNo presenta riesgo alguno para personas, animales y plantas&#8221;<\/u><\/span><\/p>\n<p style=\"text-align: center\">&#8212;&#8212;&#8212;- 00000 &#8212;&#8212;&#8212;-<\/p>\n<h4><span style=\"color: #0000ff\">Elabor\u00f3: Eco y Ambiente, venta y distribuci\u00f3n: Insecticidas Ecol\u00f3gicos:<\/span><\/h4>\n<ul>\n<li><span style=\"color: #0000ff\">Tierra de Diatomeas micronizadas, premium.<\/span><\/li>\n<li><span style=\"color: #0000ff\">Aceite de Neem<\/span><\/li>\n<li><span style=\"color: #0000ff\">Jab\u00f3n Pot\u00e1sico<\/span><\/li>\n<li><span style=\"color: #0000ff\">Aceite de canela\u00a0<\/span><\/li>\n<\/ul>\n<p style=\"text-align: center\">&#8212;&#8212;&#8212;- 00000 &#8212;&#8212;&#8212;-<\/p>\n<h5><span style=\"color: #ff0000\">Para m\u00e1s informaci\u00f3n sobre el Insecticida Ecol\u00f3gico Tierra de Diatomeas Micronizadas, premium. Ingresar en:<\/span><strong>\u00a0<\/strong><span style=\"color: #800000\"><u><a style=\"color: #800000\" href=\"https:\/\/ecoyambiente.com\/?page_id=59\">https:\/\/ecoyambiente.com\/?page_id=59<\/a><\/u><\/span><\/h5>\n<p style=\"text-align: center\">&#8212;&#8212;&#8212;- 00000 &#8212;&#8212;&#8212;-<\/p>\n","protected":false},"excerpt":{"rendered":"<p>Existe en la web much\u00edsima informaci\u00f3n sobre flores, plantas, \u00e1rboles, arbustos y sobre el jard\u00edn en general y libros con excelentes consejos para lograr muy buenos resultados, pero hay un detalle que no es menor, mucho de lo publicado e impreso es importado. Por lo tanto es dif\u00edcil encontrar publicaciones que informen sobre los ejemplares [&hellip;]<\/p>\n","protected":false},"author":2,"featured_media":0,"comment_status":"open","ping_status":"closed","sticky":false,"template":"","format":"standard","meta":{"footnotes":""},"categories":[181],"tags":[391,16,17,1953,42,1954,1070,1955,1956,1957,811,1444,1958,1959,1960,1961,1962,736,1963,1964,1965,1966,1967,1968,926,1969,1098,1072,1970,1971,1324,1972,182,960,1973,1271,1974,476,1975,1976,1977,1978,1979,1980,1370,1981,1982,781,1983,435,1984,1452,1985,1986,1987,1988,1989,1990,1991,1992,1993,1994,516,1590,1995,848,46,47,22,1996,25,1997,1998,1335,110,801,1999,245,2000,57,32,122,2001,2002],"class_list":["post-4213","post","type-post","status-publish","format-standard","hentry","category-tips-de-jardineria","tag-acaros","tag-aceite-de-canela","tag-aceite-de-neem","tag-antirrhinum-majus","tag-bacterias","tag-bibi-en-uruguay","tag-cala","tag-calceolaria","tag-calceolaria-darwinii","tag-calendul","tag-calendula-officinalis","tag-campanilla","tag-campanula-carpatica","tag-caracoles","tag-celosia","tag-celosia-cristata","tag-cerastium","tag-cerastium-tomentosum","tag-ceratostigma","tag-ceriflor","tag-cerinthe-mayor","tag-chloraea-magallanica","tag-chloraea-subpandurata","tag-chrysantheum-sp","tag-cineraria","tag-clavel-del-poeta","tag-clavelina","tag-clematide","tag-cleome","tag-cleome-sp","tag-clivia","tag-clivia-sp","tag-cochinillas","tag-columnea","tag-columnea-crassifolia","tag-conejitos","tag-coral-de-invierno","tag-coreopsis","tag-coreopsis-lanceolada","tag-corona-de-cristo","tag-cosmos","tag-cosmos-atrosanguineus","tag-cosmos-bordo","tag-cosmos-sp","tag-crinum","tag-crinum-asiaticum","tag-crinum-powelli","tag-crisantemo","tag-crisantemo-estrellado","tag-crocus","tag-crocus-etruscus","tag-croscomia","tag-croscomia-sp","tag-cufea","tag-cuphea-sp","tag-cymbidium-grandiflorum","tag-cymbidium-sp","tag-cypella-herbetii","tag-dianthus-barbatus","tag-esquejes","tag-euphorbia-milii-splendens","tag-falso-plumbago","tag-floracion","tag-frio","tag-gusanos","tag-herbacea-perenne","tag-hongos","tag-insecticida-ecologico","tag-jabon-potasico","tag-lirio-del-bajo","tag-mosca-blanca","tag-palomera","tag-pata-de-vaca","tag-pleno-sol","tag-pulgon","tag-roya","tag-salvia-splendens","tag-semillas","tag-senecio-confussus","tag-tierra-de-diatomeas","tag-tierra-de-diatomeas-micronizadas","tag-trips","tag-virosis","tag-zantedeschia-sp"],"acf":[],"_links":{"self":[{"href":"https:\/\/ecoyambiente.com\/index.php?rest_route=\/wp\/v2\/posts\/4213","targetHints":{"allow":["GET"]}}],"collection":[{"href":"https:\/\/ecoyambiente.com\/index.php?rest_route=\/wp\/v2\/posts"}],"about":[{"href":"https:\/\/ecoyambiente.com\/index.php?rest_route=\/wp\/v2\/types\/post"}],"author":[{"embeddable":true,"href":"https:\/\/ecoyambiente.com\/index.php?rest_route=\/wp\/v2\/users\/2"}],"replies":[{"embeddable":true,"href":"https:\/\/ecoyambiente.com\/index.php?rest_route=%2Fwp%2Fv2%2Fcomments&post=4213"}],"version-history":[{"count":0,"href":"https:\/\/ecoyambiente.com\/index.php?rest_route=\/wp\/v2\/posts\/4213\/revisions"}],"wp:attachment":[{"href":"https:\/\/ecoyambiente.com\/index.php?rest_route=%2Fwp%2Fv2%2Fmedia&parent=4213"}],"wp:term":[{"taxonomy":"category","embeddable":true,"href":"https:\/\/ecoyambiente.com\/index.php?rest_route=%2Fwp%2Fv2%2Fcategories&post=4213"},{"taxonomy":"post_tag","embeddable":true,"href":"https:\/\/ecoyambiente.com\/index.php?rest_route=%2Fwp%2Fv2%2Ftags&post=4213"}],"curies":[{"name":"wp","href":"https:\/\/api.w.org\/{rel}","templated":true}]}}