{"id":2306,"date":"2013-10-04T21:30:47","date_gmt":"2013-10-04T21:30:47","guid":{"rendered":"http:\/\/ecoyambiente.com\/?p=2306"},"modified":"2013-10-04T21:30:47","modified_gmt":"2013-10-04T21:30:47","slug":"consejos-para-plantar-perennes","status":"publish","type":"post","link":"https:\/\/ecoyambiente.com\/?p=2306","title":{"rendered":"Consejos para plantar Perennes"},"content":{"rendered":"<p>Las perennes pueden plantarse en cualquier \u00e9poca del a\u00f1o, salvo en condiciones meteorol\u00f3gicas extremas. Por lo general crecen r\u00e1pidamente y dan buenos resultados durante el primer a\u00f1o.<\/p>\n<p style=\"text-align: center\"><a href=\"https:\/\/ecoyambiente.com\/wp-content\/uploads\/2013\/10\/Bordura-de-perennes.jpg\"><img loading=\"lazy\" decoding=\"async\" class=\"aligncenter wp-image-2307\" title=\"Bordura de Perennes.\" src=\"https:\/\/ecoyambiente.com\/wp-content\/uploads\/2013\/10\/Bordura-de-perennes.jpg\" alt=\"Bordura de Perennes.\" width=\"413\" height=\"314\" \/><\/a><\/p>\n<p><span style=\"color: #008000\"><b>COMO RETIRARLAS DE LA MACETA<\/b><\/span><\/p>\n<p>Coloque la maceta boca abajo y de unos golpecitos firmes en la base con la mano. La planta deber\u00eda deslizarse fuera de la maceta r\u00e1pida y f\u00e1cilmente, es momento de revisar que las ra\u00edces no est\u00e9n muy apelmazadas, de ser as\u00ed, se pueden soltar un poco y podar levemente.<\/p>\n<p style=\"text-align: center\"><a href=\"https:\/\/ecoyambiente.com\/wp-content\/uploads\/2013\/10\/Retirando-una-planta-de-la-maceta.jpg\"><img loading=\"lazy\" decoding=\"async\" class=\"aligncenter wp-image-2309\" title=\"Retirando una planta de la maceta\" src=\"https:\/\/ecoyambiente.com\/wp-content\/uploads\/2013\/10\/Retirando-una-planta-de-la-maceta.jpg\" alt=\"Retirando una planta de la maceta\" width=\"393\" height=\"362\" \/><\/a><\/p>\n<p><span style=\"color: #008000\"><b>EFECTUAR UNA PODA PREVENTIVA<\/b><\/span><\/p>\n<p>Para reducir el estr\u00e9s de una planta si la plantaci\u00f3n tiene lugar con tiempo seco o caluroso, pode las flores y las hojas grandes antes de plantarla. Proporcione sombra a la planta.<\/p>\n<p><a href=\"https:\/\/ecoyambiente.com\/wp-content\/uploads\/2013\/10\/Poda-preventiva-de-una-planta.jpg\"><img loading=\"lazy\" decoding=\"async\" class=\"aligncenter size-full wp-image-2311\" src=\"https:\/\/ecoyambiente.com\/wp-content\/uploads\/2013\/10\/Poda-preventiva-de-una-planta.jpg\" alt=\"Poda preventiva de una planta\" width=\"250\" height=\"187\" \/><\/a><\/p>\n<p><b>LUGAR DE PLANTACION<\/b><\/p>\n<p style=\"text-align: justify\">El sector de plantado debe estar libre de malezas, ra\u00edces viejas, restos de plantas ya muertas, piedras, cascotes, etc. Debemos retirar todo lo mencionado, trabajar muy bien la tierra (m\u00ednimo 20cm de profundidad) hasta que este suelta, aireada, mullida y \u00a0debemos aplicar materia org\u00e1nica para nutrirlo (mezclar turba, mantillo, compost, esti\u00e9rcol con la tierra), sino podemos aportarle abono org\u00e1nico podremos agregarle fertilizante 15-15-15 a raz\u00f3n de 100 gr por m2.<\/p>\n<p style=\"text-align: justify\">En caso de que el suelo sea arcilloso, se agregar\u00e1 arena gruesa, resaca, compost o perlitas.<\/p>\n<p style=\"text-align: justify\">Luego de introducir la planta en el hoyo, recordar que el cuello no debe quedar debajo del nivel de la tierra y siempre presionar a esta ultima con las manos para eliminar las bolsas de aire. Tambi\u00e9n el riego post plantaci\u00f3n debe ser bien profundo, tratando de no mojar las flores.<\/p>\n<p><a href=\"https:\/\/ecoyambiente.com\/wp-content\/uploads\/2013\/10\/Plantando.jpg\"><img loading=\"lazy\" decoding=\"async\" class=\"aligncenter size-full wp-image-4622\" src=\"https:\/\/ecoyambiente.com\/wp-content\/uploads\/2013\/10\/Plantando.jpg\" alt=\"Plantando\" width=\"340\" height=\"299\" \/><\/a><\/p>\n<p><b>DISTANCIA DE PLANTADO<\/b><\/p>\n<p style=\"text-align: justify\">Debemos tener en cuenta la anchura y la altura de crecimiento de la planta elegida antes de plantarla, as\u00ed, podremos asegurarnos en dejar la distancia correcta, esta distancia var\u00eda entre 25 a 45 cm entre plantas.<\/p>\n<p style=\"text-align: justify\">Una bordura de herb\u00e1ceas plantada correctamente puede parecer muy poco poblado cuando se acaba de plantar. Utilice bulbos y plantas de estaci\u00f3n (temporales) para rellenar los huecos.<\/p>\n<p style=\"text-align: justify\">Debemos tener en cuenta la estaci\u00f3n de floraci\u00f3n de cada perenne, as\u00ed como su apariencia en invierno. La mayor\u00eda de perennes se marchitan en invierno. Para lograr una exposici\u00f3n eficaz, plante juntos varios ejemplares de cada tipo de planta.<\/p>\n<p><a href=\"https:\/\/ecoyambiente.com\/wp-content\/uploads\/2013\/10\/Distancia-de-plantado.jpg\"><img loading=\"lazy\" decoding=\"async\" class=\"aligncenter size-full wp-image-2313\" src=\"https:\/\/ecoyambiente.com\/wp-content\/uploads\/2013\/10\/Distancia-de-plantado.jpg\" alt=\"Distancia de plantado\" width=\"458\" height=\"274\" \/><\/a><\/p>\n<p style=\"text-align: center\">&#8212;&#8212;&#8212;- 00000 &#8212;&#8212;&#8212;-<\/p>\n<p style=\"text-align: center\"><span style=\"color: #ff0000\"><u>Recordar que este Insecticida ecol\u00f3gico (a base de Tierra de Diatomeas micronizadas de Eco y Ambiente) no es un veneno, no deja olor desagradable, no es toxico, posee un largo efecto residual (m\u00e1s de 6 meses) cuando es aplicado en interiores que no se hallan expuestos a lluvias.\u201cNo presenta riesgo alguno para personas, animales y plantas&#8221;<\/u><\/span><\/p>\n<p style=\"text-align: center\">&#8212;&#8212;&#8212;- 00000 &#8212;&#8212;&#8212;-<\/p>\n<h4><span style=\"color: #0000ff\">Elabor\u00f3: Eco y Ambiente, venta y distribuci\u00f3n: Insecticidas Ecol\u00f3gicos:<\/span><\/h4>\n<ul>\n<li><span style=\"color: #0000ff\">Tierra de Diatomeas micronizadas, premium.<\/span><\/li>\n<li><span style=\"color: #0000ff\">Aceite de Neem<\/span><\/li>\n<li><span style=\"color: #0000ff\">Jab\u00f3n Pot\u00e1sico<\/span><\/li>\n<li><span style=\"color: #0000ff\">Aceite de canela\u00a0<\/span><\/li>\n<\/ul>\n<p style=\"text-align: center\">&#8212;&#8212;&#8212;- 00000 &#8212;&#8212;&#8212;-<\/p>\n<h5><span style=\"color: #ff0000\">Para m\u00e1s informaci\u00f3n sobre el Insecticida Ecol\u00f3gico Tierra de Diatomeas Micronizadas, premium. Ingresar en:<\/span><strong>\u00a0<\/strong><span style=\"color: #800000\"><u><a style=\"color: #800000\" href=\"https:\/\/ecoyambiente.com\/?page_id=59\">https:\/\/ecoyambiente.com\/?page_id=59<\/a><\/u><\/span><\/h5>\n<p style=\"text-align: center\">&#8212;&#8212;&#8212;- 00000 &#8212;&#8212;&#8212;-<\/p>\n","protected":false},"excerpt":{"rendered":"<p>Las perennes pueden plantarse en cualquier \u00e9poca del a\u00f1o, salvo en condiciones meteorol\u00f3gicas extremas. Por lo general crecen r\u00e1pidamente y dan buenos resultados durante el primer a\u00f1o. COMO RETIRARLAS DE LA MACETA Coloque la maceta boca abajo y de unos golpecitos firmes en la base con la mano. La planta deber\u00eda deslizarse fuera de la [&hellip;]<\/p>\n","protected":false},"author":2,"featured_media":0,"comment_status":"open","ping_status":"closed","sticky":false,"template":"","format":"standard","meta":{"footnotes":""},"categories":[181],"tags":[16,17,1144,513,1316,417,1317,514,846,428,22,184,485,741,197,442,639,288,1318,1319,504,1320,653,1321,32,447],"class_list":["post-2306","post","type-post","status-publish","format-standard","hentry","category-tips-de-jardineria","tag-aceite-de-canela","tag-aceite-de-neem","tag-arcilloso","tag-arena-gruesa","tag-bordura-de-herbaceas","tag-bulbos","tag-cascotes","tag-compost","tag-estiercol","tag-invierno","tag-jabon-potasico","tag-maceta","tag-malezas","tag-mantillo","tag-materia-organica","tag-perennes","tag-perlitas","tag-piedras","tag-plantacion","tag-poda-preventiva","tag-raices","tag-raices-viejas","tag-resaca","tag-restos-de-plantas","tag-tierra-de-diatomeas-micronizadas","tag-turba"],"acf":[],"_links":{"self":[{"href":"https:\/\/ecoyambiente.com\/index.php?rest_route=\/wp\/v2\/posts\/2306","targetHints":{"allow":["GET"]}}],"collection":[{"href":"https:\/\/ecoyambiente.com\/index.php?rest_route=\/wp\/v2\/posts"}],"about":[{"href":"https:\/\/ecoyambiente.com\/index.php?rest_route=\/wp\/v2\/types\/post"}],"author":[{"embeddable":true,"href":"https:\/\/ecoyambiente.com\/index.php?rest_route=\/wp\/v2\/users\/2"}],"replies":[{"embeddable":true,"href":"https:\/\/ecoyambiente.com\/index.php?rest_route=%2Fwp%2Fv2%2Fcomments&post=2306"}],"version-history":[{"count":0,"href":"https:\/\/ecoyambiente.com\/index.php?rest_route=\/wp\/v2\/posts\/2306\/revisions"}],"wp:attachment":[{"href":"https:\/\/ecoyambiente.com\/index.php?rest_route=%2Fwp%2Fv2%2Fmedia&parent=2306"}],"wp:term":[{"taxonomy":"category","embeddable":true,"href":"https:\/\/ecoyambiente.com\/index.php?rest_route=%2Fwp%2Fv2%2Fcategories&post=2306"},{"taxonomy":"post_tag","embeddable":true,"href":"https:\/\/ecoyambiente.com\/index.php?rest_route=%2Fwp%2Fv2%2Ftags&post=2306"}],"curies":[{"name":"wp","href":"https:\/\/api.w.org\/{rel}","templated":true}]}}