{"id":2253,"date":"2013-10-01T14:50:55","date_gmt":"2013-10-01T14:50:55","guid":{"rendered":"http:\/\/ecoyambiente.com\/?p=2253"},"modified":"2013-10-01T14:50:55","modified_gmt":"2013-10-01T14:50:55","slug":"primavera-tareas-de-estacion","status":"publish","type":"post","link":"https:\/\/ecoyambiente.com\/?p=2253","title":{"rendered":"Primavera, comienzan las tareas de estaci\u00f3n."},"content":{"rendered":"<p><span style=\"color: #008000\"><b>CESPED<\/b><\/span><\/p>\n<p style=\"text-align: justify\">La llegada de la primavera nos recuerda que debemos recomenzar con el cuidado m\u00e1s intensivo del c\u00e9sped. Bajar la altura de corte del c\u00e9sped de invierno (Rye-Grass) para que la carpeta de verano (kikuyo, bermuda, gramill\u00f3n) comience a recibir luz y calor, e inicie un r\u00e1pido crecimiento.<\/p>\n<p style=\"text-align: justify\">Controlar minuciosamente las malezas tipo tr\u00e9bol, hoja ancha, podemos aplicar con mucho cuidado un herbicida selectivo.<\/p>\n<p style=\"text-align: justify\">Si hay desniveles aproveche para solucionarlos haciendo una nivelaci\u00f3n con arena o tierra.<\/p>\n<p style=\"text-align: justify\">En esta \u00e9poca, es el momento ideal para resembrar sectores d\u00f3nde tenga tierra o el pasto se haya echado a perder. Recordemos que es muy importante comprar\u00a0 semillas de buena calidad y hacer un recambio de tierra en dichos sectores.<\/p>\n<p>La frecuencia de riego, debemos aumentarla a medida que avancen los calores.<\/p>\n<p style=\"text-align: center\"><a href=\"https:\/\/ecoyambiente.com\/wp-content\/uploads\/2013\/10\/Desniveles-en-el-cesped_correcci\u00f3n.jpg\"><img loading=\"lazy\" decoding=\"async\" class=\"aligncenter size-full wp-image-3221\" src=\"https:\/\/ecoyambiente.com\/wp-content\/uploads\/2013\/10\/Desniveles-en-el-cesped_correcci\u00f3n.jpg\" alt=\"Desniveles en el cesped_correcci\u00f3n\" width=\"190\" height=\"129\" \/><\/a><\/p>\n<p><span style=\"color: #008000\"><b>PLANTAS ANUALES<\/b><\/span><\/p>\n<p style=\"text-align: justify\">Continuar cortando las flores viejas de las violas, pensamientos, linarias, cynoglossum, violeta de los Alpes, para alargar su floraci\u00f3n.<\/p>\n<p style=\"text-align: justify\">Si hubiera huecos en los canteros aprovechemos para darles una punteada profunda y aportarles materia org\u00e1nica: resaca, compost, lombricompuesto, as\u00ed, quedaran listos para plantar las primeras flores de verano.<\/p>\n<p style=\"text-align: center\"><a href=\"https:\/\/ecoyambiente.com\/wp-content\/uploads\/2013\/09\/Pensamientos.jpg\"><img loading=\"lazy\" decoding=\"async\" class=\"aligncenter size-full wp-image-2256\" title=\"Pensamientos\" src=\"https:\/\/ecoyambiente.com\/wp-content\/uploads\/2013\/09\/Pensamientos.jpg\" alt=\"Pensamientos\" width=\"214\" height=\"287\" \/><\/a><\/p>\n<p><span style=\"color: #008000\"><strong>PLANTAS PERENNES<\/strong><\/span><\/p>\n<p style=\"text-align: justify\">Podar y limpiar todas las partes secas de las plantas perennes tipo: achilleas, salvias azules, rudbeckias, gallard\u00edas, stachys.<\/p>\n<p style=\"text-align: justify\">Aprovechar para limpiar a fondo los canteros de hemerocallis y dejarlos perfectos para la floraci\u00f3n de primavera.<\/p>\n<p style=\"text-align: justify\">Comienza la \u00e9poca de controlar las plagas, por ejemplo ver que los pulgones no se alojen en la base de las hojas de las hemerocallis. En caso necesario aplicar un insecticida espolvoreando o pulverizando bien las hojas.<\/p>\n<p style=\"text-align: justify\">Es un buen momento para aprovechar si quedaron algunas matas y dividir: agapantos, hemerocallis, lirios.<\/p>\n<p style=\"text-align: justify\">En los canteros de perennes fertilice las matas viejas aportando materia org\u00e1nica. No olvidar que de esto depender\u00e1 el \u00e9xito de la futura floraci\u00f3n.<\/p>\n<p style=\"text-align: justify\">Debemos ir preparando los soportes o tutores para cualquier herb\u00e1cea perenne alta, como poner tutor en las Dalias altas.<\/p>\n<p>Esta \u00e9poca es ideal para plantar gram\u00edneas decorativas: pennisetum, carex, miscanthus, etc.<\/p>\n<p style=\"text-align: center\"><a href=\"https:\/\/ecoyambiente.com\/wp-content\/uploads\/2013\/09\/Achillea.jpg\"><img loading=\"lazy\" decoding=\"async\" class=\"aligncenter size-medium wp-image-2257\" title=\"Achillea\" src=\"https:\/\/ecoyambiente.com\/wp-content\/uploads\/2013\/09\/Achillea-267x300.jpg\" alt=\"Achillea\" width=\"267\" height=\"300\" \/><\/a><\/p>\n<p><span style=\"color: #008000\"><b>ARBOLES FRUTALES<\/b><\/span><\/p>\n<p style=\"text-align: justify\">Como pasaron los fuertes fr\u00edos, podemos dedicarnos a la plantaci\u00f3n de frutales c\u00edtricos. Es importante recordar que debemos, en el vivero, revisar y comprar plantas saludables, bien formadas y darles buena calidad de tierra en el momento de la plantaci\u00f3n.<\/p>\n<p style=\"text-align: justify\">Limpiar de malezas la base de los frutales.<\/p>\n<p style=\"text-align: justify\">Estar atentos, controlar la aparici\u00f3n de plagas y enfermedades, revisar peri\u00f3dicamente y fumigar si fuese necesario.<\/p>\n<p style=\"text-align: center\"><a href=\"https:\/\/ecoyambiente.com\/wp-content\/uploads\/2013\/09\/Frutales.jpg\"><img loading=\"lazy\" decoding=\"async\" class=\"aligncenter size-medium wp-image-2258\" title=\"Frutales en macetas\" src=\"https:\/\/ecoyambiente.com\/wp-content\/uploads\/2013\/09\/Frutales-300x300.jpg\" alt=\"Frutales en macetas\" width=\"300\" height=\"300\" \/><\/a><\/p>\n<p><span style=\"color: #008000\"><b>HUERTA<\/b><\/span><\/p>\n<p style=\"text-align: justify\">Debemos terminar de preparar los canteros aport\u00e1ndoles todo el abono necesario, ya es el momento de pensar y planificar las siembras de primavera \u00a0e incluso de verano.<\/p>\n<p style=\"text-align: justify\">Sembrar directamente: zanahoria, lechuga, acelga, repollos, perejil y si las temperaturas son bien c\u00e1lidas, se puede sembrar tomates y zapallos.<\/p>\n<p style=\"text-align: center\"><a href=\"https:\/\/ecoyambiente.com\/wp-content\/uploads\/2013\/09\/Producto-de-la-huerta.jpg\"><img loading=\"lazy\" decoding=\"async\" class=\"aligncenter size-medium wp-image-2259\" title=\"Producto de la huerta\" src=\"https:\/\/ecoyambiente.com\/wp-content\/uploads\/2013\/09\/Producto-de-la-huerta-300x238.jpg\" alt=\"Producto de la huerta\" width=\"300\" height=\"238\" \/><\/a><\/p>\n<p><span style=\"color: #008000\"><b>ARBOLES Y ARBUSTOS<\/b><\/span><\/p>\n<p style=\"text-align: justify\">Aprovechemos antes de que lleguen los primeros calores para terminar con las plantaciones.<\/p>\n<p style=\"text-align: justify\">Hay que podar despu\u00e9s de la floraci\u00f3n a las coronas de novias, retamas, membrillero de flor, glicinas, forsythias, manzanos de flor, viburnum opulus, weigelia, etc.<\/p>\n<p style=\"text-align: justify\">Si no fertilizamos los rosales en el momento de la poda, podemos hacerlo y tambi\u00e9n fumigarlos preventivamente contra los hongos como: mancha negra del rosal, el mildiu o la roya.<\/p>\n<p style=\"text-align: center\"><a href=\"https:\/\/ecoyambiente.com\/wp-content\/uploads\/2013\/09\/Glicina.jpg\"><img loading=\"lazy\" decoding=\"async\" class=\"aligncenter size-medium wp-image-2260\" title=\"Glicina\" src=\"https:\/\/ecoyambiente.com\/wp-content\/uploads\/2013\/09\/Glicina-280x300.jpg\" alt=\"Glicina\" width=\"280\" height=\"300\" \/><\/a><\/p>\n<p><span style=\"color: #008000\"><b>PLANTAS DE INTERIOR<\/b><\/span><\/p>\n<p style=\"text-align: justify\">Si observamos que las ra\u00edces de la planta ocupan todo el pan de tierra de la maceta, debemos darles m\u00e1s lugar y pasarla a una maceta de mayor tama\u00f1o, agregando tierra de muy buena calidad.<\/p>\n<p style=\"text-align: justify\">Recordar tapar el drenaje de la maceta con piedra partida o trozos de una maceta rota para evitar que se tape y siempre pueda escurrir el agua sobrante.<\/p>\n<p style=\"text-align: justify\">En esta \u00e9poca las plantas empezaran a crecer con m\u00e1s fuerza, por lo tanto se deben abonar con materia org\u00e1nica y un abono completo.<\/p>\n<p style=\"text-align: justify\">Revisar las plantas minuciosamente para detectar la aparici\u00f3n de cochinillas y\/o pulgones.<\/p>\n<p style=\"text-align: center\"><a href=\"https:\/\/ecoyambiente.com\/wp-content\/uploads\/2013\/09\/Calceolaria.jpg\"><img loading=\"lazy\" decoding=\"async\" class=\"aligncenter size-medium wp-image-2262\" title=\"Calceolaria\" src=\"https:\/\/ecoyambiente.com\/wp-content\/uploads\/2013\/09\/Calceolaria-300x221.jpg\" alt=\"Calceolaria\" width=\"300\" height=\"221\" \/><\/a><\/p>\n<p><span style=\"color: #008000\"><b>BALCONES Y TERRAZAS<\/b><\/span><\/p>\n<p style=\"text-align: justify\">Hacer los \u00faltimos retoques en las macetas o maceteros. Abonarlas con materia org\u00e1nica y si queremos asegurar un mayor vigor incorporar un fertilizante org\u00e1nico.<\/p>\n<p style=\"text-align: justify\">En las macetas con bordes descubiertos podemos poner plantas colgantes tipo: hiedra inglesa, tradescantias, cissus, geranios simples, etc.<\/p>\n<p style=\"text-align: justify\">Hacer una poda fuerte en los Geranios en macetas, eliminando ramas le\u00f1osas y hojas viejas, as\u00ed quedaran listos para su floraci\u00f3n de primavera-verano.<\/p>\n<p style=\"text-align: center\"><a href=\"https:\/\/ecoyambiente.com\/wp-content\/uploads\/2013\/09\/Flores-en-el-balcon.jpg\"><img loading=\"lazy\" decoding=\"async\" class=\"aligncenter size-full wp-image-2267\" title=\"Flores en el balcon\" src=\"https:\/\/ecoyambiente.com\/wp-content\/uploads\/2013\/09\/Flores-en-el-balcon.jpg\" alt=\"Flores en el balcon\" width=\"233\" height=\"300\" \/><\/a><\/p>\n<p style=\"text-align: center\">&#8212;&#8212;&#8212;- 00000 &#8212;&#8212;&#8212;-<\/p>\n<p style=\"text-align: center\"><span style=\"color: #ff0000\"><u>Recordar que este Insecticida ecol\u00f3gico (a base de Tierra de Diatomeas micronizadas de Eco y Ambiente) no es un veneno, no deja olor desagradable, no es toxico, posee un largo efecto residual (m\u00e1s de 6 meses) cuando es aplicado en interiores que no se hallan expuestos a lluvias.\u201cNo presenta riesgo alguno para personas, animales y plantas&#8221;<\/u><\/span><\/p>\n<p style=\"text-align: center\">&#8212;&#8212;&#8212;- 00000 &#8212;&#8212;&#8212;-<\/p>\n<h4><span style=\"color: #0000ff\">Elabor\u00f3: Eco y Ambiente, venta y distribuci\u00f3n: Insecticidas Ecol\u00f3gicos:<\/span><\/h4>\n<ul>\n<li><span style=\"color: #0000ff\">Tierra de Diatomeas micronizadas, premium.<\/span><\/li>\n<li><span style=\"color: #0000ff\">Aceite de Neem<\/span><\/li>\n<li><span style=\"color: #0000ff\">Jab\u00f3n Pot\u00e1sico<\/span><\/li>\n<li><span style=\"color: #0000ff\">Aceite de canela\u00a0<\/span><\/li>\n<\/ul>\n<p style=\"text-align: center\">&#8212;&#8212;&#8212;- 00000 &#8212;&#8212;&#8212;-<\/p>\n<h5><span style=\"color: #ff0000\">Para m\u00e1s informaci\u00f3n sobre el Insecticida Ecol\u00f3gico Tierra de Diatomeas micronizadas, premium. Ingresar en:<\/span><strong>\u00a0<\/strong><span style=\"color: #800000\"><u><a style=\"color: #800000\" href=\"https:\/\/ecoyambiente.com\/?page_id=59\">https:\/\/ecoyambiente.com\/?page_id=59<\/a><\/u><\/span><\/h5>\n<p style=\"text-align: center\">&#8212;&#8212;&#8212;- 00000 &#8212;&#8212;&#8212;-<\/p>\n","protected":false},"excerpt":{"rendered":"<p>CESPED La llegada de la primavera nos recuerda que debemos recomenzar con el cuidado m\u00e1s intensivo del c\u00e9sped. Bajar la altura de corte del c\u00e9sped de invierno (Rye-Grass) para que la carpeta de verano (kikuyo, bermuda, gramill\u00f3n) comience a recibir luz y calor, e inicie un r\u00e1pido crecimiento. Controlar minuciosamente las malezas tipo tr\u00e9bol, hoja [&hellip;]<\/p>\n","protected":false},"author":2,"featured_media":0,"comment_status":"open","ping_status":"closed","sticky":false,"template":"","format":"standard","meta":{"footnotes":""},"categories":[181],"tags":[16,17,1279,1280,493,1281,1282,173,1283,1284,1285,210,191,182,514,1286,1287,1288,1289,1290,1291,1292,1293,500,848,1294,158,22,1295,1296,1297,522,524,1298,1299,1300,1301,1302,1303,441,1304,56,1305,111,1306,653,1307,113,801,1308,1309,1310,1311,52,32,675,1312,1313,448,631,899,1314,118,1315],"class_list":["post-2253","post","type-post","status-publish","format-standard","hentry","category-tips-de-jardineria","tag-aceite-de-canela","tag-aceite-de-neem","tag-acelga","tag-achilleas","tag-agapantos","tag-arboles-frutales","tag-arboles-y-arbustos","tag-arena","tag-balcones-y-terrazas","tag-bermuda","tag-carex","tag-cesped","tag-citricos","tag-cochinillas","tag-compost","tag-coronas-de-novias","tag-cynoglossum","tag-forsythias","tag-frios","tag-gallardias","tag-geranios-en-macetas","tag-glicinas","tag-gramillon","tag-hemerocallis","tag-herbacea-perenne","tag-herbicida-selectivo","tag-huerta","tag-jabon-potasico","tag-kikuyo","tag-lechuga","tag-linarias","tag-lirios","tag-lombricompuesto","tag-mancha-negra-del-rosal","tag-manzanos-de-flor","tag-membrillero-de-flor","tag-mildiu","tag-miscanthus","tag-pennisetum","tag-pensamientos","tag-perejil","tag-plagas","tag-plantas-perennes","tag-pulgones","tag-repollos","tag-resaca","tag-retamas","tag-rosales","tag-roya","tag-rudbeckias","tag-rye-grass","tag-salvias-azules","tag-stachys","tag-tierra","tag-tierra-de-diatomeas-micronizadas","tag-tomates","tag-trebol","tag-viburnum-opulus","tag-violas","tag-violeta-de-los-alpes","tag-vivero","tag-weigelia","tag-zanahoria","tag-zapallos"],"acf":[],"_links":{"self":[{"href":"https:\/\/ecoyambiente.com\/index.php?rest_route=\/wp\/v2\/posts\/2253","targetHints":{"allow":["GET"]}}],"collection":[{"href":"https:\/\/ecoyambiente.com\/index.php?rest_route=\/wp\/v2\/posts"}],"about":[{"href":"https:\/\/ecoyambiente.com\/index.php?rest_route=\/wp\/v2\/types\/post"}],"author":[{"embeddable":true,"href":"https:\/\/ecoyambiente.com\/index.php?rest_route=\/wp\/v2\/users\/2"}],"replies":[{"embeddable":true,"href":"https:\/\/ecoyambiente.com\/index.php?rest_route=%2Fwp%2Fv2%2Fcomments&post=2253"}],"version-history":[{"count":0,"href":"https:\/\/ecoyambiente.com\/index.php?rest_route=\/wp\/v2\/posts\/2253\/revisions"}],"wp:attachment":[{"href":"https:\/\/ecoyambiente.com\/index.php?rest_route=%2Fwp%2Fv2%2Fmedia&parent=2253"}],"wp:term":[{"taxonomy":"category","embeddable":true,"href":"https:\/\/ecoyambiente.com\/index.php?rest_route=%2Fwp%2Fv2%2Fcategories&post=2253"},{"taxonomy":"post_tag","embeddable":true,"href":"https:\/\/ecoyambiente.com\/index.php?rest_route=%2Fwp%2Fv2%2Ftags&post=2253"}],"curies":[{"name":"wp","href":"https:\/\/api.w.org\/{rel}","templated":true}]}}