{"id":2014,"date":"2013-08-22T14:59:29","date_gmt":"2013-08-22T14:59:29","guid":{"rendered":"http:\/\/ecoyambiente.com\/?p=2014"},"modified":"2013-08-22T14:59:29","modified_gmt":"2013-08-22T14:59:29","slug":"garrapata-del-ciervo-precauciones-para-los-viajantes-a-estados-unidos","status":"publish","type":"post","link":"https:\/\/ecoyambiente.com\/?p=2014","title":{"rendered":"Garrapata del Ciervo, precauciones para los viajantes a Estados Unidos."},"content":{"rendered":"<p style=\"text-align: left\">Las garrapatas son peque\u00f1os ar\u00e1cnidos (Ixodidos), son ectopar\u00e1sitos y tienen una alimentaci\u00f3n cuya base es la sangre de mam\u00edferos, aves y circunstancialmente anfibios y reptiles.<\/p>\n<p>Para adherirse a su hu\u00e9sped, se encuentran esperando en lugares de pastos altos, all\u00ed las garrapatas aprovechan e insertan los quel\u00edceros (ap\u00e9ndices bucales terminados en punta) en la piel de los mam\u00edferos.<\/p>\n<p>Las larvas de garrapatas atacan: ganado, caballos, ratones, m\u00e1s otros mam\u00edferos, caus\u00e1ndoles considerables enfermedades, anemia, par\u00e1lisis e incluso en algunos casos la muerte.<\/p>\n<p>Lamentablemente se hace dif\u00edcil detectar a estos par\u00e1sitos, observando su presencia solo cuando vemos much\u00edsima cantidad ya adheridas al animal, haciendo muy compleja su erradicaci\u00f3n.<\/p>\n<p>Pueden hallarse en la mayor\u00eda de las zonas boscosas. Son especialmente comunes en \u00e1reas donde existan asentamientos humanos o habiten ciervos, se encuentran en gran cantidad en zonas aleda\u00f1as a fuentes de agua, donde los animales llegan a beber, y en prados donde los arboles les proveen protecci\u00f3n.<\/p>\n<p>La garrapata del ciervo, recibe el nombre de \u201cgarrapata de patas negras\u201c(Ixodes scapularis) y es muy conocida sobre todo en Estados Unidos por la enfermedad que transmite.<\/p>\n<p style=\"text-align: center\"><a href=\"https:\/\/ecoyambiente.com\/wp-content\/uploads\/2013\/08\/Foto-Garrrapata-del-Ciervo.jpg\"><img loading=\"lazy\" decoding=\"async\" class=\"aligncenter size-medium wp-image-2016\" src=\"https:\/\/ecoyambiente.com\/wp-content\/uploads\/2013\/08\/Foto-Garrrapata-del-Ciervo-300x225.jpg\" alt=\"Garrrapata del Ciervo (Ixodes scapularis)\" width=\"300\" height=\"225\" \/><\/a><\/p>\n<p>\u00a0Estos insectos son conductores de muchas enfermedades, <b>haremos menci\u00f3n en esta nota, a una de ellas, la enfermedad de Lyme.<\/b><\/p>\n<p>Llamada as\u00ed, por la ciudad hom\u00f3nima, en la cual cient\u00edficos descubrieron que el origen de un brote de artritis juvenil por el a\u00f1o 1975, era provocado por garrapatas.<\/p>\n<p>Esta enfermedad es una infecci\u00f3n que causa debilitamiento, como sus s\u00edntomas son parecidos a la gripe se confunde y no se diagnostica correctamente.<\/p>\n<p>Los ciervos son su principal hu\u00e9spedes, necesitan las garrapatas de patas negras de ellos para reproducirse, distribuirse y la cantidad de ellas depende de la densidad poblacional de los ciervos.<\/p>\n<p>En el Centro Penn State en el a\u00f1o 2006 se realiz\u00f3 un estudio para la investigaci\u00f3n de la Din\u00e1mica de Enfermedades Infecciosas, en el mismo se indica que reducir la poblaci\u00f3n de ciervos en peque\u00f1as \u00e1reas puede acarrear una mayor concentraci\u00f3n poblacional de garrapatas, haciendo que las enfermedades de las cuales son vectores, aumenten su incidencia. Esto lleva a que las enfermedades predominen y crea una plaga de garrapatas.<\/p>\n<p style=\"text-align: center\"><a href=\"https:\/\/ecoyambiente.com\/wp-content\/uploads\/2013\/08\/Garrapata-del-Ciervo.jpg\"><img loading=\"lazy\" decoding=\"async\" class=\"aligncenter size-full wp-image-2320\" title=\"Garrapata del Ciervo o Garrapata de patas negras\" src=\"https:\/\/ecoyambiente.com\/wp-content\/uploads\/2013\/08\/Garrapata-del-Ciervo.jpg\" alt=\"Garrapata del Ciervo o Garrapata de patas negras\" width=\"292\" height=\"276\" \/><\/a><\/p>\n<p><span style=\"text-decoration: underline\">Enfermedad de Lyme primaria:<\/span> en el lugar de la picadura, se presenta una lesi\u00f3n roja y plana, con s\u00edntomas parecidos a la gripe, inflamaci\u00f3n de las articulaciones y dolor de cabeza. Se debe tratar con antibi\u00f3ticos y antiinflamatorios.<\/p>\n<p><span style=\"text-decoration: underline\">Enfermedad de Lyme secundaria:<\/span> sumados a los s\u00edntomas iniciales, se agregan problemas neurol\u00f3gicos, palpitaciones cardiacas, visi\u00f3n borrosa, par\u00e1lisis facial. El tratamiento es igual al anterior, pero se utilizan dosis mayores.<\/p>\n<p><span style=\"text-decoration: underline\">Enfermedad de Lyme terciaria:<\/span> esta fase puede desarrollarse unos cuantos meses o a\u00f1os despu\u00e9s de la etapa inicial. A los procesos anteriores se le deben agregar trastornos neurol\u00f3gicos m\u00e1s graves, como trastornos del sue\u00f1o, confusi\u00f3n, p\u00e9rdida de memoria y agravarse en una artritis persistente. En esta fase se aplican dosis grandes de antibi\u00f3ticos para detener la infecci\u00f3n.<\/p>\n<p><span style=\"text-decoration: underline\">Enfermedad de Lyme cr\u00f3nica:<\/span> en estos casos a pesar del tratamiento con antibi\u00f3ticos la infecci\u00f3n persiste.<\/p>\n<p style=\"text-align: center\"><a href=\"https:\/\/ecoyambiente.com\/wp-content\/uploads\/2013\/08\/Picadura_consecuencia.jpg\"><img loading=\"lazy\" decoding=\"async\" class=\"aligncenter size-full wp-image-2321\" title=\"Picadura\" src=\"https:\/\/ecoyambiente.com\/wp-content\/uploads\/2013\/08\/Picadura_consecuencia.jpg\" alt=\"Picadura\" width=\"190\" height=\"225\" \/><\/a><\/p>\n<p><a href=\"https:\/\/ecoyambiente.com\/wp-content\/uploads\/2013\/08\/Enfermedad-de-Lyme.jpg\"><img loading=\"lazy\" decoding=\"async\" class=\"aligncenter size-full wp-image-4739\" src=\"https:\/\/ecoyambiente.com\/wp-content\/uploads\/2013\/08\/Enfermedad-de-Lyme.jpg\" alt=\"Enfermedad de Lyme\" width=\"266\" height=\"410\" \/><\/a><\/p>\n<p><b>Datos, morfolog\u00eda y h\u00e1bitat de la garrapata del ciervo:<\/b><\/p>\n<p>Originaria del nordeste de Estados Unidos, se extiende por la zona oriental y central del pa\u00eds, sobretodo en lugares que habiten roedores y ciervos. Es m\u00e1s peque\u00f1a que la garrapata com\u00fan, el tama\u00f1o de la hembra es similar a una semilla de s\u00e9samo, de color rojizo en la parte trasera de su cuerpo y marcas en el dorso, el macho es un poco m\u00e1s peque\u00f1o y de un color marr\u00f3n oscuro.<\/p>\n<p style=\"text-align: center\"><a href=\"https:\/\/ecoyambiente.com\/wp-content\/uploads\/2013\/08\/Tama\u00f1o-de-la-garrapata-del-ciervo.jpg\"><img loading=\"lazy\" decoding=\"async\" class=\"aligncenter size-full wp-image-3163\" title=\"Tama\u00f1o de la garrapata del ciervo\" src=\"https:\/\/ecoyambiente.com\/wp-content\/uploads\/2013\/08\/Tama\u00f1o-de-la-garrapata-del-ciervo.jpg\" alt=\"Tama\u00f1o de la garrapata del ciervo\" width=\"220\" height=\"132\" \/><\/a><\/p>\n<p>Vive dos o tres a\u00f1os, sus ciclos son hueva, larva, ninfa y adulta, como mencionamos se alimenta de sangre de animales. Puede contraer la bacteria que causa la enfermedad de Lyme de un hu\u00e9sped infectado.<\/p>\n<p>Las larvas son min\u00fasculas y solo se alimentan de la sangre de ratones o p\u00e1jaros. Las hembras ya adultas se aparean dentro del hu\u00e9sped y se alimentan varios d\u00edas. Una vez engordadas, se desprenden del hu\u00e9sped y entre las\u00a0hojas ponen sus huevos y luego mueren.<\/p>\n<p>Para concluir, podemos decir que el Lyme es hoy\u00a0una de las enfermedades que en Estados Unidos se est\u00e1 extendiendo m\u00e1s r\u00e1pidamente.<br \/>\nA pesar de declarar miles de casos, al ser sus s\u00edntomas parecidos a la gripe, habitualmente no se les da tratamiento y pasan desapercibidos.<\/p>\n<p style=\"text-align: center\"><a href=\"https:\/\/ecoyambiente.com\/wp-content\/uploads\/2013\/08\/Garrapata-de-pata-negra-o-Garrapata-del-ciervo.jpg\"><img loading=\"lazy\" decoding=\"async\" class=\"aligncenter size-full wp-image-2322\" title=\"Garrapata de patas negras o Garrapata del ciervo\" src=\"https:\/\/ecoyambiente.com\/wp-content\/uploads\/2013\/08\/Garrapata-de-pata-negra-o-Garrapata-del-ciervo.jpg\" alt=\"Garrapata de patas negras o Garrapata del ciervo\" width=\"371\" height=\"264\" \/><\/a><\/p>\n<p style=\"text-align: left\"><b>Como protegernos de estas Garrapatas (en los lugares ya mencionados) <\/b><\/p>\n<p>Llevar ropa clara y ajustada, as\u00ed se pueden ver f\u00e1cilmente.<\/p>\n<p>Utilizar zapatos cerrados, camisa de manga larga y pantalones largos, recordar introducir la botamanga del pantal\u00f3n dentro de las botas o las medias y la camisa dentro del pantal\u00f3n.<\/p>\n<p>Ir chequeando constantemente si hay presencia de garrapatas en la ropa o en la piel descubierta.<\/p>\n<p>Utilizar repelente contra insectos.<\/p>\n<p>Es importante permanecer dentro de los caminos marcados, evitando de ser posible el contacto con pastizales.<\/p>\n<p>Cuando se trabaje o se transite por estos lugares, recogerse el cabello largo y protegerlo.<\/p>\n<p>Tener especial cuidado cuando se descanse en un lugar, evitar sentarse en la tierra o sobre la vegetaci\u00f3n.<\/p>\n<p style=\"text-align: center\">&#8212;&#8212;&#8212;- 00000 &#8212;&#8212;&#8212;-<\/p>\n<p style=\"text-align: center\"><span style=\"color: #ff0000\"><u>Recordar que este Insecticida ecol\u00f3gico (a base de Tierra de Diatomeas micronizadas de Eco y Ambiente) no es un veneno, no deja olor desagradable, no es toxico, posee un largo efecto residual (m\u00e1s de 6 meses) cuando es aplicado en interiores que no se hallan expuestos a lluvias.\u201cNo presenta riesgo alguno para personas, animales y plantas&#8221;<\/u><\/span><\/p>\n<p style=\"text-align: center\">&#8212;&#8212;&#8212;- 00000 &#8212;&#8212;&#8212;-<\/p>\n<h4><span style=\"color: #0000ff\">Elabor\u00f3: Eco y Ambiente, venta y distribuci\u00f3n: Insecticidas Ecol\u00f3gicos:<\/span><\/h4>\n<ul>\n<li><span style=\"color: #0000ff\">Tierra de Diatomeas micronizadas, premium.<\/span><\/li>\n<li><span style=\"color: #0000ff\">Aceite de Neem<\/span><\/li>\n<li><span style=\"color: #0000ff\">Jab\u00f3n Pot\u00e1sico<\/span><\/li>\n<li><span style=\"color: #0000ff\">Aceite de canela\u00a0<\/span><\/li>\n<\/ul>\n<p style=\"text-align: center\">&#8212;&#8212;&#8212;- 00000 &#8212;&#8212;&#8212;-<\/p>\n<h5><span style=\"color: #ff0000\">Para m\u00e1s informaci\u00f3n sobre el Insecticida Ecol\u00f3gico Tierra de Diatomeas Micronizadas, premium. Ingresar en:<\/span><strong>\u00a0<\/strong><span style=\"color: #800000\"><u><a style=\"color: #800000\" href=\"https:\/\/ecoyambiente.com\/?page_id=59\">https:\/\/ecoyambiente.com\/?page_id=59<\/a><\/u><\/span><\/h5>\n<p style=\"text-align: center\">&#8212;&#8212;&#8212;- 00000 &#8212;&#8212;&#8212;-<\/p>\n","protected":false},"excerpt":{"rendered":"<p>Las garrapatas son peque\u00f1os ar\u00e1cnidos (Ixodidos), son ectopar\u00e1sitos y tienen una alimentaci\u00f3n cuya base es la sangre de mam\u00edferos, aves y circunstancialmente anfibios y reptiles. Para adherirse a su hu\u00e9sped, se encuentran esperando en lugares de pastos altos, all\u00ed las garrapatas aprovechan e insertan los quel\u00edceros (ap\u00e9ndices bucales terminados en punta) en la piel de [&hellip;]<\/p>\n","protected":false},"author":2,"featured_media":0,"comment_status":"open","ping_status":"closed","sticky":false,"template":"","format":"standard","meta":{"footnotes":""},"categories":[28,29,30],"tags":[16,17,1035,1036,1037,1038,644,1039,1040,1041,1042,1043,1044,1045,212,1046,47,1047,1048,22,23,1049,63,1050,1051,1052,556,1053,1054,57,32,1055],"class_list":["post-2014","post","type-post","status-publish","format-standard","hentry","category-plagas-en-el-campo","category-plagas-en-el-hogar","category-plagas-en-jardines-huertas-y-frutales","tag-aceite-de-canela","tag-aceite-de-neem","tag-anfibios","tag-aracnidos","tag-artritis-juvenil","tag-bacteria","tag-caballos","tag-ciervos","tag-ectoparasitos","tag-enfermedad-de-lyme","tag-estados-unidos","tag-ganado","tag-garrapata-de-patas-negras","tag-garrapata-del-ciervo","tag-garrapatas","tag-huesped-infectado","tag-insecticida-ecologico","tag-ixodes-scapularis","tag-ixodidos","tag-jabon-potasico","tag-larvas","tag-lyme","tag-mamiferos","tag-pastos-altos","tag-queliceros","tag-ratones","tag-reptiles","tag-sangre","tag-sangre-de-animales","tag-tierra-de-diatomeas","tag-tierra-de-diatomeas-micronizadas","tag-vectores"],"acf":[],"_links":{"self":[{"href":"https:\/\/ecoyambiente.com\/index.php?rest_route=\/wp\/v2\/posts\/2014","targetHints":{"allow":["GET"]}}],"collection":[{"href":"https:\/\/ecoyambiente.com\/index.php?rest_route=\/wp\/v2\/posts"}],"about":[{"href":"https:\/\/ecoyambiente.com\/index.php?rest_route=\/wp\/v2\/types\/post"}],"author":[{"embeddable":true,"href":"https:\/\/ecoyambiente.com\/index.php?rest_route=\/wp\/v2\/users\/2"}],"replies":[{"embeddable":true,"href":"https:\/\/ecoyambiente.com\/index.php?rest_route=%2Fwp%2Fv2%2Fcomments&post=2014"}],"version-history":[{"count":0,"href":"https:\/\/ecoyambiente.com\/index.php?rest_route=\/wp\/v2\/posts\/2014\/revisions"}],"wp:attachment":[{"href":"https:\/\/ecoyambiente.com\/index.php?rest_route=%2Fwp%2Fv2%2Fmedia&parent=2014"}],"wp:term":[{"taxonomy":"category","embeddable":true,"href":"https:\/\/ecoyambiente.com\/index.php?rest_route=%2Fwp%2Fv2%2Fcategories&post=2014"},{"taxonomy":"post_tag","embeddable":true,"href":"https:\/\/ecoyambiente.com\/index.php?rest_route=%2Fwp%2Fv2%2Ftags&post=2014"}],"curies":[{"name":"wp","href":"https:\/\/api.w.org\/{rel}","templated":true}]}}