{"id":1777,"date":"2013-07-30T13:42:05","date_gmt":"2013-07-30T13:42:05","guid":{"rendered":"http:\/\/ecoyambiente.com\/?p=1777"},"modified":"2013-07-30T13:42:05","modified_gmt":"2013-07-30T13:42:05","slug":"flores-para-tener-colorido-el-jardin-en-otono-e-invierno-3ra-entrega","status":"publish","type":"post","link":"https:\/\/ecoyambiente.com\/?p=1777","title":{"rendered":"Flores para tener colorido el jard\u00edn en Oto\u00f1o e Invierno ( 3ra. entrega)"},"content":{"rendered":"<p><b>LAURENTINO<\/b><\/p>\n<p>(Viburnum tinus) El color adusto del follaje del Laurentino se ilumina cuando se cubre de pimpollos, florece todo el invierno y primavera, fructifican en verano y oto\u00f1o, pero los mismos no son comestibles.<\/p>\n<p>Es un arbusto de hoja perenne, \u00fatil para dar estructura al dise\u00f1o del jard\u00edn y para hacer cercos, tiene porte redondeado y un follaje denso, oscuro y persistente.<\/p>\n<p>Alcanza tres metros de altura por dos de di\u00e1metro, es rustico florece y crece bien al sol o a media sombra y resiste la sombra.<\/p>\n<p>Tolera el frio, aun con picos bajos de -10 C, vientos y sequ\u00eda, lo que lo convierte en una planta casi indispensable para las terrazas.<\/p>\n<p>Hay variedades de Laurentinos enanos de gran utilidad para peque\u00f1os jardines y maceteros.<\/p>\n<p>Se pueden multiplicar por acodo, por injerto, por semilla y por estacas.<\/p>\n<p style=\"text-align: center\"><a href=\"https:\/\/ecoyambiente.com\/wp-content\/uploads\/2013\/07\/Laurentino-Viburnum-tinus.jpg\"><img loading=\"lazy\" decoding=\"async\" class=\"aligncenter size-full wp-image-3350\" title=\"Laurentino - Viburnum tinus\" src=\"https:\/\/ecoyambiente.com\/wp-content\/uploads\/2013\/07\/Laurentino-Viburnum-tinus.jpg\" alt=\"Laurentino - Viburnum tinus\" width=\"238\" height=\"366\" \/><\/a><\/p>\n<p><b>MAGNOLIA STELLATA<\/b><\/p>\n<p>Tiene una floraci\u00f3n explosiva a mediados de invierno. Las flores son blancas, perfumadas, con innumerables p\u00e9talos largos (de 12 a 18) y aparecen antes que las hojas a mediados de la primavera.<\/p>\n<p>Arbusto compacto, de hojas caducas y de crecimiento lent\u00edsimo, alcanza finalmente unos dos metros y medio de altura y de ancho.<\/p>\n<p>Puede integrar macizos de arbustos y resulta interesante verlo crecer aislado.<\/p>\n<p>Se cultiva al sol, requiere plena luz y es muy tolerante al frio (hasta -10\u00b0C) aunque las flores pueden da\u00f1arse con el frio y el viento, necesita suelos un tanto h\u00famedos y \u00e1cidos, puede no darse bien en suelos calizos, recordar que al plantar ejemplares j\u00f3venes se debe agregar compost, esti\u00e9rcol, mezclados con la tierra para favorecer el crecimiento de las ra\u00edces.<\/p>\n<p>Como todas las magnolias (un g\u00e9nero muy antiguo que comparti\u00f3 la tierra con los dinosaurios) es resistente a la poluci\u00f3n.<\/p>\n<p style=\"text-align: center\"><a href=\"https:\/\/ecoyambiente.com\/wp-content\/uploads\/2013\/07\/Magnolia-Stellata1.jpg\"><img loading=\"lazy\" decoding=\"async\" class=\"aligncenter wp-image-3351\" title=\"Magnolia - Stellata\" src=\"https:\/\/ecoyambiente.com\/wp-content\/uploads\/2013\/07\/Magnolia-Stellata1.jpg\" alt=\"Magnolia - Stellata\" width=\"306\" height=\"356\" \/><\/a><\/p>\n<p>\u00a0<b>CYMBIDIUM<\/b><\/p>\n<p>(Hibridos de Cymbidium) Tener una orqu\u00eddea en el balc\u00f3n no es un sue\u00f1o imposible, por lo menos en sitios de inviernos benignos, una de ellas, la Cymbidium semiterrestre de clima fresco, es especialmente adaptable.<\/p>\n<p>Su floraci\u00f3n es muy larga, comienza normalmente en Julio y se extiende hasta Setiembre, para que esta se desencadene es necesario un golpe de frio.<\/p>\n<p>Puede cultivarse en patios sombreados y protegidos o balcones que den al este, es conveniente asentarlas sobre un entarimado que facilite el escurrimiento del agua de riego (es esencial un buen drenaje para su cultivo) \u00a0y a\u00edsle del calor eventual que adquiera el piso en verano.<\/p>\n<p style=\"text-align: center\"><a href=\"https:\/\/ecoyambiente.com\/wp-content\/uploads\/2013\/07\/Cymbidium-Hibridos-de-Cymbidium.jpg\"><img loading=\"lazy\" decoding=\"async\" class=\"aligncenter size-full wp-image-3352\" title=\"Cymbidium - Hibridos de Cymbidium\" src=\"https:\/\/ecoyambiente.com\/wp-content\/uploads\/2013\/07\/Cymbidium-Hibridos-de-Cymbidium.jpg\" alt=\"Cymbidium - Hibridos de Cymbidium\" width=\"294\" height=\"444\" \/><\/a><\/p>\n<p><b>MAHONIA<\/b><\/p>\n<p>(Mahonia bealei) El encanto de las mahonias son sus hojas compuestas verde azulado y sus racimos arom\u00e1ticos de flores invernales que se convierten en frutos oscuros.<\/p>\n<p>Estos arbustos perenne, r\u00fasticos, alcanzan alrededor de dos metros de altura y otro tanto de ancho, presentan una forma redondeada, tolera muy bien la poda para mantenerla con la altura deseada y hay que realizarla despu\u00e9s de la floraci\u00f3n.<\/p>\n<p>En algunas ocasiones, las hojas se broncean en invierno pero son plantas que resisten fr\u00edos de hasta aproximadamente -6\u00b0 C.<\/p>\n<p>Crecen bien a la sombra y en la semisombra, requiere pleno sol en zonas fr\u00edas.<\/p>\n<p>Prefieren suelos f\u00e9rtiles pero que conserven buena humedad sin producir charcos, pueden adaptarse a todo tipo de suelos, en verano se deben regar abundantemente.<\/p>\n<p>Pueden usarse aisladas como punto focal en jardines de sombra y tambi\u00e9n delante de plantas m\u00e1s altas.<\/p>\n<p style=\"text-align: center\"><a href=\"https:\/\/ecoyambiente.com\/wp-content\/uploads\/2013\/07\/Mahonia-Mahonia-bealei.jpg\"><img loading=\"lazy\" decoding=\"async\" class=\"aligncenter wp-image-3353\" title=\"Mahonia - Mahonia bealei\" src=\"https:\/\/ecoyambiente.com\/wp-content\/uploads\/2013\/07\/Mahonia-Mahonia-bealei.jpg\" alt=\"Mahonia - Mahonia bealei\" width=\"419\" height=\"290\" \/><\/a><\/p>\n<p><b>CAMELIA<\/b><\/p>\n<p>(Camelia jap\u00f3nica) Pocas plantas tienen una belleza tan rom\u00e1ntica como las camelias. El follaje brillante, denso, contrasta con las impecables flores blancas, rojas, rosas, salm\u00f3n, amarillo, etc., que parecen hechas de porcelana, sus hojas son ovaladas y su color verde oscuro.<\/p>\n<p>Estos arbustos alcanzan m\u00e1s de tres metros de altura por dos de ancho, pero son de crecimiento lent\u00edsimo, para estimular su crecimiento recortar el tallo central pero siempre despu\u00e9s de la floraci\u00f3n.<\/p>\n<p>Necesitan suelo con pH \u00e1cido y buen drenaje en un sitio a la sombra o semisombra, no exponerla al sol directo, deben estar en un lugar fresco y ventilado. No toleran los ambientes cerrados con calefacci\u00f3n, resisten hasta -5\u00b0 C.<\/p>\n<p>Un problema muy com\u00fan es la ca\u00edda de los pimpollos antes de abrirse, esto muchas veces se corrige abonando la planta o raleando pimpollos.<\/p>\n<p style=\"text-align: center\"><a href=\"https:\/\/ecoyambiente.com\/wp-content\/uploads\/2013\/07\/Camelia-Camelia-japonica2.jpg\"><img loading=\"lazy\" decoding=\"async\" class=\"aligncenter wp-image-3356\" title=\"Camelia - Camelia japonica\" src=\"https:\/\/ecoyambiente.com\/wp-content\/uploads\/2013\/07\/Camelia-Camelia-japonica2.jpg\" alt=\"Camelia - Camelia japonica\" width=\"420\" height=\"325\" \/><\/a><\/p>\n<p><b>LONICERA<\/b><\/p>\n<p>(Lonicera fragantissima) Este arbusto quiebra el aire invernal con el perfume de sus flores.<\/p>\n<p>Pariente de la madreselva (Lonicera jap\u00f3nica) tiene hojas ovales y oscuras que son caducas o semipersistentes seg\u00fan la crudeza del invierno.<\/p>\n<p>Suele usarse en grupos o integrando borduras mixtas, crece bastante r\u00e1pido y alcanza alrededor de dos metros de altura y otro tanto de ancho, su forma es globosa.<\/p>\n<p>Prefiere suelos bien drenados y ligeramente \u00e1cidos, no requiere muchos cuidados<\/p>\n<p>Crece mejor al sol, aunque tambi\u00e9n prospera a media sombra, es sensible a las temperaturas inferiores a -5\u00b0 C y en climas c\u00e1lidos florece en oto\u00f1o.<\/p>\n<p style=\"text-align: center\"><a href=\"https:\/\/ecoyambiente.com\/wp-content\/uploads\/2013\/07\/Lonicera-Lonicera-fraganstissima.jpg\"><img loading=\"lazy\" decoding=\"async\" class=\"aligncenter wp-image-3357\" title=\"Lonicera - Lonicera fraganstissima\" src=\"https:\/\/ecoyambiente.com\/wp-content\/uploads\/2013\/07\/Lonicera-Lonicera-fraganstissima.jpg\" alt=\"Lonicera - Lonicera fraganstissima\" width=\"406\" height=\"344\" \/><\/a><\/p>\n<p><b>HORTENSIA DE INVIERNO<\/b><\/p>\n<p>(Bergenia cordifolia) esta planta herb\u00e1cea perenne y siempre verde tiene una altura m\u00e1xima de 30cm y llamativas flores rosadas, tambi\u00e9n hay variedades con flores blancas y rojas, desde que comienza el invierno hasta la primavera.<\/p>\n<p>Las hojas grandes redondeadas pueden adquirir tonalidades rojizas en invierno y son las que le dan buena reputaci\u00f3n como cubre suelos.<\/p>\n<p>Se plantan a distancias de entre 35 y 40cm entre s\u00ed. Forman matas de unos 15cm de altura que deben dividirse cada 4 a\u00f1os en oto\u00f1o, crece debajo de los \u00e1rboles.<\/p>\n<p>Prefiere la media sombra pero tolera el sol pleno en invierno, cuando la temperatura baja a -2\u00b0 C pierde sus hojas, pero sobrevive hasta -7\u00b0 C.<\/p>\n<p>Es una planta que se adapta a distintos terrenos: \u00e1cidos, calc\u00e1reos, secos, h\u00famedos, al sol o sombra, en zonas muy calurosas no deben estar a pleno sol y deben tener buen riego en verano.<\/p>\n<p style=\"text-align: center\"><a href=\"https:\/\/ecoyambiente.com\/wp-content\/uploads\/2013\/07\/Hortensia-de-invierno-Bergenia-cordifolia.jpg\"><img loading=\"lazy\" decoding=\"async\" class=\"aligncenter size-full wp-image-3358\" title=\"Hortensia de invierno - Bergenia cordifolia\" src=\"https:\/\/ecoyambiente.com\/wp-content\/uploads\/2013\/07\/Hortensia-de-invierno-Bergenia-cordifolia.jpg\" alt=\"Hortensia de invierno - Bergenia cordifolia\" width=\"397\" height=\"429\" \/><\/a><\/p>\n<p><b>JUNQUILLO<\/b><\/p>\n<p>(Narcissus tazzeta) los junquillos son planta muy familiares, junto a las casa de campo, en los jardines y huertas de las abuelas siempre hubo una mata de junquillos, con tallos de 20 a 60cm de altura.<\/p>\n<p>Muy perfumados, en pleno invierno recuerdan que tambi\u00e9n existe la primavera, son plantas bulbosas que dejadas a su albedr\u00edo avanzan sobre el terreno.<\/p>\n<p>Pueden ser cultivadas en macetas, las matas deben dividirse y replantarse cada tres a\u00f1os, luego de la floraci\u00f3n.<\/p>\n<p>Son plantas r\u00fasticas de zonas templadas (toleran hasta -5\u00b0 C), se plantan al sol o semisombra, aunque son bulbosas perennes, resisten bastante los suelos pesados.<\/p>\n<p style=\"text-align: center\"><a href=\"https:\/\/ecoyambiente.com\/wp-content\/uploads\/2013\/07\/Junquillo-Narcissus-tazetta.jpg\"><img loading=\"lazy\" decoding=\"async\" class=\"aligncenter size-full wp-image-3359\" title=\"Junquillo - Narcissus tazetta\" src=\"https:\/\/ecoyambiente.com\/wp-content\/uploads\/2013\/07\/Junquillo-Narcissus-tazetta.jpg\" alt=\"Junquillo - Narcissus tazetta\" width=\"406\" height=\"281\" \/><\/a><\/p>\n<p style=\"text-align: center\">&#8212;&#8212;&#8212;- 00000 &#8212;&#8212;&#8212;-<\/p>\n<p style=\"text-align: center\"><span style=\"color: #ff0000\"><u>Recordar que este Insecticida ecol\u00f3gico (a base de Tierra de Diatomeas micronizadas de Eco y Ambiente) no es un veneno, no deja olor desagradable, no es toxico, posee un largo efecto residual (m\u00e1s de 6 meses) cuando es aplicado en interiores que no se hallan expuestos a lluvias.\u201cNo presenta riesgo alguno para personas, animales y plantas&#8221;<\/u><\/span><\/p>\n<p style=\"text-align: center\">&#8212;&#8212;&#8212;- 00000 &#8212;&#8212;&#8212;-<\/p>\n<h4><span style=\"color: #0000ff\">Elabor\u00f3: Eco y Ambiente, venta y distribuci\u00f3n: Insecticidas Ecol\u00f3gicos:<\/span><\/h4>\n<ul>\n<li><span style=\"color: #0000ff\">Tierra de Diatomeas micronizadas, premium.<\/span><\/li>\n<li><span style=\"color: #0000ff\">Aceite de Neem<\/span><\/li>\n<li><span style=\"color: #0000ff\">Jab\u00f3n Pot\u00e1sico<\/span><\/li>\n<li><span style=\"color: #0000ff\">Aceite de canela\u00a0<\/span><\/li>\n<\/ul>\n<p style=\"text-align: center\">&#8212;&#8212;&#8212;- 00000 &#8212;&#8212;&#8212;-<\/p>\n<h5><span style=\"color: #ff0000\">Para m\u00e1s informaci\u00f3n sobre el Insecticida Ecol\u00f3gico Tierra de Diatomeas micronizadas, premium. Ingresar en:<\/span><strong>\u00a0<\/strong><span style=\"color: #800000\"><u><a style=\"color: #800000\" href=\"https:\/\/ecoyambiente.com\/?page_id=59\">https:\/\/ecoyambiente.com\/?page_id=59<\/a><\/u><\/span><\/h5>\n<p style=\"text-align: center\">&#8212;&#8212;&#8212;- 00000 &#8212;&#8212;&#8212;-<\/p>\n","protected":false},"excerpt":{"rendered":"<p>LAURENTINO (Viburnum tinus) El color adusto del follaje del Laurentino se ilumina cuando se cubre de pimpollos, florece todo el invierno y primavera, fructifican en verano y oto\u00f1o, pero los mismos no son comestibles. Es un arbusto de hoja perenne, \u00fatil para dar estructura al dise\u00f1o del jard\u00edn y para hacer cercos, tiene porte redondeado [&hellip;]<\/p>\n","protected":false},"author":2,"featured_media":0,"comment_status":"open","ping_status":"closed","sticky":false,"template":"","format":"standard","meta":{"footnotes":""},"categories":[181],"tags":[16,17,837,838,839,840,841,842,843,514,844,845,846,847,848,849,850,851,584,22,852,720,853,854,855,856,722,857,791,858,859,860,861,862,863,802,864,865,32,866],"class_list":["post-1777","post","type-post","status-publish","format-standard","hentry","category-tips-de-jardineria","tag-aceite-de-canela","tag-aceite-de-neem","tag-acodo","tag-arbusto","tag-balcones","tag-bergenia-cordifolia","tag-borduras-mixtas","tag-camelia","tag-camelia-japonica","tag-compost","tag-cymbidium","tag-estaca","tag-estiercol","tag-flores-rojas","tag-herbacea-perenne","tag-hibridos-de-cymbidium","tag-hojas-perennes","tag-hortensia-de-invierno","tag-injerto","tag-jabon-potasico","tag-junquillo","tag-laurentino","tag-lonicera","tag-lonicera-fragantissima","tag-lonicera-japonica","tag-magnolia-stellata","tag-mahonia","tag-mahonia-bealei","tag-media-sombra","tag-narcissus-tazzeta","tag-patios-sombreados","tag-ph-acido","tag-pimpollos","tag-plantas-rusticas","tag-semilla","tag-sol","tag-suelos-calizos","tag-terrenos-acidos","tag-tierra-de-diatomeas-micronizadas","tag-viburnus-tinus"],"acf":[],"_links":{"self":[{"href":"https:\/\/ecoyambiente.com\/index.php?rest_route=\/wp\/v2\/posts\/1777","targetHints":{"allow":["GET"]}}],"collection":[{"href":"https:\/\/ecoyambiente.com\/index.php?rest_route=\/wp\/v2\/posts"}],"about":[{"href":"https:\/\/ecoyambiente.com\/index.php?rest_route=\/wp\/v2\/types\/post"}],"author":[{"embeddable":true,"href":"https:\/\/ecoyambiente.com\/index.php?rest_route=\/wp\/v2\/users\/2"}],"replies":[{"embeddable":true,"href":"https:\/\/ecoyambiente.com\/index.php?rest_route=%2Fwp%2Fv2%2Fcomments&post=1777"}],"version-history":[{"count":0,"href":"https:\/\/ecoyambiente.com\/index.php?rest_route=\/wp\/v2\/posts\/1777\/revisions"}],"wp:attachment":[{"href":"https:\/\/ecoyambiente.com\/index.php?rest_route=%2Fwp%2Fv2%2Fmedia&parent=1777"}],"wp:term":[{"taxonomy":"category","embeddable":true,"href":"https:\/\/ecoyambiente.com\/index.php?rest_route=%2Fwp%2Fv2%2Fcategories&post=1777"},{"taxonomy":"post_tag","embeddable":true,"href":"https:\/\/ecoyambiente.com\/index.php?rest_route=%2Fwp%2Fv2%2Ftags&post=1777"}],"curies":[{"name":"wp","href":"https:\/\/api.w.org\/{rel}","templated":true}]}}