{"id":1744,"date":"2013-07-26T14:23:10","date_gmt":"2013-07-26T14:23:10","guid":{"rendered":"http:\/\/ecoyambiente.com\/?p=1744"},"modified":"2013-07-26T14:23:10","modified_gmt":"2013-07-26T14:23:10","slug":"flores-para-tener-colorido-el-jardin-en-otono-e-invierno-1ra-entrega","status":"publish","type":"post","link":"https:\/\/ecoyambiente.com\/?p=1744","title":{"rendered":"Flores para tener colorido el jard\u00edn en Oto\u00f1o e Invierno ( 1ra. entrega)"},"content":{"rendered":"<p>En invierno cuando el jard\u00edn nos muestra la desnudes de sus \u00e1rboles y plantas, las flores adquieren un valor especial. Aunque no abundan como en otras estaciones, sobre todo en las zonas templadas, las hay en buen n\u00famero.<\/p>\n<p>Si tomamos en cuenta nuestro suelo, diagramamos correctamente, elegimos con cuidado y bien distribuidas pueden dar al jard\u00edn invernal el toque de vida y color necesario para compensar la severa desnudez de los \u00e1rboles.<\/p>\n<p><a href=\"https:\/\/ecoyambiente.com\/wp-content\/uploads\/2013\/07\/Portada-1er-informe.jpg\"><img loading=\"lazy\" decoding=\"async\" class=\"aligncenter size-medium wp-image-1745\" src=\"https:\/\/ecoyambiente.com\/wp-content\/uploads\/2013\/07\/Portada-1er-informe-300x83.jpg\" alt=\"Flores del frio\" width=\"300\" height=\"83\" \/><\/a><\/p>\n<p><b>PENSAMIENTOS<\/b><\/p>\n<p>(Viola x witrockiana) Para que se destaquen es bueno cultivarlos en macetas, lo que permite tenerlos m\u00e1s a la vista que en el suelo y se pueden combinar con Petunias y Begonias. Tambi\u00e9n se usan como primer plano de borduras ya que alcanzan una altura de unos 20 cm, donde hay que colocarlos a 15cm uno de otro.<\/p>\n<p>Prefieren un terreno neutro o ligeramente \u00e1cido. Pueden cultivarse a media sombra o al sol. Estas plantas son perennes y resisten muy bien las fr\u00edas temperaturas del invierno, requiere cuidados sencillos y posee una gran variedad de colores.<\/p>\n<p>Su floraci\u00f3n\u00a0 se extiende por los meses del oto\u00f1o hasta mitad de la primavera, cuando llegan las temperaturas c\u00e1lidas empiezan a marchitarse, en el verano pierden \u00a0todo su aspecto por lo tanto lo mejor es cortarlas en la parte baja del tallo y esperar hasta el pr\u00f3ximo invierno.<\/p>\n<p>Es una flor que tiene como enemigos a los pulgones y a un hongo llamado o\u00eddio.<\/p>\n<p style=\"text-align: center\"><img loading=\"lazy\" decoding=\"async\" class=\"aligncenter size-full wp-image-5001\" src=\"https:\/\/ecoyambiente.com\/wp-content\/uploads\/2013\/07\/Pesamientos.jpg\" alt=\"Pensamientos\" width=\"274\" height=\"364\" \/><\/p>\n<p><b>VIOLA<\/b><\/p>\n<p>( Hibridos de Viola) Es una planta herb\u00e1cea, lo agradable a la vista de estas plantas esta en las numerosas florcitas amarillas, lilas, azules o blancas, poseen tallos largos y finos, \u00a0que las cubren desde el oto\u00f1o hasta la primavera. Son muy \u00fatiles para componer manchas monocromas (se plantan con una separaci\u00f3n de 10cm\u00a0 entre s\u00ed) en las borduras o para cultivar en macetas junto con bulbosas que florecen a fin de invierno, como jacintos, nazarenos, etc&#8230;<\/p>\n<p>Prefieren la media sombra y terrenos livianos con buena humedad, pero no debe estar encharcado, para evitar que se pudran sus ra\u00edces m\u00e1s la aparici\u00f3n por ejemplo de la roya. No soportan las temperaturas elevadas si est\u00e1n asociadas con un ambiente seco. Son susceptibles, como los pensamientos, al ataque de pulgones y enfermedades f\u00fangicas como el o\u00eddio (manchas blanquecinas) o las royas (p\u00fastulas en las hojas).<\/p>\n<p style=\"text-align: center\"><img loading=\"lazy\" decoding=\"async\" class=\"aligncenter wp-image-5000\" src=\"https:\/\/ecoyambiente.com\/wp-content\/uploads\/2013\/07\/Viola-1.jpg\" alt=\"Viola\" width=\"282\" height=\"299\" \/><\/p>\n<p><b>PRIMULA<\/b><\/p>\n<p>(Primula obconica) Pocas plantas herb\u00e1ceas son tan nobles como la pr\u00edmula obc\u00f3nica, es una planta de temporada, pero si encuentran las condiciones adecuadas para vivir, florecen profusamente desde el oto\u00f1o hasta bien entrada la primavera, son de crecimiento r\u00e1pido.<\/p>\n<p>Necesitan sombra, sobre todo cuando en la primavera la insolaci\u00f3n es mayor. Un recurso puede ser ubicarlas debajo de un \u00e1rbol de hojas caducas, que durante el invierno apenas filtra la luz y cuando se llena de hojas provee buena sombra.<\/p>\n<p>Se plantan con una distancia de 25cm, necesitan un sustrato liviano con buen suministro de agua, no soportan las heladas fuertes y prolongadas.<\/p>\n<p>Se debe realizar antes de la plantaci\u00f3n un abonado con compost, se pueden propagar por semillas y tambi\u00e9n realizar podas de mantenimiento eliminando flores y hojas marchitas.<\/p>\n<p style=\"text-align: center\"><img loading=\"lazy\" decoding=\"async\" class=\"aligncenter size-full wp-image-5002\" src=\"https:\/\/ecoyambiente.com\/wp-content\/uploads\/2013\/07\/Primula-obconica.jpg\" alt=\"Primula obconica\" width=\"353\" height=\"417\" \/><\/p>\n<p><b>PRIMAVERA<\/b><\/p>\n<p>(Pr\u00edmula polyantha) Estas plantas con sus flores de colores netos, vibrantes, dan alegr\u00eda al oto\u00f1o. Prefieren la sombra parcial, pero pueden tolerar sombra ligera o sol (las flores de colores m\u00e1s oscuros lo soportan mejor).<\/p>\n<p>Son moderadamente resistentes al frio, necesitan un buen suministro de agua por lo menos cada dos d\u00edas, pero se debe evitar mojar las flores y son excelentes para ubicar cerca de estanques.<\/p>\n<p>Deben plantarse con una distancia de 20cm \u00a0entre s\u00ed, crecen de 15 a 20cm, aunque se las utiliza como anuales son plantas perennes. Si cuando llegan los primeros calores se llevan a un sitio fresco, bien sombreado y se mantiene la tierra h\u00fameda, al otro a\u00f1o volver\u00e1n a florecer.<\/p>\n<p>Debemos cortar las flores marchitas para poder mantener una floraci\u00f3n continua.<\/p>\n<p style=\"text-align: center\">\u00a0<img loading=\"lazy\" decoding=\"async\" class=\"aligncenter size-full wp-image-5003\" src=\"https:\/\/ecoyambiente.com\/wp-content\/uploads\/2013\/07\/Primula-Polyanta.jpg\" alt=\"Primula Polyanta\" width=\"339\" height=\"414\" \/><a href=\"https:\/\/ecoyambiente.com\/wp-content\/uploads\/2013\/07\/Primavera.jpg\"><br \/>\n<\/a><\/p>\n<p><b>CRISANTEMOS<\/b><\/p>\n<p>(Chrysanthemum morifolium) Crisantemos hay muchos; desde los de flores grandes con incontables p\u00e9talos hasta los de flores m\u00e1s simples y peque\u00f1as como los San Vicente, especialmente r\u00fasticos en el jard\u00edn.<\/p>\n<p>Estas herb\u00e1ceas son f\u00e1ciles de cultivar y resistentes, son perennes aunque por lo general se usan como anuales, es una planta oto\u00f1al, pero en la actualidad se vende casi todo el a\u00f1o, no requieren de excesivos cuidados.<\/p>\n<p>Los colores de sus flores, amarillos, dorados, rojos, morados, rosados y blancos acompa\u00f1an con gracia la ca\u00edda de hojas en el oto\u00f1o.<\/p>\n<p>Se plantan donde no reciban el sol del mediod\u00eda con unos 30cm de separaci\u00f3n, exigen un suelo bien drenado, tiene moderada resistencia a las heladas.<\/p>\n<p>Como a todas, debemos cortar las flores cecas para que las nuevas duren m\u00e1s tiempo, son plantas que enra\u00edzan sin problemas, cuando comienza la primavera se deben separar las matas o los esquejes, plantarlos individualmente y realizar un riego moderado.<\/p>\n<p style=\"text-align: center\"><a href=\"https:\/\/ecoyambiente.com\/wp-content\/uploads\/2013\/07\/Crisantemos.jpg\"><img loading=\"lazy\" decoding=\"async\" class=\"aligncenter size-medium wp-image-1751\" src=\"https:\/\/ecoyambiente.com\/wp-content\/uploads\/2013\/07\/Crisantemos-300x260.jpg\" alt=\"Crisantemos (chrysanthemum morifolium)\" width=\"300\" height=\"260\" \/><\/a><\/p>\n<p><b>ASTER<\/b><\/p>\n<p>(H\u00edbridos de Aster) Herb\u00e1ceas perennes poseen flores lilas, rosadas, blancas que dan color al jard\u00edn cuando nace el oto\u00f1o, es muy parecida a la margarita. Quedan muy bonitas en borduras combinadas con las inflorescencias espigadas del Polygonum amplexicaule.<\/p>\n<p>Miden desde 40cm hasta m\u00e1s de un metro de altura y se plantan con una separaci\u00f3n de 30 a 40cm entre s\u00ed, crecen bien al sol (al menos cinco horas de sol directo) y toleran la media sombra, las flores de los Aster oto\u00f1ales aparecen al termino del verano y duran casi todo el invierno, ya que resisten el frio.<\/p>\n<p>Necesitan buen riego en verano, evitando encharcamiento y son muy resistentes al frio tolerando hasta -10\u00ba C.<\/p>\n<p>Es secreto de cultivarlas con \u00e9xito est\u00e1 en el suelo, que debe ser esponjoso y f\u00e9rtil, en oto\u00f1o es conveniente abonar con esti\u00e9rcol o humus de lombriz.<\/p>\n<p>Podemos reproducirlas en primavera u oto\u00f1o por semillas, en oto\u00f1o dividirlas y tambi\u00e9n multiplicarlas en primavera cortando esquejes para obtener nuevas plantas.<\/p>\n<p>Tambi\u00e9n existen Aster cuya floraci\u00f3n es primaveral por lo tanto son menos resistentes al frio.<\/p>\n<p style=\"text-align: center\"><img loading=\"lazy\" decoding=\"async\" class=\"aligncenter size-full wp-image-5004\" src=\"https:\/\/ecoyambiente.com\/wp-content\/uploads\/2013\/07\/Aster-1.jpg\" alt=\"Aster\" width=\"361\" height=\"367\" \/><\/p>\n<p><b>ESTRELLA FEDERAL<\/b><\/p>\n<p>(Euphorbia pulcherrima) Antes de que se viera en ella el rojo de la insignia federal o fuera de la flor de Pascua, esta planta mejicana era el cuetlaxochitle; s\u00edmbolo de pureza para los aztecas.<\/p>\n<p>Si bien es muy popular como planta de interior en zonas de inviernos benignos, puede cultivarse en el exterior.<\/p>\n<p>En plena tierra es un arbusto que alcanza entre dos y tres metros de altura, las flores verdaderas son peque\u00f1as modestas (adoradas por los colibr\u00edes) pero est\u00e1n rodeadas de llamativas br\u00e1cteas rojas.<\/p>\n<p>Se ubican en un sitio soleado, resguardado de los vientos fr\u00edos, en suelo con buen drenaje<\/p>\n<p style=\"text-align: center\"><img loading=\"lazy\" decoding=\"async\" class=\"aligncenter size-full wp-image-5005\" src=\"https:\/\/ecoyambiente.com\/wp-content\/uploads\/2013\/07\/Estrella-Federal.jpg\" alt=\"Estrella Federal\" width=\"415\" height=\"297\" \/><\/p>\n<p style=\"text-align: center\">&#8212;&#8212;&#8212;- 00000 &#8212;&#8212;&#8212;-<\/p>\n<p style=\"text-align: center\"><span style=\"color: #ff0000\"><u>Recordar que este Insecticida ecol\u00f3gico (a base de Tierra de Diatomeas micronizadas de Eco y Ambiente) no es un veneno, no deja olor desagradable, no es toxico, posee un largo efecto residual (m\u00e1s de 6 meses) cuando es aplicado en interiores que no se hallan expuestos a lluvias.\u201cNo presenta riesgo alguno para personas, animales y plantas&#8221;<\/u><\/span><\/p>\n<p style=\"text-align: center\">&#8212;&#8212;&#8212;- 00000 &#8212;&#8212;&#8212;-<\/p>\n<h4><span style=\"color: #0000ff\">Elabor\u00f3: Eco y Ambiente, venta y distribuci\u00f3n: Insecticidas Ecol\u00f3gicos:<\/span><\/h4>\n<ul>\n<li><span style=\"color: #0000ff\">Tierra de Diatomeas micronizadas, premium.<\/span><\/li>\n<li><span style=\"color: #0000ff\">Aceite de Neem<\/span><\/li>\n<li><span style=\"color: #0000ff\">Jab\u00f3n Pot\u00e1sico<\/span><\/li>\n<li><span style=\"color: #0000ff\">Aceite de canela\u00a0<\/span><\/li>\n<\/ul>\n<p style=\"text-align: center\">&#8212;&#8212;&#8212;- 00000 &#8212;&#8212;&#8212;-<\/p>\n<h5><span style=\"color: #ff0000\">Para m\u00e1s informaci\u00f3n sobre el Insecticida Ecol\u00f3gico Tierra de Diatomeas micronizadas, premium. Ingresar en:<\/span><strong>\u00a0<\/strong><u><a href=\"https:\/\/ecoyambiente.com\/?page_id=59\"><span style=\"color: #800000\">https:\/\/ecoyambiente.com\/?page_id=59<\/span><\/a><\/u><\/h5>\n<p style=\"text-align: center\">&#8212;&#8212;&#8212;- 00000 &#8212;&#8212;&#8212;-<\/p>\n","protected":false},"excerpt":{"rendered":"<p>En invierno cuando el jard\u00edn nos muestra la desnudes de sus \u00e1rboles y plantas, las flores adquieren un valor especial. Aunque no abundan como en otras estaciones, sobre todo en las zonas templadas, las hay en buen n\u00famero. Si tomamos en cuenta nuestro suelo, diagramamos correctamente, elegimos con cuidado y bien distribuidas pueden dar al [&hellip;]<\/p>\n","protected":false},"author":2,"featured_media":0,"comment_status":"open","ping_status":"closed","sticky":false,"template":"","format":"standard","meta":{"footnotes":""},"categories":[181],"tags":[16,17,777,471,507,778,779,733,780,514,781,782,783,784,785,786,787,788,789,790,22,439,791,792,793,441,794,443,795,796,797,111,798,799,800,801,802,32,803],"class_list":["post-1744","post","type-post","status-publish","format-standard","hentry","category-tips-de-jardineria","tag-aceite-de-canela","tag-aceite-de-neem","tag-amarillos","tag-aster","tag-begonias","tag-blancas","tag-blancos","tag-borduras","tag-chrysanthemum-morifolium","tag-compost","tag-crisantemo","tag-dorados","tag-estrella-federal","tag-euphorbia-pulcherrima","tag-flor-de-pascua","tag-flores-lilas","tag-herbacea","tag-hibridos-de-aster","tag-hibridos-de-viola","tag-hojas-caducas","tag-jabon-potasico","tag-macetas","tag-media-sombra","tag-morados","tag-oidio","tag-pensamientos","tag-petunias","tag-primavera","tag-primula","tag-primula-obconica","tag-primula-polyantha","tag-pulgones","tag-rojos","tag-rosadas","tag-rosados","tag-roya","tag-sol","tag-tierra-de-diatomeas-micronizadas","tag-viola"],"acf":[],"_links":{"self":[{"href":"https:\/\/ecoyambiente.com\/index.php?rest_route=\/wp\/v2\/posts\/1744","targetHints":{"allow":["GET"]}}],"collection":[{"href":"https:\/\/ecoyambiente.com\/index.php?rest_route=\/wp\/v2\/posts"}],"about":[{"href":"https:\/\/ecoyambiente.com\/index.php?rest_route=\/wp\/v2\/types\/post"}],"author":[{"embeddable":true,"href":"https:\/\/ecoyambiente.com\/index.php?rest_route=\/wp\/v2\/users\/2"}],"replies":[{"embeddable":true,"href":"https:\/\/ecoyambiente.com\/index.php?rest_route=%2Fwp%2Fv2%2Fcomments&post=1744"}],"version-history":[{"count":0,"href":"https:\/\/ecoyambiente.com\/index.php?rest_route=\/wp\/v2\/posts\/1744\/revisions"}],"wp:attachment":[{"href":"https:\/\/ecoyambiente.com\/index.php?rest_route=%2Fwp%2Fv2%2Fmedia&parent=1744"}],"wp:term":[{"taxonomy":"category","embeddable":true,"href":"https:\/\/ecoyambiente.com\/index.php?rest_route=%2Fwp%2Fv2%2Fcategories&post=1744"},{"taxonomy":"post_tag","embeddable":true,"href":"https:\/\/ecoyambiente.com\/index.php?rest_route=%2Fwp%2Fv2%2Ftags&post=1744"}],"curies":[{"name":"wp","href":"https:\/\/api.w.org\/{rel}","templated":true}]}}