{"id":1727,"date":"2013-07-18T12:33:38","date_gmt":"2013-07-18T12:33:38","guid":{"rendered":"http:\/\/ecoyambiente.com\/?p=1727"},"modified":"2013-07-18T12:33:38","modified_gmt":"2013-07-18T12:33:38","slug":"invierno-es-tiempo-de-3ra-entrega","status":"publish","type":"post","link":"https:\/\/ecoyambiente.com\/?p=1727","title":{"rendered":"Invierno, es tiempo de &#8230;&#8230;.. ( 3ra. entrega )"},"content":{"rendered":"<p>Preparar o mejorar la tierra de las borduras de verano, agregando una mezcla de compost, esti\u00e9rcol de caballo y un poco de guano (alrededor de 1\/6 parte), dejando estacionar hasta la primavera cuando se realizar\u00e1 la plantaci\u00f3n de las herb\u00e1ceas, previo dise\u00f1o por forma, altura y color.<\/p>\n<p><a href=\"https:\/\/ecoyambiente.com\/wp-content\/uploads\/2013\/07\/Bordura-de-Herbaceas2.jpg\"><img loading=\"lazy\" decoding=\"async\" class=\"aligncenter size-medium wp-image-1728\" src=\"https:\/\/ecoyambiente.com\/wp-content\/uploads\/2013\/07\/Bordura-de-Herbaceas2-204x300.jpg\" alt=\"Bordura de Herbaceas\" width=\"204\" height=\"300\" \/><\/a><\/p>\n<p>Retrasar la poda de las plantas sensibles a las heladas. No regar la Santa Rita en invierno (solo recibir\u00e1 el agua de lluvia), para que d\u00e9 mas flores y menos hojas en primavera y verano.<\/p>\n<p><a href=\"https:\/\/ecoyambiente.com\/wp-content\/uploads\/2013\/07\/Santa-Rita.jpg\"><img loading=\"lazy\" decoding=\"async\" class=\"aligncenter size-medium wp-image-1729\" src=\"https:\/\/ecoyambiente.com\/wp-content\/uploads\/2013\/07\/Santa-Rita-200x300.jpg\" alt=\"Santa Rita\" width=\"200\" height=\"300\" \/><\/a><\/p>\n<p>Una buena poda de formaci\u00f3n que necesitar\u00e1n muchos \u00e1rboles j\u00f3venes plantados en las veredas, accesos, cerca de los caminos, etc. Este es el momento de cortar las ramas que molestan, especialmente en ejemplares de hoja caduca. \u201cRecordar\u201d se debe cortar en la proximidad exterior de la arruga de la corteza sin dejar mu\u00f1\u00f3n, f\u00e1cil entrada de par\u00e1sitos que adem\u00e1s resulta antiest\u00e9tico.<\/p>\n<p><a href=\"https:\/\/ecoyambiente.com\/wp-content\/uploads\/2013\/07\/Poda-ejemplo-de-corte.jpg\"><img loading=\"lazy\" decoding=\"async\" class=\"aligncenter size-medium wp-image-1730\" src=\"https:\/\/ecoyambiente.com\/wp-content\/uploads\/2013\/07\/Poda-ejemplo-de-corte-300x235.jpg\" alt=\"Poda, ejemplo de corte\" width=\"300\" height=\"235\" \/><\/a><\/p>\n<p>No remover el suelo de los rosales para proteger\u00a0 las ra\u00edces de las heladas.<\/p>\n<p>Plantar todas las especies de hoja caduca, antes de que comiencen a brotar. Si la plantaci\u00f3n es muy grande sumergir las ra\u00edces en zanjas cubiertas con barro para protegerlas de las heladas hasta su ubicaci\u00f3n final.<\/p>\n<p><a href=\"https:\/\/ecoyambiente.com\/wp-content\/uploads\/2013\/05\/arbol-otono.jpg\"><img loading=\"lazy\" decoding=\"async\" class=\"aligncenter size-medium wp-image-1196\" src=\"https:\/\/ecoyambiente.com\/wp-content\/uploads\/2013\/05\/arbol-otono-300x268.jpg\" alt=\"Arbol en oto\u00f1o\" width=\"300\" height=\"268\" \/><\/a><\/p>\n<p>Para contrarrestar las heladas, las plantas de resistencia media expuestas al viento sur como hortensias, fucsias, pittosporum tenuifolium variegata o pittoporum maggi, leptospermum scopartium y cestrum elegans, necesitaran de un mulch grueso de hojas, cortezas o paja para proteger las ra\u00edces del frio y favorecer la brotacion.<\/p>\n<p>Plantas muy sensible a las heladas , que spoportan temperaturas m\u00ednimas\u00a0 de entre 7 y 13\u00ba C como Duranta repens, plectrantbus , pezu\u00f1a de vaca y datura (florip\u00f3n) spp, necesitan mayor protecci\u00f3n, con paja, ramas, cartones y telas antiheladas<\/p>\n<p><a href=\"https:\/\/ecoyambiente.com\/wp-content\/uploads\/2013\/07\/Proteccion-para-arbustos-muy-sensibles.jpg\"><img loading=\"lazy\" decoding=\"async\" class=\"aligncenter size-medium wp-image-1731\" src=\"https:\/\/ecoyambiente.com\/wp-content\/uploads\/2013\/07\/Proteccion-para-arbustos-muy-sensibles-156x300.jpg\" alt=\"Proteccion para arbustos muy sensibles\" width=\"194\" height=\"338\" \/><\/a><\/p>\n<p style=\"text-align: center\">&#8212;&#8212;&#8212;- 00000 &#8212;&#8212;&#8212;-<\/p>\n<p style=\"text-align: center\"><span style=\"color: #ff0000\"><u>Recordar que este Insecticida ecol\u00f3gico (a base de Tierra de Diatomeas micronizadas de Eco y Ambiente) no es un veneno, no deja olor desagradable, no es toxico, posee un largo efecto residual (m\u00e1s de 6 meses) cuando es aplicado en interiores que no se hallan expuestos a lluvias.\u201cNo presenta riesgo alguno para personas, animales y plantas&#8221;<\/u><\/span><\/p>\n<p style=\"text-align: center\">&#8212;&#8212;&#8212;- 00000 &#8212;&#8212;&#8212;-<\/p>\n<h4><span style=\"color: #0000ff\">Elabor\u00f3: Eco y Ambiente, venta y distribuci\u00f3n: Insecticidas Ecol\u00f3gicos:<\/span><\/h4>\n<ul>\n<li><span style=\"color: #0000ff\">Tierra de Diatomeas micronizadas, premium.<\/span><\/li>\n<li><span style=\"color: #0000ff\">Aceite de Neem<\/span><\/li>\n<li><span style=\"color: #0000ff\">Jab\u00f3n Pot\u00e1sico<\/span><\/li>\n<li><span style=\"color: #0000ff\">Aceite de canela\u00a0<\/span><\/li>\n<\/ul>\n<p style=\"text-align: center\">&#8212;&#8212;&#8212;- 00000 &#8212;&#8212;&#8212;-<\/p>\n<h5><span style=\"color: #ff0000\">Para m\u00e1s informaci\u00f3n sobre el Insecticida Ecol\u00f3gico Tierra de Diatomeas micronizadas, premium. Ingresar en:<\/span><strong>\u00a0<\/strong><span style=\"color: #800000\"><u><a style=\"color: #800000\" href=\"https:\/\/ecoyambiente.com\/?page_id=59\">https:\/\/ecoyambiente.com\/?page_id=59<\/a><\/u><\/span><\/h5>\n<p style=\"text-align: center\">&#8212;&#8212;&#8212;- 00000 &#8212;&#8212;&#8212;-<\/p>\n<p style=\"text-align: center\">\n","protected":false},"excerpt":{"rendered":"<p>Preparar o mejorar la tierra de las borduras de verano, agregando una mezcla de compost, esti\u00e9rcol de caballo y un poco de guano (alrededor de 1\/6 parte), dejando estacionar hasta la primavera cuando se realizar\u00e1 la plantaci\u00f3n de las herb\u00e1ceas, previo dise\u00f1o por forma, altura y color. Retrasar la poda de las plantas sensibles a [&hellip;]<\/p>\n","protected":false},"author":2,"featured_media":0,"comment_status":"open","ping_status":"closed","sticky":false,"template":"","format":"standard","meta":{"footnotes":""},"categories":[181],"tags":[16,17,733,760,514,761,762,763,764,765,766,767,768,769,22,770,771,772,773,774,775,113,776,52,205],"class_list":["post-1727","post","type-post","status-publish","format-standard","hentry","category-tips-de-jardineria","tag-aceite-de-canela","tag-aceite-de-neem","tag-borduras","tag-cestrum-elegans","tag-compost","tag-datura-floripon-spp","tag-duranta-repens","tag-estiercol-de-caballo","tag-fucsias","tag-guano","tag-haebaceas","tag-heladas","tag-hoja-caduca","tag-hortensias","tag-jabon-potasico","tag-leptospermum-scopartium","tag-pezuna-de-vaca","tag-pittoporum-maggi","tag-pittosporum-tenuifolium-variegata","tag-plectrantbus","tag-poda-de-formacion","tag-rosales","tag-santa-rita","tag-tierra","tag-tierra-de-diatomeas-micronziadas"],"acf":[],"_links":{"self":[{"href":"https:\/\/ecoyambiente.com\/index.php?rest_route=\/wp\/v2\/posts\/1727","targetHints":{"allow":["GET"]}}],"collection":[{"href":"https:\/\/ecoyambiente.com\/index.php?rest_route=\/wp\/v2\/posts"}],"about":[{"href":"https:\/\/ecoyambiente.com\/index.php?rest_route=\/wp\/v2\/types\/post"}],"author":[{"embeddable":true,"href":"https:\/\/ecoyambiente.com\/index.php?rest_route=\/wp\/v2\/users\/2"}],"replies":[{"embeddable":true,"href":"https:\/\/ecoyambiente.com\/index.php?rest_route=%2Fwp%2Fv2%2Fcomments&post=1727"}],"version-history":[{"count":0,"href":"https:\/\/ecoyambiente.com\/index.php?rest_route=\/wp\/v2\/posts\/1727\/revisions"}],"wp:attachment":[{"href":"https:\/\/ecoyambiente.com\/index.php?rest_route=%2Fwp%2Fv2%2Fmedia&parent=1727"}],"wp:term":[{"taxonomy":"category","embeddable":true,"href":"https:\/\/ecoyambiente.com\/index.php?rest_route=%2Fwp%2Fv2%2Fcategories&post=1727"},{"taxonomy":"post_tag","embeddable":true,"href":"https:\/\/ecoyambiente.com\/index.php?rest_route=%2Fwp%2Fv2%2Ftags&post=1727"}],"curies":[{"name":"wp","href":"https:\/\/api.w.org\/{rel}","templated":true}]}}