{"id":1715,"date":"2013-07-16T16:37:16","date_gmt":"2013-07-16T16:37:16","guid":{"rendered":"http:\/\/ecoyambiente.com\/?p=1715"},"modified":"2013-07-16T16:37:16","modified_gmt":"2013-07-16T16:37:16","slug":"invierno-es-tiempo-de-2da-entrega","status":"publish","type":"post","link":"https:\/\/ecoyambiente.com\/?p=1715","title":{"rendered":"Invierno, es tiempo de &#8230;&#8230;.. ( 2da. entrega )"},"content":{"rendered":"<p>Es tiempo de: plantaciones a ra\u00edz desnuda, estudie el suelo, descarte la tierra gredosa, agregue tierra negra. Cuando plante, distribuya convenientemente las ra\u00edces desnudas mientras va agregando la tierra y compact\u00e1ndola. El cuello no debe quedar enterrado, sino al ras del suelo. Siempre la mejor tierra debe quedar al nivel de las ra\u00edces.<\/p>\n<p style=\"text-align: center\"><a href=\"https:\/\/ecoyambiente.com\/wp-content\/uploads\/2013\/07\/Raiz-desnuda2.jpg\"><img loading=\"lazy\" decoding=\"async\" class=\"aligncenter size-full wp-image-3381\" title=\"Raiz desnuda\" src=\"https:\/\/ecoyambiente.com\/wp-content\/uploads\/2013\/07\/Raiz-desnuda2.jpg\" alt=\"Raiz desnuda\" width=\"334\" height=\"278\" \/><\/a><\/p>\n<p>Podar los frutales y desinfectar, la pulverizaci\u00f3n preventiva debe hacerse antes de la brotaci\u00f3n.<\/p>\n<p style=\"text-align: center\"><a href=\"https:\/\/ecoyambiente.com\/wp-content\/uploads\/2013\/07\/Arbol-de-naranjas.jpg\"><img loading=\"lazy\" decoding=\"async\" class=\"aligncenter size-full wp-image-3382\" title=\"Arbol de naranjas\" src=\"https:\/\/ecoyambiente.com\/wp-content\/uploads\/2013\/07\/Arbol-de-naranjas.jpg\" alt=\"Arbol de naranjas\" width=\"412\" height=\"409\" \/><\/a><\/p>\n<p>Proteger los agapantos de plantaciones nuevas con un mulch org\u00e1nico en la base ( pasto cortado, cama de caballo, paja, etc ) o cubriendo toda la superficie con tela antihelada doble, atada a estacas de madera enterrada.<\/p>\n<p style=\"text-align: center\"><a href=\"https:\/\/ecoyambiente.com\/wp-content\/uploads\/2013\/07\/Agapanto1.jpg\"><img loading=\"lazy\" decoding=\"async\" class=\"aligncenter size-full wp-image-3383\" title=\"Agapanto\" src=\"https:\/\/ecoyambiente.com\/wp-content\/uploads\/2013\/07\/Agapanto1.jpg\" alt=\"Agapanto\" width=\"402\" height=\"410\" \/><\/a><\/p>\n<p>Fertilizar los arboles de las plantaciones nuevas al final del invierno con fosfato diamonico. Repartir la dosis en tres aplicaciones, realizando la primera en Agosto ( por ej: nitr\u00f3geno, fosforo, potasio + magnesio en forma granulada ). Para cada \u00e1rbol chico se utilizan 300 grs, y en caso de \u00e1rboles grandes 1-2 kg por \u00e1rbol. Distribuir en forma circular desde los 15 a 30 cm del tronco hasta la proyecci\u00f3n de la copa. Regar luego de fertilizar.<\/p>\n<p>Fumigar los \u00e1rboles\u00a0 con problemas de vaquita del olmo, antes de la brotaci\u00f3n, el tronco y el suelo ( en la zona de proyecci\u00f3n de la copa ). En primavera continuar los tratamientos.<\/p>\n<p><a href=\"https:\/\/ecoyambiente.com\/wp-content\/uploads\/2013\/07\/Ataque-Vaquita-del-Olmo.jpg\"><img loading=\"lazy\" decoding=\"async\" class=\"aligncenter size-medium wp-image-1719\" src=\"https:\/\/ecoyambiente.com\/wp-content\/uploads\/2013\/07\/Ataque-Vaquita-del-Olmo-269x300.jpg\" alt=\"Ataque Vaquita del Olmo\" width=\"228\" height=\"266\" \/><\/a><\/p>\n<p>Observar para realizar un control del clavel del aire, el control puede hacerse por extracci\u00f3n manual, usando cepillos que no da\u00f1en la corteza, o pulverizando agua a alta presi\u00f3n.<\/p>\n<p><a href=\"https:\/\/ecoyambiente.com\/wp-content\/uploads\/2013\/07\/Clavel-del-aire_31.jpg\"><img loading=\"lazy\" decoding=\"async\" class=\"aligncenter size-medium wp-image-1720\" src=\"https:\/\/ecoyambiente.com\/wp-content\/uploads\/2013\/07\/Clavel-del-aire_31-300x225.jpg\" alt=\"Clavel del aire_3\" width=\"251\" height=\"196\" \/><\/a><\/p>\n<p>Podemos ir controlando las hojas ca\u00eddas durante el oto\u00f1o, que utilizamos para hacer acolchados o para el compost.<\/p>\n<p style=\"text-align: center\"><a href=\"https:\/\/ecoyambiente.com\/wp-content\/uploads\/2013\/07\/Hojas-caidas-en-oto\u00f1o1.jpg\"><img loading=\"lazy\" decoding=\"async\" class=\"aligncenter wp-image-3384\" title=\"Hojas caidas en oto\u00f1o\" src=\"https:\/\/ecoyambiente.com\/wp-content\/uploads\/2013\/07\/Hojas-caidas-en-oto\u00f1o1.jpg\" alt=\"Hojas caidas en oto\u00f1o\" width=\"463\" height=\"321\" \/><\/a><\/p>\n<p>Es ideal para ir haciendo los pozos, para que se vayan aireando y est\u00e9n listos para lo que plantaremos en primavera.<\/p>\n<p><a href=\"https:\/\/ecoyambiente.com\/wp-content\/uploads\/2013\/07\/Pozo-para-plantar.jpg\"><img loading=\"lazy\" decoding=\"async\" class=\"aligncenter size-medium wp-image-1722\" src=\"https:\/\/ecoyambiente.com\/wp-content\/uploads\/2013\/07\/Pozo-para-plantar-300x289.jpg\" alt=\"Pozo para plantar\" width=\"243\" height=\"246\" \/><\/a><\/p>\n<p><span style=\"text-decoration: underline\">Lo que no hay que hacer: <\/span>No hay que podar las higueras, los nogales, los almendros ni el casta\u00f1os, a excepci\u00f3n que tengamos que eliminar alguna rama interna de mal crecimiento o alguna que se entrecruce con el resto de la copa.<\/p>\n<p style=\"text-align: center\"><img loading=\"lazy\" decoding=\"async\" class=\"aligncenter size-full wp-image-3385\" title=\"Higuera\" src=\"https:\/\/ecoyambiente.com\/wp-content\/uploads\/2013\/07\/Higuera.jpg\" alt=\"Higuera\" width=\"382\" height=\"414\" \/><\/p>\n<p style=\"text-align: center\">&#8212;&#8212;&#8212;- 00000 &#8212;&#8212;&#8212;-<\/p>\n<p style=\"text-align: center\"><span style=\"color: #ff0000\"><u>Recordar que este Insecticida ecol\u00f3gico (a base de Tierra de Diatomeas micronizadas de Eco y Ambiente) no es un veneno, no deja olor desagradable, no es toxico, posee un largo efecto residual (m\u00e1s de 6 meses) cuando es aplicado en interiores que no se hallan expuestos a lluvias.\u201cNo presenta riesgo alguno para personas, animales y plantas&#8221;<\/u><\/span><\/p>\n<p style=\"text-align: center\">&#8212;&#8212;&#8212;- 00000 &#8212;&#8212;&#8212;-<\/p>\n<h4><span style=\"color: #0000ff\">Elabor\u00f3: Eco y Ambiente, venta y distribuci\u00f3n: Insecticidas Ecol\u00f3gicos:<\/span><\/h4>\n<ul>\n<li><span style=\"color: #0000ff\">Tierra de Diatomeas micronizadas, premium.<\/span><\/li>\n<li><span style=\"color: #0000ff\">Aceite de Neem<\/span><\/li>\n<li><span style=\"color: #0000ff\">Jab\u00f3n Pot\u00e1sico<\/span><\/li>\n<li><span style=\"color: #0000ff\">Aceite de canela\u00a0<\/span><\/li>\n<\/ul>\n<p style=\"text-align: center\">&#8212;&#8212;&#8212;- 00000 &#8212;&#8212;&#8212;-<\/p>\n<h5><span style=\"color: #ff0000\">Para m\u00e1s informaci\u00f3n sobre el Insecticida Ecol\u00f3gico Tierra de Diatomeas micronizadas, premium. Ingresar en:<\/span><strong>\u00a0<\/strong><span style=\"color: #800000\"><u><a style=\"color: #800000\" href=\"https:\/\/ecoyambiente.com\/?page_id=59\">https:\/\/ecoyambiente.com\/?page_id=59<\/a><\/u><\/span><\/h5>\n<p style=\"text-align: center\">&#8212;&#8212;&#8212;- 00000 &#8212;&#8212;&#8212;<\/p>\n","protected":false},"excerpt":{"rendered":"<p>Es tiempo de: plantaciones a ra\u00edz desnuda, estudie el suelo, descarte la tierra gredosa, agregue tierra negra. Cuando plante, distribuya convenientemente las ra\u00edces desnudas mientras va agregando la tierra y compact\u00e1ndola. El cuello no debe quedar enterrado, sino al ras del suelo. Siempre la mejor tierra debe quedar al nivel de las ra\u00edces. Podar los [&hellip;]<\/p>\n","protected":false},"author":2,"featured_media":0,"comment_status":"open","ping_status":"closed","sticky":false,"template":"","format":"standard","meta":{"footnotes":""},"categories":[181],"tags":[16,17,493,749,750,751,684,752,155,753,22,754,755,756,470,742,757,601,629,180,32,758,445,759],"class_list":["post-1715","post","type-post","status-publish","format-standard","hentry","category-tips-de-jardineria","tag-aceite-de-canela","tag-aceite-de-neem","tag-agapantos","tag-brotacion","tag-cama-de-caballo","tag-castanos","tag-clavel-del-aire","tag-fosfato-diamonico","tag-frutales","tag-hojas-caidas","tag-jabon-potasico","tag-lalmendros","tag-mulch","tag-nogales","tag-otono","tag-paja","tag-pasto-cortado","tag-raices-desnudas","tag-raiz-desnuda","tag-suelo","tag-tierra-de-diatomeas-micronizadas","tag-tierra-gredosa","tag-tierra-negra","tag-vaquita-del-olmo"],"acf":[],"_links":{"self":[{"href":"https:\/\/ecoyambiente.com\/index.php?rest_route=\/wp\/v2\/posts\/1715","targetHints":{"allow":["GET"]}}],"collection":[{"href":"https:\/\/ecoyambiente.com\/index.php?rest_route=\/wp\/v2\/posts"}],"about":[{"href":"https:\/\/ecoyambiente.com\/index.php?rest_route=\/wp\/v2\/types\/post"}],"author":[{"embeddable":true,"href":"https:\/\/ecoyambiente.com\/index.php?rest_route=\/wp\/v2\/users\/2"}],"replies":[{"embeddable":true,"href":"https:\/\/ecoyambiente.com\/index.php?rest_route=%2Fwp%2Fv2%2Fcomments&post=1715"}],"version-history":[{"count":0,"href":"https:\/\/ecoyambiente.com\/index.php?rest_route=\/wp\/v2\/posts\/1715\/revisions"}],"wp:attachment":[{"href":"https:\/\/ecoyambiente.com\/index.php?rest_route=%2Fwp%2Fv2%2Fmedia&parent=1715"}],"wp:term":[{"taxonomy":"category","embeddable":true,"href":"https:\/\/ecoyambiente.com\/index.php?rest_route=%2Fwp%2Fv2%2Fcategories&post=1715"},{"taxonomy":"post_tag","embeddable":true,"href":"https:\/\/ecoyambiente.com\/index.php?rest_route=%2Fwp%2Fv2%2Ftags&post=1715"}],"curies":[{"name":"wp","href":"https:\/\/api.w.org\/{rel}","templated":true}]}}