{"id":1699,"date":"2013-07-15T23:29:50","date_gmt":"2013-07-15T23:29:50","guid":{"rendered":"http:\/\/ecoyambiente.com\/?p=1699"},"modified":"2013-07-15T23:29:50","modified_gmt":"2013-07-15T23:29:50","slug":"invierno-es-tiempo-de-1ra-entrega","status":"publish","type":"post","link":"https:\/\/ecoyambiente.com\/?p=1699","title":{"rendered":"Invierno, es tiempo de &#8230;&#8230;.. ( 1ra. entrega )"},"content":{"rendered":"<p>No podar las gram\u00edneas sensibles al frio, ya que en el invierno las hojas protegen a la ra\u00edz de las heladas. Pennisetum setaceum Rubrum, Penniisetum rupelli, Saccharum officinale var. Rubrum\u00a0 deben cubrirse en la base con paja y tierra, porque son sensibles en extremo y adem\u00e1s usar como protecci\u00f3n una doble tela antihelada.<\/p>\n<p><a href=\"https:\/\/ecoyambiente.com\/wp-content\/uploads\/2013\/07\/Penisetum-setaceum-rubrum1.jpg\"><img loading=\"lazy\" decoding=\"async\" class=\"aligncenter size-medium wp-image-1701\" src=\"https:\/\/ecoyambiente.com\/wp-content\/uploads\/2013\/07\/Penisetum-setaceum-rubrum1-300x221.jpg\" alt=\"Penisetum setaceum rubrum\" width=\"300\" height=\"221\" \/><\/a><\/p>\n<p>Mejorar la tierra de las borduras. Un sustrato equilibrado es el resultado de 50% de tierra negra, 30% de arena gruesa y 20% de compost. Seg\u00fan el tipo de suelo y planta de la bordura, ser\u00e1 necesario elevar el porcentaje de uno u otro componente del sustrato. Por ejemplo, en el caso de plantas que requieren suelos bien drenados( Buddleja spp. Ceanothus repens, Cerastium tomentosum, Convolvulus sp Euryops sp, Erigeron sp. Echinops sp) necesitamos mas arena. Por el contrario agregaremos mas compost cuando tengamos Iris Lousiana, Tricyrtis, hostas, Acanthus mollis, Achiras, Bergeni.<\/p>\n<p><a href=\"https:\/\/ecoyambiente.com\/wp-content\/uploads\/2013\/07\/Bordura-de-Herbaceas1.jpg\"><img loading=\"lazy\" decoding=\"async\" class=\"aligncenter size-medium wp-image-1712\" src=\"https:\/\/ecoyambiente.com\/wp-content\/uploads\/2013\/07\/Bordura-de-Herbaceas1-204x300.jpg\" alt=\"Bordura de Herbaceas\" width=\"204\" height=\"300\" \/><\/a><\/p>\n<p>Insertar un sistema de riego por aspersi\u00f3n o por goteo. Esta es la mejor estaci\u00f3n para hacerlo en jardines ya plantados. Las plantas est\u00e1n en receso y se trabaja mas c\u00f3modamente sin romper especies que est\u00e1n en floraci\u00f3n o rebrotado.<\/p>\n<p><a href=\"https:\/\/ecoyambiente.com\/wp-content\/uploads\/2013\/07\/Riego-por-aspersion.jpg\"><img loading=\"lazy\" decoding=\"async\" class=\"aligncenter size-full wp-image-1704\" src=\"https:\/\/ecoyambiente.com\/wp-content\/uploads\/2013\/07\/Riego-por-aspersion.jpg\" alt=\"Riego por aspersion\" width=\"275\" height=\"165\" \/><\/a><\/p>\n<p>Proteger las plantas sensibles a las heladas usando protecciones caseras como ca\u00f1as, paja bolsas de arpillera, etc. Coloquelas antes de que las heladas da\u00f1en las plantas, recuerde que las j\u00f3venes son mas sensibles que las adultas. Las protecciones tendr\u00e1n distintas formas, seg\u00fan la planta a cubrir: podr\u00e1n ser carpitas, casitas t\u00faneles, seg\u00fan nuestro ingenio. Siempre recuerde colocar un poco de paja en la base, toda ra\u00edz halada es planta que no brota<\/p>\n<p><a href=\"https:\/\/ecoyambiente.com\/wp-content\/uploads\/2013\/07\/Proteccion-para-las-heladas.jpg\"><img loading=\"lazy\" decoding=\"async\" class=\"aligncenter size-medium wp-image-1705\" src=\"https:\/\/ecoyambiente.com\/wp-content\/uploads\/2013\/07\/Proteccion-para-las-heladas-300x131.jpg\" alt=\"Proteccion para las heladas\" width=\"300\" height=\"131\" \/><\/a><\/p>\n<p>\u00bfQu\u00e9 hacer con los rosales? Podarlos, en el sur desde Junio hasta Julio, en regiones de clima templado desde Julio hasta la primera semana de Agosto. Necesitamos tijeras bien afiladas para lograr un corte neto a bisel por arriba de una yema. Por lo general, luego de quitar todas las ramas enfermas o torcidas, quedaran cuatro o cinco por planta a 30\/40 cm de altura. Luego abonar con compuestos org\u00e1nicos como humus de lombriz o mantillo.<\/p>\n<p><a href=\"https:\/\/ecoyambiente.com\/wp-content\/uploads\/2013\/07\/Podando-un-rosal.jpg\"><img loading=\"lazy\" decoding=\"async\" class=\"aligncenter size-medium wp-image-1706\" src=\"https:\/\/ecoyambiente.com\/wp-content\/uploads\/2013\/07\/Podando-un-rosal-243x300.jpg\" alt=\"Podando un rosal\" width=\"243\" height=\"300\" \/><\/a><\/p>\n<p>Para trasplantar rosales el mejor momento es despu\u00e9s de la poda, recuerde que hay variedades de rosa Meilland, rosas paisajistas, a las que se aconseja no podar por 5 o 6 a\u00f1os para que se desarrollen libremente. Luego de este periodo pode horizontalmente a 30 cm de suelo, para rejuvenecerlas.<\/p>\n<p style=\"text-align: center\"><a href=\"https:\/\/ecoyambiente.com\/wp-content\/uploads\/2013\/07\/Rosa-Meilland1.jpg\"><img loading=\"lazy\" decoding=\"async\" class=\"aligncenter size-full wp-image-3391\" title=\"Rosa Meilland\" src=\"https:\/\/ecoyambiente.com\/wp-content\/uploads\/2013\/07\/Rosa-Meilland1.jpg\" alt=\"Rosa Meilland\" width=\"260\" height=\"429\" \/><\/a><\/p>\n<p style=\"text-align: center\">&#8212;&#8212;&#8212;- 00000 &#8212;&#8212;&#8212;-<\/p>\n<p style=\"text-align: center\"><span style=\"color: #ff0000\"><u>Recordar que este Insecticida ecol\u00f3gico (a base de Tierra de Diatomeas micronizadas de Eco y Ambiente) no es un veneno, no deja olor desagradable, no es toxico, posee un largo efecto residual (m\u00e1s de 6 meses) cuando es aplicado en interiores que no se hallan expuestos a lluvias.\u201cNo presenta riesgo alguno para personas, animales y plantas&#8221;<\/u><\/span><\/p>\n<p style=\"text-align: center\">&#8212;&#8212;&#8212;- 00000 &#8212;&#8212;&#8212;-<\/p>\n<h4><span style=\"color: #0000ff\">Elabor\u00f3: Eco y Ambiente, venta y distribuci\u00f3n: Insecticidas Ecol\u00f3gicos:<\/span><\/h4>\n<ul>\n<li><span style=\"color: #0000ff\">Tierra de Diatomeas micronizadas, premium.<\/span><\/li>\n<li><span style=\"color: #0000ff\">Aceite de Neem<\/span><\/li>\n<li><span style=\"color: #0000ff\">Jab\u00f3n Pot\u00e1sico<\/span><\/li>\n<li><span style=\"color: #0000ff\">Aceite de canela\u00a0<\/span><\/li>\n<\/ul>\n<p style=\"text-align: center\">&#8212;&#8212;&#8212;- 00000 &#8212;&#8212;&#8212;-<\/p>\n<h5><span style=\"color: #ff0000\">Para m\u00e1s informaci\u00f3n sobre el Insecticida Ecol\u00f3gico Tierra de Diatomeas micronizadas, premium. Ingresar en:<\/span><strong>\u00a0<\/strong><span style=\"color: #800000\"><u><a style=\"color: #800000\" href=\"https:\/\/ecoyambiente.com\/?page_id=59\">https:\/\/ecoyambiente.com\/?page_id=59<\/a><\/u><\/span><\/h5>\n<p style=\"text-align: center\">&#8212;&#8212;&#8212;- 00000 &#8212;&#8212;&#8212;-<\/p>\n","protected":false},"excerpt":{"rendered":"<p>No podar las gram\u00edneas sensibles al frio, ya que en el invierno las hojas protegen a la ra\u00edz de las heladas. Pennisetum setaceum Rubrum, Penniisetum rupelli, Saccharum officinale var. Rubrum\u00a0 deben cubrirse en la base con paja y tierra, porque son sensibles en extremo y adem\u00e1s usar como protecci\u00f3n una doble tela antihelada. Mejorar la [&hellip;]<\/p>\n","protected":false},"author":2,"featured_media":0,"comment_status":"open","ping_status":"closed","sticky":false,"template":"","format":"standard","meta":{"footnotes":""},"categories":[181],"tags":[729,16,17,730,513,731,732,733,734,735,736,514,737,738,739,740,647,428,520,22,741,742,743,744,113,745,746,747,32,445,748],"class_list":["post-1699","post","type-post","status-publish","format-standard","hentry","category-tips-de-jardineria","tag-acanthus-mollis","tag-aceite-de-canela","tag-aceite-de-neem","tag-achiras","tag-arena-gruesa","tag-bergeni","tag-bolsas-de-arpillera","tag-borduras","tag-buddleja-spp-ceanothus-repens","tag-canas","tag-cerastium-tomentosum","tag-compost","tag-convolvulus-sp-euryops-sp","tag-erigeron-sp-echinops-sp","tag-gramineas","tag-hostas","tag-humus-de-lombriz","tag-invierno","tag-iris-lousiana","tag-jabon-potasico","tag-mantillo","tag-paja","tag-pennisetum-setaceum-rubrum","tag-rosa-meilland","tag-rosales","tag-rupelli","tag-saccharum-officinale-var-rubrum","tag-tela-antihelada","tag-tierra-de-diatomeas-micronizadas","tag-tierra-negra","tag-tricyrtis"],"acf":[],"_links":{"self":[{"href":"https:\/\/ecoyambiente.com\/index.php?rest_route=\/wp\/v2\/posts\/1699","targetHints":{"allow":["GET"]}}],"collection":[{"href":"https:\/\/ecoyambiente.com\/index.php?rest_route=\/wp\/v2\/posts"}],"about":[{"href":"https:\/\/ecoyambiente.com\/index.php?rest_route=\/wp\/v2\/types\/post"}],"author":[{"embeddable":true,"href":"https:\/\/ecoyambiente.com\/index.php?rest_route=\/wp\/v2\/users\/2"}],"replies":[{"embeddable":true,"href":"https:\/\/ecoyambiente.com\/index.php?rest_route=%2Fwp%2Fv2%2Fcomments&post=1699"}],"version-history":[{"count":0,"href":"https:\/\/ecoyambiente.com\/index.php?rest_route=\/wp\/v2\/posts\/1699\/revisions"}],"wp:attachment":[{"href":"https:\/\/ecoyambiente.com\/index.php?rest_route=%2Fwp%2Fv2%2Fmedia&parent=1699"}],"wp:term":[{"taxonomy":"category","embeddable":true,"href":"https:\/\/ecoyambiente.com\/index.php?rest_route=%2Fwp%2Fv2%2Fcategories&post=1699"},{"taxonomy":"post_tag","embeddable":true,"href":"https:\/\/ecoyambiente.com\/index.php?rest_route=%2Fwp%2Fv2%2Ftags&post=1699"}],"curies":[{"name":"wp","href":"https:\/\/api.w.org\/{rel}","templated":true}]}}