{"id":1660,"date":"2013-07-01T10:15:56","date_gmt":"2013-07-01T10:15:56","guid":{"rendered":"http:\/\/ecoyambiente.com\/?p=1660"},"modified":"2013-07-01T10:15:56","modified_gmt":"2013-07-01T10:15:56","slug":"aranuelas-rojas","status":"publish","type":"post","link":"https:\/\/ecoyambiente.com\/?p=1660","title":{"rendered":"Ara\u00f1uelas rojas"},"content":{"rendered":"<p>Ara\u00f1uela roja (Tetranychus urticae) es el nombre vulgar que se le da a este \u00e1caro, considerada plaga debido a su alimentaci\u00f3n a base de plantas, lo que ocasiona mucho da\u00f1o a los cultivos y a la econom\u00eda de los productores.<\/p>\n<p style=\"text-align: center\"><a href=\"https:\/\/ecoyambiente.com\/wp-content\/uploads\/2013\/07\/Ara\u00f1uela-roja_Tetranychus-urticae1.jpg\"><img loading=\"lazy\" decoding=\"async\" class=\"aligncenter size-full wp-image-3988\" title=\"Ara\u00f1uela roja_Tetranychus urticae\" src=\"https:\/\/ecoyambiente.com\/wp-content\/uploads\/2013\/07\/Ara\u00f1uela-roja_Tetranychus-urticae1.jpg\" alt=\"Ara\u00f1uela roja_Tetranychus urticae\" width=\"250\" height=\"317\" \/><\/a><\/p>\n<p>Es muy variada la lista de plantas que suelen ser atacadas por estos \u00e1caros, por ejemplo:<\/p>\n<p>&#8211;\u00a0\u00a0\u00a0\u00a0\u00a0\u00a0 cultivos de: duraznos, peras, manzanas, c\u00edtricos y paltas.<\/p>\n<p>&#8211;\u00a0\u00a0\u00a0\u00a0\u00a0\u00a0 hortalizas: tomates, zapallos, pepinos, zanahorias,y papas.<\/p>\n<p>&#8211;\u00a0\u00a0\u00a0\u00a0\u00a0\u00a0 legumbres: porotos comunes y soja.<\/p>\n<p>&#8211;\u00a0\u00a0\u00a0\u00a0\u00a0\u00a0 invernaderos: da\u00f1an a las frutillas, tomates, pimientos y melones.<\/p>\n<p>&#8211;\u00a0\u00a0\u00a0\u00a0\u00a0\u00a0 plantaciones: algod\u00f3n, t\u00e9, sorgo, menta y yerba mate.<\/p>\n<p>&#8211; \u00a0 \u00a0 \u00a0 ornamentales: ciruelos de jard\u00edn, rosales, tilos, robles y rododendros.<\/p>\n<p style=\"text-align: center\"><a href=\"https:\/\/ecoyambiente.com\/wp-content\/uploads\/2013\/07\/Ataque-de-ara\u00f1uelas-rojas.jpg\"><img loading=\"lazy\" decoding=\"async\" class=\"aligncenter wp-image-3989\" title=\"Ataque de ara\u00f1uelas rojas\" src=\"https:\/\/ecoyambiente.com\/wp-content\/uploads\/2013\/07\/Ataque-de-ara\u00f1uelas-rojas.jpg\" alt=\"Ataque de ara\u00f1uelas rojas\" width=\"434\" height=\"292\" \/><\/a><\/p>\n<p>Este insecto mayormente vive agrupado en colonias y lo hace en el env\u00e9s de las hojas, para alimentarse perfora las mismas y forma entre ellas mediante unos hilos de seda una protecci\u00f3n, la cual utiliza para resguardarse de depredadores, tambi\u00e9n la usa para poner sus huevos, es muy parecida a una telara\u00f1a, por lo que habitualmente se suele confundir con una ara\u00f1a.<\/p>\n<p style=\"text-align: center\"><a href=\"https:\/\/ecoyambiente.com\/wp-content\/uploads\/2013\/07\/Ara\u00f1uela-roja_Telara\u00f1a.jpg\"><img loading=\"lazy\" decoding=\"async\" class=\"aligncenter wp-image-3990\" title=\"Ara\u00f1uelas rojas_Telara\u00f1a\" src=\"https:\/\/ecoyambiente.com\/wp-content\/uploads\/2013\/07\/Ara\u00f1uela-roja_Telara\u00f1a.jpg\" alt=\"Ara\u00f1uelas rojas_Telara\u00f1a\" width=\"391\" height=\"329\" \/><\/a><\/p>\n<p>Estos \u00e1caros son peque\u00f1\u00edsimos, miden de 0,3 mm a 0,5 mm de longitud, apenas se notan sobre los tallos o las hojas como peque\u00f1os puntos de color rojo.<\/p>\n<p style=\"text-align: center\"><a href=\"https:\/\/ecoyambiente.com\/wp-content\/uploads\/2013\/07\/Ara\u00f1uela-roja_Tetranychus-urticae-11.jpg\"><img loading=\"lazy\" decoding=\"async\" class=\"aligncenter wp-image-3991\" title=\"Ara\u00f1uela roja_Tetranychus-urticae\" src=\"https:\/\/ecoyambiente.com\/wp-content\/uploads\/2013\/07\/Ara\u00f1uela-roja_Tetranychus-urticae-11.jpg\" alt=\"Ara\u00f1uela roja_Tetranychus-urticae\" width=\"416\" height=\"317\" \/><\/a><\/p>\n<p>El macho posee un cuerpo m\u00e1s angosto y el abdomen m\u00e1s apuntado, es m\u00e1s activo. Los huevecillos son esf\u00e9ricos, diminutos y transparentes, luego toman un color amarillo\/verdoso.<\/p>\n<p>La larva es transparente, tiene seis patas, sus ojos carm\u00edn y no es mucho mayor que el huevecillo. Durante las dos etapas de ninfa es gris p\u00e1lido, de forma oval y ocho patas. .<\/p>\n<p>En los meses de verano conserva una coloraci\u00f3n marr\u00f3n\/verdosa, llegando el invierno se va tornando color rojo fuerte.<\/p>\n<p>Estos \u00e1caros se desarrollan con mucha velocidad y alcanzan una gran concentraci\u00f3n \u00a0de poblaci\u00f3n cuando se ven favorecidos en los climas c\u00e1lidos y secos,<\/p>\n<p><b>S\u00edntomas y da\u00f1os en cultivos:<\/b> este \u00e1caro perfora la epidermis y succiona la savia en el env\u00e9s de las hojas. El follaje infestado toma un aspecto bronceado o blancuzco, tambi\u00e9n las hojas ligeramente infestadas muestran manchas y cuando son gravemente afectadas se tornan p\u00e1lidas y se secan. Esta parte de la hoja (env\u00e9s) puede mostrarse recubierta de un tejido sedoso o telara\u00f1a por la cual transitan los \u00e1caros.<\/p>\n<p style=\"text-align: center\"><a href=\"https:\/\/ecoyambiente.com\/wp-content\/uploads\/2013\/07\/Planta-atacada-por-Ara\u00f1uelas-rojas.jpg\"><img loading=\"lazy\" decoding=\"async\" class=\"aligncenter wp-image-3993\" title=\"Planta atacada por Ara\u00f1uelas rojas\" src=\"https:\/\/ecoyambiente.com\/wp-content\/uploads\/2013\/07\/Planta-atacada-por-Ara\u00f1uelas-rojas.jpg\" alt=\"Planta atacada por Ara\u00f1uelas rojas\" width=\"493\" height=\"309\" \/><\/a><b style=\"line-height: 1.5em\"><\/b><\/p>\n<p style=\"text-align: left\"><b style=\"line-height: 1.5em\">Localizaci\u00f3n:<\/b><span style=\"line-height: 1.5em\"> esta ara\u00f1a roja se distribuye en el campo de dos formas:<\/span><\/p>\n<p>&#8211;\u00a0\u00a0\u00a0\u00a0\u00a0\u00a0 Las hembras se trasladan y van formando zonas con muchos habitantes.<\/p>\n<p>&#8211;\u00a0\u00a0\u00a0\u00a0\u00a0\u00a0 Por intermedio del viento o a trav\u00e9s de humanos o mam\u00edferos.<\/p>\n<p>Por lo tanto, los puntos problem\u00e1ticos deben investigarse al final y no al entrar al campo.<\/p>\n<p><b>Control:<\/b> destruir las malezas alrededor del campo despu\u00e9s de la cosecha o antes de la siembra. No es aconsejable la destrucci\u00f3n de malezas que circundan el campo durante la temporada de cultivo, ya que esto obliga a los \u00e1caros a emigrar al campo.<\/p>\n<p>Por intermedio de espolvoreo o pulverizaciones, en nuestro caso, con Insecticida ecol\u00f3gico Por Fin a base de Tierra de Diatomeas (ver explicaci\u00f3n a continuaci\u00f3n).<\/p>\n<p style=\"text-align: center\">\u00a0&#8212;&#8212;&#8212;&#8212;&#8212;&#8212;&#8211; 0000&#8212;&#8212;&#8212;&#8212;&#8212;&#8212;&#8211;<\/p>\n<p><strong>TRATAMIENTO CON INSECTICIDA ECOL\u00d3GICO POR FIN a BASE DE TIERRA DE DIATOMEAS.\u00a0<\/strong><\/p>\n<p style=\"text-align: justify\" align=\"left\">Se puede <strong>pulverizar<\/strong> (al 2%, 1 cucharada sopera de insecticida ecol\u00f3gico por litro de agua) la planta desde adentro hacia afuera mojando bien toda la superficie y tambi\u00e9n toda su base (sobre la tierra). Por intermedio de este m\u00e9todo se debe lograr mojar bien el env\u00e9s de las hojas, el rendimiento es de 50 a 100 gr. cada 100 mt2, pudiendo variar seg\u00fan el estado vegetativo del cultivo.<\/p>\n<p align=\"left\">Se puede\u00a0 <strong>espolvorear<\/strong> directamente sobre toda la planta y su base (sobre la tierra), por intermedio de una insufladora o talquera, utilizando una m\u00ednima cantidad de producto, la dosis a utilizar es de 500 gr a 1 kilo por cada 100 mt2, dependiendo del estado vegetativo y la superficie foliar total del cultivo.<\/p>\n<p style=\"text-align: center\" align=\"left\">&#8212;&#8212;&#8212;&#8212;&#8212;&#8212;&#8211; 0000&#8212;&#8212;&#8212;&#8212;&#8212;&#8212;&#8211;<\/p>\n<p style=\"text-align: justify\" align=\"left\"><span style=\"color: #008000\"><b>Elabor\u00f3: Eco y Ambiente, venta y distribuci\u00f3n: Insecticida Ecol\u00f3gico Por Fin<\/b><\/span><\/p>\n<h3><span style=\"color: #ff0000\">Para m\u00e1s informaci\u00f3n sobre el Insecticida Ecol\u00f3gico Por Fin (Tierra de Diatomeas) ingresar en:<span style=\"color: #000000\">\u00a0<\/span><\/span><span style=\"color: #000000\"><b><a href=\"https:\/\/ecoyambiente.com\/?page_id=59\"><span style=\"color: #000000\">https:\/\/ecoyambiente.com\/?page_id=59<\/span><\/a><\/b><\/span><\/h3>\n<p style=\"text-align: center\">&#8212;&#8212;&#8212;&#8212;&#8212;&#8212;&#8211; 0000000000 &#8212;&#8212;&#8212;&#8212;&#8212;&#8212;&#8211;<\/p>\n<h2 style=\"line-height: 11.4pt;text-align: justify\"><span style=\"color: #0000ff\"><span lang=\"ES\" style=\"font-size: 10pt;font-family: Arial, sans-serif\">Recordar que Insecticida ecol\u00f3gico Por Fin no es un veneno, no deja olor desagradable, no es toxico, posee un prolongado efecto residual (m\u00e1s de 6 meses), cuando es aplicado en interiores que no se hallan expuestos a lluvias y \u201cno presenta riesgo alguno para personas, animales y plantas \u201c.<\/span><\/span><\/h2>\n<h2 style=\"line-height: 14.25pt;text-align: center\"><span style=\"color: #0000ff\"><span lang=\"ES\" style=\"font-size: 10pt;font-family: Arial, sans-serif\">Por Fin est\u00e1 pensado para conservar la armon\u00eda con el medio ambiente.<\/span><\/span><\/h2>\n<p style=\"text-align: center\">&#8212;&#8212;&#8212;&#8212;&#8212;&#8212;&#8211; 0000000000 &#8212;&#8212;&#8212;&#8212;&#8212;&#8212;&#8211;<\/p>\n","protected":false},"excerpt":{"rendered":"<p>Ara\u00f1uela roja (Tetranychus urticae) es el nombre vulgar que se le da a este \u00e1caro, considerada plaga debido a su alimentaci\u00f3n a base de plantas, lo que ocasiona mucho da\u00f1o a los cultivos y a la econom\u00eda de los productores. Es muy variada la lista de plantas que suelen ser atacadas por estos \u00e1caros, por [&hellip;]<\/p>\n","protected":false},"author":2,"featured_media":0,"comment_status":"open","ping_status":"closed","sticky":false,"template":"","format":"standard","meta":{"footnotes":""},"categories":[28,30],"tags":[655,391,656,657,191,658,659,660,84,661,662,183,47,186,663,664,665,666,667,50,668,112,669,113,670,671,672,673,57,674,675,676,677],"class_list":["post-1660","post","type-post","status-publish","format-standard","hentry","category-plagas-en-el-campo","category-plagas-en-jardines-huertas-y-frutales","tag-acaro","tag-acaros","tag-arana-roja","tag-aranuela-roja","tag-citricos","tag-duraznos","tag-eco-y-ambiente","tag-enves-de-las-hojas","tag-espolvorear","tag-follaje-infestado","tag-frutilla","tag-hojas","tag-insecticida-ecologico","tag-larva","tag-manzanas","tag-menta","tag-paltas","tag-papas","tag-peras","tag-por-fin","tag-porotos","tag-pulverizar","tag-robles","tag-rosales","tag-sorgo","tag-tallos","tag-telarana","tag-tetranychus-urticae","tag-tierra-de-diatomeas","tag-tilos","tag-tomates","tag-yerba-mate","tag-zabahiorias"],"acf":[],"_links":{"self":[{"href":"https:\/\/ecoyambiente.com\/index.php?rest_route=\/wp\/v2\/posts\/1660","targetHints":{"allow":["GET"]}}],"collection":[{"href":"https:\/\/ecoyambiente.com\/index.php?rest_route=\/wp\/v2\/posts"}],"about":[{"href":"https:\/\/ecoyambiente.com\/index.php?rest_route=\/wp\/v2\/types\/post"}],"author":[{"embeddable":true,"href":"https:\/\/ecoyambiente.com\/index.php?rest_route=\/wp\/v2\/users\/2"}],"replies":[{"embeddable":true,"href":"https:\/\/ecoyambiente.com\/index.php?rest_route=%2Fwp%2Fv2%2Fcomments&post=1660"}],"version-history":[{"count":0,"href":"https:\/\/ecoyambiente.com\/index.php?rest_route=\/wp\/v2\/posts\/1660\/revisions"}],"wp:attachment":[{"href":"https:\/\/ecoyambiente.com\/index.php?rest_route=%2Fwp%2Fv2%2Fmedia&parent=1660"}],"wp:term":[{"taxonomy":"category","embeddable":true,"href":"https:\/\/ecoyambiente.com\/index.php?rest_route=%2Fwp%2Fv2%2Fcategories&post=1660"},{"taxonomy":"post_tag","embeddable":true,"href":"https:\/\/ecoyambiente.com\/index.php?rest_route=%2Fwp%2Fv2%2Ftags&post=1660"}],"curies":[{"name":"wp","href":"https:\/\/api.w.org\/{rel}","templated":true}]}}