{"id":1554,"date":"2013-06-20T11:12:57","date_gmt":"2013-06-20T11:12:57","guid":{"rendered":"http:\/\/ecoyambiente.com\/?p=1554"},"modified":"2013-06-20T11:12:57","modified_gmt":"2013-06-20T11:12:57","slug":"material-y-metodos-para-plantar-plantas-en-recipientes","status":"publish","type":"post","link":"https:\/\/ecoyambiente.com\/?p=1554","title":{"rendered":"Material y met\u00f3dos para plantar, Plantas en recipientes"},"content":{"rendered":"<p style=\"text-align: left\" align=\"center\">Una planta de recipiente se cultiva a partir de un semillero, un esqueje o un rizoma y luego se coloca en un recipiente por ejemplo de pl\u00e1stico.<\/p>\n<p>Una gran planta de cultivo en contenedor no debe haber sido sacada del suelo y metida a toda prisa en el recipiente poco antes de su venta. Para comprobarlo, tire suavemente de la planta y observe si el capellon sale con facilidad. Si es as\u00ed, rechace la planta.<\/p>\n<p>Un \u00e1rbol perenne o un arbusto se venden a menudo como\u00a0 planta con capellon, El \u00e1rbol o arbusto se desentierra y el suelo que rodea las ra\u00edces se deja intacto y se envuelve con arpillera, red de nylon u hoja de polietileno. Estas plantas deben transportarse siempre sosteni\u00e9ndolas por debajo; no use el tallo como asa.<\/p>\n<p>Las plantas cultivadas en recipientes ofrecen un modo pr\u00e1ctico de a\u00f1adir flores y arbustos a su jard\u00edn casi en cualquier \u00e9poca del a\u00f1o. Pero no es un m\u00e9todo f\u00e1cil: debe asegurarse de que la tierra que rodea el Capello este enriquecida con turba.<\/p>\n<p>Las ra\u00edces detestan ser trasplantadas de la turba pura a un suelo mineral pr\u00e1cticamente desprovisto de materia org\u00e1nica.<\/p>\n<p>&nbsp;<\/p>\n<p><a href=\"https:\/\/ecoyambiente.com\/wp-content\/uploads\/2013\/06\/Planta-con-capellon-1.jpg\"><img loading=\"lazy\" decoding=\"async\" class=\"aligncenter wp-image-1556\" src=\"https:\/\/ecoyambiente.com\/wp-content\/uploads\/2013\/06\/Planta-con-capellon-1-300x227.jpg\" alt=\"Planta con capellon\" width=\"387\" height=\"302\" \/><\/a><\/p>\n<p>&nbsp;<\/p>\n<p><a href=\"https:\/\/ecoyambiente.com\/wp-content\/uploads\/2013\/06\/Planta-cultivada-en-una-maceta-11.jpg\"><img loading=\"lazy\" decoding=\"async\" class=\"aligncenter size-medium wp-image-1575\" src=\"https:\/\/ecoyambiente.com\/wp-content\/uploads\/2013\/06\/Planta-cultivada-en-una-maceta-11-300x255.jpg\" alt=\"Planta cultivada en una maceta\" width=\"300\" height=\"255\" \/><\/a><\/p>\n<p><strong>METODO DE PLANTADO<\/strong><\/p>\n<p style=\"text-align: left\">\u00a0<a href=\"https:\/\/ecoyambiente.com\/wp-content\/uploads\/2013\/06\/Como-plantar-1ra-parte-111.jpg\"><img loading=\"lazy\" decoding=\"async\" class=\"aligncenter wp-image-1577\" src=\"https:\/\/ecoyambiente.com\/wp-content\/uploads\/2013\/06\/Como-plantar-1ra-parte-111-300x151.jpg\" alt=\"Como plantar 1er Paso\" width=\"348\" height=\"208\" \/><\/a><\/p>\n<p>\u00a0\u00a0<img loading=\"lazy\" decoding=\"async\" class=\"aligncenter wp-image-1578\" src=\"https:\/\/ecoyambiente.com\/wp-content\/uploads\/2013\/06\/Como-plantar-2da-parte-11-300x151.jpg\" alt=\"Como plantar 2do Paso\" width=\"348\" height=\"214\" \/><\/p>\n<p><a href=\"https:\/\/ecoyambiente.com\/wp-content\/uploads\/2013\/06\/Como-plantar-3ra-parte-11.jpg\"><img loading=\"lazy\" decoding=\"async\" class=\"aligncenter wp-image-1579\" src=\"https:\/\/ecoyambiente.com\/wp-content\/uploads\/2013\/06\/Como-plantar-3ra-parte-11-300x159.jpg\" alt=\"Como plantar 3er Paso\" width=\"348\" height=\"212\" \/><\/a>\u00a0<a href=\"https:\/\/ecoyambiente.com\/wp-content\/uploads\/2013\/06\/Como-plantar-4ta-parte-111.jpg\"><img loading=\"lazy\" decoding=\"async\" class=\"aligncenter wp-image-1580\" src=\"https:\/\/ecoyambiente.com\/wp-content\/uploads\/2013\/06\/Como-plantar-4ta-parte-111-300x156.jpg\" alt=\"Como plantar 4to Paso\" width=\"350\" height=\"208\" \/><\/a><\/p>\n<p>&nbsp;<\/p>\n<p style=\"text-align: center\">&#8212;&#8212;&#8212;- 00000 &#8212;&#8212;&#8212;-<\/p>\n<p style=\"text-align: center\"><span style=\"color: #ff0000\"><u>Recordar que este Insecticida ecol\u00f3gico (a base de Tierra de Diatomeas micronizadas de Eco y Ambiente) no es un veneno, no deja olor desagradable, no es toxico, posee un largo efecto residual (m\u00e1s de 6 meses) cuando es aplicado en interiores que no se hallan expuestos a lluvias.\u201cNo presenta riesgo alguno para personas, animales y plantas&#8221;<\/u><\/span><\/p>\n<p style=\"text-align: center\">&#8212;&#8212;&#8212;- 00000 &#8212;&#8212;&#8212;-<\/p>\n<h4><span style=\"color: #0000ff\">Elabor\u00f3: Eco y Ambiente, venta y distribuci\u00f3n: Insecticidas Ecol\u00f3gicos:<\/span><\/h4>\n<ul>\n<li><span style=\"color: #0000ff\">Tierra de Diatomeas micronizadas, premium.<\/span><\/li>\n<li><span style=\"color: #0000ff\">Aceite de Neem<\/span><\/li>\n<li><span style=\"color: #0000ff\">Jab\u00f3n Pot\u00e1sico<\/span><\/li>\n<li><span style=\"color: #0000ff\">Aceite de canela\u00a0<\/span><\/li>\n<\/ul>\n<p style=\"text-align: center\">&#8212;&#8212;&#8212;- 00000 &#8212;&#8212;&#8212;-<\/p>\n<h5><span style=\"color: #ff0000\">Para m\u00e1s informaci\u00f3n sobre el Insecticida Ecol\u00f3gico Tierra de Diatomeas micronizadas, premium. Ingresar en:<\/span><span style=\"color: #800000\"><strong>\u00a0<\/strong><u><a style=\"color: #800000\" href=\"https:\/\/ecoyambiente.com\/?page_id=59\">https:\/\/ecoyambiente.com\/?page_id=59<\/a><\/u><\/span><\/h5>\n<p style=\"text-align: center\">&#8212;&#8212;&#8212;- 00000 &#8212;&#8212;&#8212;-<\/p>\n","protected":false},"excerpt":{"rendered":"<p>Una planta de recipiente se cultiva a partir de un semillero, un esqueje o un rizoma y luego se coloca en un recipiente por ejemplo de pl\u00e1stico. Una gran planta de cultivo en contenedor no debe haber sido sacada del suelo y metida a toda prisa en el recipiente poco antes de su venta. Para [&hellip;]<\/p>\n","protected":false},"author":2,"featured_media":0,"comment_status":"open","ping_status":"closed","sticky":false,"template":"","format":"standard","meta":{"footnotes":""},"categories":[181],"tags":[16,17,604,605,119,22,606,607,608,609,610,611,612,593,506,32,447],"class_list":["post-1554","post","type-post","status-publish","format-standard","hentry","category-tips-de-jardineria","tag-aceite-de-canela","tag-aceite-de-neem","tag-arbol-arbusto","tag-capellon","tag-flores","tag-jabon-potasico","tag-metodo-de-plantado","tag-planta","tag-plastico","tag-raices-arpillera","tag-recipiente","tag-red-de-nylon","tag-rizoma","tag-semillero","tag-tallo","tag-tierra-de-diatomeas-micronizadas","tag-turba"],"acf":[],"_links":{"self":[{"href":"https:\/\/ecoyambiente.com\/index.php?rest_route=\/wp\/v2\/posts\/1554","targetHints":{"allow":["GET"]}}],"collection":[{"href":"https:\/\/ecoyambiente.com\/index.php?rest_route=\/wp\/v2\/posts"}],"about":[{"href":"https:\/\/ecoyambiente.com\/index.php?rest_route=\/wp\/v2\/types\/post"}],"author":[{"embeddable":true,"href":"https:\/\/ecoyambiente.com\/index.php?rest_route=\/wp\/v2\/users\/2"}],"replies":[{"embeddable":true,"href":"https:\/\/ecoyambiente.com\/index.php?rest_route=%2Fwp%2Fv2%2Fcomments&post=1554"}],"version-history":[{"count":0,"href":"https:\/\/ecoyambiente.com\/index.php?rest_route=\/wp\/v2\/posts\/1554\/revisions"}],"wp:attachment":[{"href":"https:\/\/ecoyambiente.com\/index.php?rest_route=%2Fwp%2Fv2%2Fmedia&parent=1554"}],"wp:term":[{"taxonomy":"category","embeddable":true,"href":"https:\/\/ecoyambiente.com\/index.php?rest_route=%2Fwp%2Fv2%2Fcategories&post=1554"},{"taxonomy":"post_tag","embeddable":true,"href":"https:\/\/ecoyambiente.com\/index.php?rest_route=%2Fwp%2Fv2%2Ftags&post=1554"}],"curies":[{"name":"wp","href":"https:\/\/api.w.org\/{rel}","templated":true}]}}