{"id":1394,"date":"2013-06-08T11:26:12","date_gmt":"2013-06-08T11:26:12","guid":{"rendered":"http:\/\/ecoyambiente.com\/?p=1394"},"modified":"2013-06-08T11:26:12","modified_gmt":"2013-06-08T11:26:12","slug":"reserva-ecologica-costanera-sur","status":"publish","type":"post","link":"https:\/\/ecoyambiente.com\/?p=1394","title":{"rendered":"Reserva Ecol\u00f3gica Costanera Sur"},"content":{"rendered":"<p><a href=\"https:\/\/ecoyambiente.com\/wp-content\/uploads\/2013\/06\/Aerea_reservaecologica_3001.jpeg\"><img loading=\"lazy\" decoding=\"async\" class=\"aligncenter size-medium wp-image-1414\" alt=\"Foto aerea Reserva Ecol\u00f3gica Costanera Sur\" src=\"https:\/\/ecoyambiente.com\/wp-content\/uploads\/2013\/06\/Aerea_reservaecologica_3001-300x188.jpeg\" width=\"300\" height=\"188\" \/><\/a><\/p>\n<p><strong>DESCRIPCION GENERAL DEL SITIO:<\/strong><\/p>\n<p>Presenta una gran cantidad de ambientes de origen artificial, como los ba\u00f1ados, lagunas pastizales, matorrales y bosques, adem\u00e1s de las playas del R\u00edo de la Plata. Los cuerpos de agua y los ba\u00f1ados son los ambientes m\u00e1s representativos y ricos por la diversidad biol\u00f3gica que sustentan..<\/p>\n<p><a href=\"https:\/\/ecoyambiente.com\/wp-content\/uploads\/2013\/06\/reserva_ecologica_Costanera-Sur.jpg\"><img loading=\"lazy\" decoding=\"async\" class=\"aligncenter size-medium wp-image-1396\" alt=\"Reserva Ecologica Costanera Sur\" src=\"https:\/\/ecoyambiente.com\/wp-content\/uploads\/2013\/06\/reserva_ecologica_Costanera-Sur-300x195.jpg\" width=\"300\" height=\"195\" \/><\/a><\/p>\n<p>El \u00e1rea fue colonizada por diversas comunidades vegetales a partir de semillas presentes en el terreno, diseminadas por el viento o transportadas principalmente por las aves. Estas comunidades favorecieron el establecimiento de poblaciones animales al proporcionarles a las mismas refugio y alimento.<\/p>\n<p>Se han avistado en diferentes \u00e9pocas del a\u00f1o <strong>250 especies de aves, 9 de anfibios,\u00a0 23 de reptiles, 10 de mam\u00edferos, y 50 de mariposas, entre otras<\/strong>.<\/p>\n<p>El sitio mantiene abundantes poblaciones estivales de aves acu\u00e1ticas entre las que se destacan elementos emblem\u00e1ticos t\u00edpicos de las lagunas pampeanas como Cygnus melancoryphus (cisne de cuello negro) y Coscoroba coscoroba (coscoroba), ambas incluidas en el Ap\u00e9ndice II de CITES, varias especies de Anas sp. (patos) y Fulica sp. (gallaretas), Porphyrula martinica, Gallinula sp. (pollonas), Aramus guarauna (carao), Casmerodius albus, Egretta thula (garza), Botaurus pinnatus, Ixobrychus involucris (mirasoles), Podiceps sp. (mac\u00e1) y Phalacrocorax olivaceus (bigu\u00e1), y rapaces relacionadas con ambientes acu\u00e1ticos.<\/p>\n<p><a href=\"https:\/\/ecoyambiente.com\/wp-content\/uploads\/2013\/06\/mapa_costanera_reserva-ecologica-Costanera-Sur.jpg\"><img loading=\"lazy\" decoding=\"async\" class=\"aligncenter size-medium wp-image-1397\" alt=\"Mapa Costanera Sur\" src=\"https:\/\/ecoyambiente.com\/wp-content\/uploads\/2013\/06\/mapa_costanera_reserva-ecologica-Costanera-Sur-300x185.jpg\" width=\"300\" height=\"185\" \/><\/a><\/p>\n<p>Los cuerpos de agua y los ba\u00f1ados que los circundan son h\u00e1bitat de especies de mam\u00edferos como Myocastor coypus (coipo o nutria). En los ba\u00f1ados y pastizales cercanos es frecuente observar numerosas especies de culebras acu\u00e1ticas y semiacu\u00e1ticas y es particularmente notoria una especie de saurio, Tupinambis teguixin (lagarto overo). Estos ambientes sustentan adem\u00e1s poblaciones estables de roedores silvestres como Akodon azarae (rat\u00f3n de campo com\u00fan), Cavia aperea pamparum (cuis), Oligoryzomys flavescens (rat\u00f3n colilargo menor), Calomys musculinus (laucha bimaculada), marsupiales como Lutreolina crassicaudata (comadreja colorada) y Didelphis albiventris (comadreja overa) y Myotis sp. (murci\u00e9lago).<\/p>\n<p><strong>RESE\u00d1A HISTORICA:<\/strong> La naturaleza remodel\u00f3 unas prematuras ruinas gestando la Reserva Costanera Sur.<\/p>\n<p><a href=\"https:\/\/ecoyambiente.com\/wp-content\/uploads\/2013\/06\/Antigua-Costanera-Sur.jpg\"><img loading=\"lazy\" decoding=\"async\" class=\"aligncenter  wp-image-1398\" alt=\"Antigua Costanera Sur\" src=\"https:\/\/ecoyambiente.com\/wp-content\/uploads\/2013\/06\/Antigua-Costanera-Sur-300x68.jpg\" width=\"304\" height=\"116\" \/><\/a><\/p>\n<p>Desde 1918 hasta 1950 miles de habitantes de la ciudad de Buenos Aires acud\u00edan a la Costanera Sur para refrescarse y ba\u00f1arse en el Balneario Municipal hasta que el deterioro de las aguas a causa de la contaminaci\u00f3n decret\u00f3 la decadencia del paseo.<br \/>\nHoy, de nuevo miles de habitantes de la ciudad de Buenos Aires acuden al mismo sito pero para disfrutar de un escenario diferente. Donde antes estaban las aguas del R\u00edo de La Plata, la naturaleza se apoder\u00f3 del lugar gestando vida y esplendor utilizando como base y molde las prematuras ruinas del proyectado\u00a0 \u201cCentro Administrativo de la Ciudad\u201d. El abandono de un emprendimiento que pretend\u00eda ganarle tierras al r\u00edo, azarosamente termin\u00f3 regal\u00e1ndole a Buenos Aires un sitio \u00fanico.<\/p>\n<p>La Reserva Ecol\u00f3gica Costanera Sur es el aula de la ciudad de Buenos Aires donde todos sus habitantes y visitantes podemos aprender acerca de los beneficios que nos brinda la naturaleza y enterarnos de qu\u00e9 manera podemos conservar nuestro medio ambiente.\u00a0 Es, adem\u00e1s, un sitio que permite una experiencia singular y reparadora de la mente y el esp\u00edritu, opci\u00f3n saludable y cada vez m\u00e1s necesaria en una de las ciudades m\u00e1s pobladas del mundo.<br \/>\nLa Reserva Ecol\u00f3gica Costanera Sur es la oportunidad de demostrar a trav\u00e9s de su disfrute y conservaci\u00f3n, que hemos entendido que, como parte de la naturaleza que somos, no podemos vivir sin ella.<\/p>\n<p style=\"text-align: center\"><strong>En s\u00edntesis\u2026<\/strong><\/p>\n<p><strong><\/strong>\u00a0<a href=\"https:\/\/ecoyambiente.com\/wp-content\/uploads\/2013\/06\/Balbeario-Costanera-Sur.jpg\"><img loading=\"lazy\" decoding=\"async\" class=\"aligncenter size-full wp-image-1400\" alt=\"Costanera Sur\" src=\"https:\/\/ecoyambiente.com\/wp-content\/uploads\/2013\/06\/Balbeario-Costanera-Sur.jpg\" width=\"200\" height=\"132\" \/><\/a><\/p>\n<p><strong>Desde 1918 hasta 1950<\/strong> Funcion\u00f3 el Balneario Municipal en el lugar que hoy ocupa esta Reserva (Espig\u00f3n Plus Ultra). El deterioro de las aguas a causa de la contaminaci\u00f3n decret\u00f3 la decadencia del paseo.<br \/>\n<strong>1978<\/strong> Se comienza a \u201cganarle tierras al r\u00edo\u201d volcando escombros en \u00e9l para construir un \u201cCentro Administrativo de la Ciudad\u201d.<br \/>\n<strong>1984<\/strong> Se abandona el proyecto, dejando un molde que la naturaleza tom\u00f3 como base para colonizar con sus especies silvestres, gracias a inundaciones y el arribo de camalotales.<br \/>\n<strong>1985<\/strong> Ese proyecto abandonado termin\u00f3 regal\u00e1ndole a Buenos Aires un sitio \u00fanico, donde la naturaleza recre\u00f3 ecosistemas valiosos y las entidades ambientalistas los aprovecharon para la educaci\u00f3n ambiental.<br \/>\n<strong>1986<\/strong> La Fundaci\u00f3n Vida Silvestre Argentina, Aves Argentinas y Amigos de la Tierra propusieron al Gobierno de la Ciudad de Buenos Aires crear esta reserva. El 5 de Junio se declar\u00f3 Parque Natural y Zona de Reserva Ecol\u00f3gica (Ordenanza 41.247\/86).<br \/>\n<strong>1989<\/strong> Fue declarada \u00c1rea de Reserva Ecol\u00f3gica.<br \/>\n<strong>1994<\/strong> La entonces Secretar\u00eda de Turismo de la Naci\u00f3n (hoy, Ministerio) la declar\u00f3 \u201cde Inter\u00e9s Nacional\u201d.<br \/>\n<strong>1994<\/strong> La Municipalidad de la Ciudad de Buenos Aires la declara \u201cde Inter\u00e9s Tur\u00edstico Municipal\u201d.<br \/>\n<strong>2005<\/strong> Fue declarada Sitio Ramsar (Humedal de Importancia Internacional).<br \/>\n<strong>2005<\/strong> BirdLife International y Aves Argentinas la reconocen como un AICA (\u00c1rea de Importancia para la Conservaci\u00f3n de las Aves).<br \/>\n<strong>2011<\/strong> Se cumplen 25 a\u00f1os de su existencia.<\/p>\n<p><strong>FLORA<\/strong><\/p>\n<p><a href=\"https:\/\/ecoyambiente.com\/wp-content\/uploads\/2013\/06\/Flora-Costanera-Sur.jpg\"><img loading=\"lazy\" decoding=\"async\" class=\"aligncenter size-full wp-image-1401\" alt=\"Flora Costanera Sur\" src=\"https:\/\/ecoyambiente.com\/wp-content\/uploads\/2013\/06\/Flora-Costanera-Sur.jpg\" width=\"215\" height=\"142\" \/><\/a><\/p>\n<p>Las comunidades vegetales est\u00e1n constituidas por bosques, arbustales, comunidades herb\u00e1ceas y comunidades acu\u00e1ticas. En el \u00e1rea se encuentran muy bien representadas algunas especies que est\u00e1n sufriendo una severa reducci\u00f3n de h\u00e1bitat, como es el caso de la <em>Cortaderia selloana<\/em> (cortadera).<\/p>\n<p><a href=\"https:\/\/ecoyambiente.com\/wp-content\/uploads\/2013\/06\/Vegetacio-Costanera-Sur.jpg\"><img loading=\"lazy\" decoding=\"async\" class=\"aligncenter size-full wp-image-1402\" alt=\"Vegetaci\u00f3n Costanera Sur\" src=\"https:\/\/ecoyambiente.com\/wp-content\/uploads\/2013\/06\/Vegetacio-Costanera-Sur.jpg\" width=\"215\" height=\"142\" \/><\/a><\/p>\n<p>Entre la vegetaci\u00f3n se observan bosques de Tessaria integrifolia (aliso de r\u00edo) el que suele estar acompa\u00f1ado<em> <\/em>por<em> <\/em>Baccharis salicifolia (chilca<em>), <\/em>por diversas especies de Solanum y Polygonum y por varias gram\u00edneas. Se encuentran numerosas especies que conforman las selvas higr\u00f3filas que se desarrollan en las riberas de los r\u00edos Paran\u00e1, Uruguay y sus afluentes.<\/p>\n<p><a href=\"https:\/\/ecoyambiente.com\/wp-content\/uploads\/2013\/06\/vegetacion-Costanera-Sur-22.jpg\"><img loading=\"lazy\" decoding=\"async\" class=\"aligncenter size-full wp-image-1406\" alt=\"Arboles en Costanera Sur\" src=\"https:\/\/ecoyambiente.com\/wp-content\/uploads\/2013\/06\/vegetacion-Costanera-Sur-22.jpg\" width=\"215\" height=\"142\" \/><\/a><\/p>\n<p>En las orillas inundables se observa la presencia de Schenoplectus californicus (junco) y una serie de especies que se han establecido en el sitio como Ocotea acutifolia (laurel blanco), Citharexylum montevidense (tarum\u00e1), Erithryna crista-galli (ceibo), Salix humboldtiana (sauce criollo) y Sapium haematospermun (curup\u00ed o lecher\u00f3n).<\/p>\n<p><strong>FAUNA<\/strong><\/p>\n<p><a href=\"https:\/\/ecoyambiente.com\/wp-content\/uploads\/2013\/06\/Fauna-Costanera-Sur.jpg\"><img loading=\"lazy\" decoding=\"async\" class=\"aligncenter size-full wp-image-1407\" alt=\"Fauna en Costanera Sur\" src=\"https:\/\/ecoyambiente.com\/wp-content\/uploads\/2013\/06\/Fauna-Costanera-Sur.jpg\" width=\"200\" height=\"115\" \/><\/a><\/p>\n<p>Entre la fauna \u00edctica se destacan especies como Prochilodus lineatus (s\u00e1balo), Leporinus obtusidens (boga), Hoplias malabaricus (tararira), Astyanax fasciatus y Cheirodon interruptus (mojarras), Rhamdia sapo (bagre sapo), Pimelodus maculatus (bagre amarillo), Hipostomus commersoni (vieja de agua), Cichlasoma fascetus y Gymnogeophagus meridionalis (chanchitas), Jenynsia lineata y Cnesterodon decemmaculatus (madrecitas), que forman parte de las<\/p>\n<p>diferentes cadenas tr\u00f3ficas colaborando no s\u00f3lo al mantenimiento del cuerpo de agua (herb\u00edvoros e insect\u00edvoros) sino tambi\u00e9n a la existencia de las poblaciones de aves icti\u00f3fagas (biguaes, macaes y garzas) y de tortugas.<\/p>\n<p><strong>TURISMO<\/strong><\/p>\n<p>Como humedal urbano re\u00fane caracter\u00edsticas de importancia por ser un sitio de capacitaci\u00f3n y de difusi\u00f3n, labor que es desarrollada por el personal dependiente del Gobierno de la Ciudad de Buenos Aires, junto a diversas organizaciones no gubernamentales como Amigos de la Tierra Argentina, la Asociaci\u00f3n Ornitol\u00f3gica del Plata\/Aves Argentinas, la Fundaci\u00f3n Vida Silvestre Argentina y Asociaci\u00f3n Proteger.<\/p>\n<p><a href=\"https:\/\/ecoyambiente.com\/wp-content\/uploads\/2013\/06\/Fauna-Reserva-Costanera-Sur.jpg\"><img loading=\"lazy\" decoding=\"async\" class=\"aligncenter size-medium wp-image-1409\" alt=\"Fauna Reserva Costanera Sur\" src=\"https:\/\/ecoyambiente.com\/wp-content\/uploads\/2013\/06\/Fauna-Reserva-Costanera-Sur-300x170.jpg\" width=\"300\" height=\"170\" \/><\/a><\/p>\n<p>Estas entidades y un n\u00famero importante de ciudadanos independientes, comenzaron la defensa del \u00c1rea por su valor ecol\u00f3gico (representa una verdadera muestra de la vida silvestre del ecosistema ribere\u00f1o), hist\u00f3rico (por su cercan\u00eda al sitio del primer emplazamiento de la Ciudad y expone las caracter\u00edsticas ambientales que encontraron los conquistadores), educativo y tur\u00edstico.<\/p>\n<p><strong>Actividades de la Reserva:<\/strong><\/p>\n<p><a href=\"https:\/\/ecoyambiente.com\/wp-content\/uploads\/2013\/06\/Actividades-reserva-costanera-sur1.jpg\"><img loading=\"lazy\" decoding=\"async\" class=\"aligncenter size-medium wp-image-1411\" alt=\"Actividades en la Reserva de la Costanera Sur\" src=\"https:\/\/ecoyambiente.com\/wp-content\/uploads\/2013\/06\/Actividades-reserva-costanera-sur1-300x225.jpg\" width=\"300\" height=\"225\" \/><\/a><\/p>\n<p>&nbsp;<\/p>\n<p>La Reserva Ecol\u00f3gica es un \u00e1rea donde se protege la Naturaleza y puede ser disfrutada de diversas maneras. Observe los animales, sin olvidar a los insectos, escuche sus sonidos, desc\u00fabralos entre la vegetaci\u00f3n; trate de identificarlos, as\u00ed como a los ambientes que frecuentan; registre sus caracter\u00edsticas. Mire la vegetaci\u00f3n. Descubra los diferentes matices de verde de las distintas especies, observe las caracter\u00edsticas de su follaje, la \u00e9poca del a\u00f1o en que florecen, qu\u00e9 animales se alimentan de sus frutos; encuentre las variaciones del paisaje seg\u00fan el paso de las estaciones.<br \/>\n<strong>Ubicaci\u00f3n y Accesos:<\/strong><\/p>\n<p>Horarios<\/p>\n<p>Abril a Octubre 8:00 a 18:00 hs.<br \/>\nNoviembre a Marzo 8:00 a 19:00 hs<br \/>\nMartes a Domingo abierta<br \/>\nLa entrada a la Reserva Ecol\u00f3gica Costanera Sur es libre y gratuita. Av. Trist\u00e1n Ach\u00e1val Rodr\u00edguez 1550 (C1107ADZ) -Ciudad de Buenos Aires &#8211; Rep\u00fablica Argentina &#8211; Para mayor informaci\u00f3nTel\u00e9fono: 4315-4129\/4893-1853 &#8211; Contacto: <a href=\"mailto:reserva_cs@buenosaires.gov.ar\">reserva_cs@buenosaires.gov.ar<\/a><\/p>\n<p><strong>\u00c1rea de Educaci\u00f3n Ambiental<\/strong><br \/>\n<strong>\u00a0<\/strong><br \/>\nServicio de visitas guiadas<br \/>\nEl objetivo prioritario de la Reserva es contribuir a la formaci\u00f3n de ciudadanos que usen y disfruten con responsabilidad su entorno. Una de las herramientas para alcanzar este fin son las Visitas Guiadas que a trav\u00e9s del contacto \u00edntimo con la naturaleza y la mediaci\u00f3n de los gu\u00edas de la Reserva, crean escenarios de motivaci\u00f3n y reflexi\u00f3n para generar conductas ambientalmente responsables.<\/p>\n<p><a href=\"https:\/\/ecoyambiente.com\/wp-content\/uploads\/2013\/06\/Visitas-guiadas-Costanera-Sur.jpg\"><img loading=\"lazy\" decoding=\"async\" class=\"aligncenter size-full wp-image-1412\" alt=\"Visitas guiadas Reserva Costanera Sur\" src=\"https:\/\/ecoyambiente.com\/wp-content\/uploads\/2013\/06\/Visitas-guiadas-Costanera-Sur.jpg\" width=\"215\" height=\"161\" \/><\/a><\/p>\n<p><strong>Visitas Guiadas para p\u00fablico en general<\/strong><br \/>\nS\u00e1bados, domingos y d\u00edas feriados<br \/>\nsin inscripci\u00f3n previa<br \/>\nHorario de verano (noviembre a marzo): 9.30 y 16 hs<br \/>\nHorario de invierno (abril a octubre): 10.30 y 15.30 hs<\/p>\n<p><strong>Visitas Guiadas para establecimientos educativos y grupos organizados<\/strong><br \/>\nDe lunes a viernes<br \/>\ncon inscripci\u00f3n previa, personalmente o por tel\u00e9fono<\/p>\n<p><strong>Visita Guiada Nocturna a la Luz de la Luna<\/strong><br \/>\nUna vez por mes, los viernes pr\u00f3ximos a la luna llena<br \/>\ncon inscripci\u00f3n previa, personalmente o por tel\u00e9fono, lunes a partir de las 8.30 hs<br \/>\nCupos Limitados<br \/>\nEl interesado puede inscribir hasta 4 acompa\u00f1antes<br \/>\nPara inscribirse se solicitan los siguientes datos:<br \/>\nNombre y apellido<br \/>\nNro. de documento<br \/>\nTel\u00e9fono<br \/>\nHorario de verano (noviembre a marzo): 20.30 hs<br \/>\nHorario de invierno (abril a octubre): 19.30 hs<\/p>\n<p>Fuente : Secretaria de ambiente y desarrollo Sustentable de la naci\u00f3n.<\/p>\n<p><span style=\"color: #ff0000\"><b>Elaboraci\u00f3n: Eco y Ambiente<\/b><\/span><\/p>\n<p><span style=\"color: #ff0000\"><b>Venta y Distribuci\u00f3n: Insecticida Ecol\u00f3gico Por Fin, a base de Tierra de Diatomeas.<\/b><\/span><\/p>\n","protected":false},"excerpt":{"rendered":"<p>DESCRIPCION GENERAL DEL SITIO: Presenta una gran cantidad de ambientes de origen artificial, como los ba\u00f1ados, lagunas pastizales, matorrales y bosques, adem\u00e1s de las playas del R\u00edo de la Plata. Los cuerpos de agua y los ba\u00f1ados son los ambientes m\u00e1s representativos y ricos por la diversidad biol\u00f3gica que sustentan.. El \u00e1rea fue colonizada por [&hellip;]<\/p>\n","protected":false},"author":2,"featured_media":0,"comment_status":"open","ping_status":"closed","sticky":false,"template":"","format":"standard","meta":{"footnotes":""},"categories":[34],"tags":[533,209,534,59,535,536,537,538,539,540,541,542,543,544,545,546,547,548,549,550,63,551,552,553,554,555,556,557,558,245,559,560,292,561],"class_list":["post-1394","post","type-post","status-publish","format-standard","hentry","category-ecologia-medio-ambiente","tag-aliso-de-rio","tag-animales","tag-arbustales","tag-aves","tag-aves-acuaticas","tag-bagre-sapo","tag-banados","tag-bigua","tag-boga","tag-bosques","tag-chilca","tag-cortadera","tag-costanera-sur","tag-cuis-comadreja-overa","tag-ecosistema-ribereno","tag-gallaretas","tag-garza","tag-hernaceas","tag-lagarto-overoro","tag-maca","tag-mamiferos","tag-mariposas","tag-mirasoles","tag-pastizales","tag-patos","tag-raton-de-campo","tag-reptiles","tag-reserva-ecologica","tag-sabalo","tag-semillas","tag-tararira","tag-tortugas","tag-vegetales","tag-visitas-guiadas"],"acf":[],"_links":{"self":[{"href":"https:\/\/ecoyambiente.com\/index.php?rest_route=\/wp\/v2\/posts\/1394","targetHints":{"allow":["GET"]}}],"collection":[{"href":"https:\/\/ecoyambiente.com\/index.php?rest_route=\/wp\/v2\/posts"}],"about":[{"href":"https:\/\/ecoyambiente.com\/index.php?rest_route=\/wp\/v2\/types\/post"}],"author":[{"embeddable":true,"href":"https:\/\/ecoyambiente.com\/index.php?rest_route=\/wp\/v2\/users\/2"}],"replies":[{"embeddable":true,"href":"https:\/\/ecoyambiente.com\/index.php?rest_route=%2Fwp%2Fv2%2Fcomments&post=1394"}],"version-history":[{"count":0,"href":"https:\/\/ecoyambiente.com\/index.php?rest_route=\/wp\/v2\/posts\/1394\/revisions"}],"wp:attachment":[{"href":"https:\/\/ecoyambiente.com\/index.php?rest_route=%2Fwp%2Fv2%2Fmedia&parent=1394"}],"wp:term":[{"taxonomy":"category","embeddable":true,"href":"https:\/\/ecoyambiente.com\/index.php?rest_route=%2Fwp%2Fv2%2Fcategories&post=1394"},{"taxonomy":"post_tag","embeddable":true,"href":"https:\/\/ecoyambiente.com\/index.php?rest_route=%2Fwp%2Fv2%2Ftags&post=1394"}],"curies":[{"name":"wp","href":"https:\/\/api.w.org\/{rel}","templated":true}]}}