{"id":1336,"date":"2013-06-06T10:15:55","date_gmt":"2013-06-06T10:15:55","guid":{"rendered":"http:\/\/ecoyambiente.com\/?p=1336"},"modified":"2013-06-06T10:15:55","modified_gmt":"2013-06-06T10:15:55","slug":"division-de-plantas-otono-epoca-para-hacerlo-ultima-parte","status":"publish","type":"post","link":"https:\/\/ecoyambiente.com\/?p=1336","title":{"rendered":"Divisi\u00f3n de plantas, Oto\u00f1o epoca para hacerlo, Ultima parte."},"content":{"rendered":"<p><strong>DIVISION DE LIRIOS BARBADOS ( Iris germ\u00e1nica )<\/strong><\/p>\n<p>Cuando las matas de lirios se vuelven muy tupidas pierden el aspecto saludable de las hojas y decae la floraci\u00f3n. Al decaer el estado sanitario de la planta queda expuesto al ataque de agentes pat\u00f3genos (insectos, hongos). Como reglar general se divide cada tres o cuatro a\u00f1os.<\/p>\n<p>.\u00a0<img loading=\"lazy\" decoding=\"async\" class=\"aligncenter wp-image-1351\" src=\"https:\/\/ecoyambiente.com\/wp-content\/uploads\/2013\/06\/foto-23a2-190x300.jpg\" alt=\"Lirios, poda y separaci\u00f3n de matas.\" width=\"216\" height=\"326\" \/><\/p>\n<p><a href=\"https:\/\/ecoyambiente.com\/wp-content\/uploads\/2013\/06\/foto-24a1.jpg\"><img loading=\"lazy\" decoding=\"async\" class=\"aligncenter wp-image-1352\" src=\"https:\/\/ecoyambiente.com\/wp-content\/uploads\/2013\/06\/foto-24a1-236x300.jpg\" alt=\"Lirios, revisando los risomas.\" width=\"240\" height=\"306\" \/><\/a><\/p>\n<p><img loading=\"lazy\" decoding=\"async\" class=\"aligncenter wp-image-1353\" src=\"https:\/\/ecoyambiente.com\/wp-content\/uploads\/2013\/06\/foto-25a1-170x300.jpg\" alt=\"Lirios, cortando rizomas y desinfectandolos.\" width=\"252\" height=\"449\" \/><\/p>\n<p>26. Una vez secos los rizomas h\u00e1gale el ultimo recorte a las hojas en forma de abanico en punta hacia el centro.<\/p>\n<p><a href=\"https:\/\/ecoyambiente.com\/wp-content\/uploads\/2013\/06\/foto-26a1.jpg\"><img loading=\"lazy\" decoding=\"async\" class=\"aligncenter wp-image-1354\" src=\"https:\/\/ecoyambiente.com\/wp-content\/uploads\/2013\/06\/foto-26a1-300x264.jpg\" alt=\"Lirios, ultimo retoque a los rizomas.\" width=\"276\" height=\"251\" \/><\/a><\/p>\n<p>27. Corte aproximadamente dos tercios de la longitud de las ra\u00edces.\u00a0<a href=\"https:\/\/ecoyambiente.com\/wp-content\/uploads\/2013\/06\/foto-27a1.jpg\"><img loading=\"lazy\" decoding=\"async\" class=\"aligncenter wp-image-1355\" src=\"https:\/\/ecoyambiente.com\/wp-content\/uploads\/2013\/06\/foto-27a1-187x300.jpg\" alt=\"Lirios, cortando las ra\u00edces.\" width=\"252\" height=\"321\" \/><\/a><\/p>\n<p>28. Si quisiera identificar variedades utilice un marcado indeleble en las hojas\u00a0<a href=\"https:\/\/ecoyambiente.com\/wp-content\/uploads\/2013\/06\/foto-28a1.jpg\"><img loading=\"lazy\" decoding=\"async\" class=\"aligncenter wp-image-1357\" src=\"https:\/\/ecoyambiente.com\/wp-content\/uploads\/2013\/06\/foto-28a1-300x214.jpg\" alt=\"Lirios, identificaci\u00f3n de variedades\" width=\"274\" height=\"200\" \/><\/a><\/p>\n<p><a href=\"https:\/\/ecoyambiente.com\/wp-content\/uploads\/2013\/06\/foto-29a1.jpg\"><img loading=\"lazy\" decoding=\"async\" class=\"aligncenter wp-image-1358\" src=\"https:\/\/ecoyambiente.com\/wp-content\/uploads\/2013\/06\/foto-29a1-300x270.jpg\" alt=\"Lirios, aportando arena gruesa y compost.\" width=\"271\" height=\"251\" \/><\/a><\/p>\n<p>30. A plantar, vaya colocando las plantas de tal forma que los abanicos de hojas miren hacia distintas direcciones. Recuerde dejar un tercio del rizoma al aire, asi se asegura el \u00e9xito de la divisi\u00f3n y de la floraci\u00f3n. Por ultimo, proceda a un minucioso riego de asiento.<\/p>\n<p><a href=\"https:\/\/ecoyambiente.com\/wp-content\/uploads\/2013\/06\/foto-30a.jpg\"><img loading=\"lazy\" decoding=\"async\" class=\"aligncenter wp-image-1360\" src=\"https:\/\/ecoyambiente.com\/wp-content\/uploads\/2013\/06\/foto-30a-300x217.jpg\" alt=\"Lirios, plantando las matas.\" width=\"271\" height=\"198\" \/><\/a><\/p>\n<p><strong>DIVISION DE : Iris Sibirica, Iris Lousiana, Iris Kaempheri<\/strong><\/p>\n<p>En condiciones optimas de suelo y exposici\u00f3n estos tipos de lirios desarrollan matas muy compactas abarcando gran superficie. Si uno les aporta regularmente compost pueden permanecer en el mismo lugar mucho tiempo sin observar un decaimiento de la floraci\u00f3n. Puede ocurrir que el centro de la mata muera con lo que su aspecto decae. Este es entonces el momento de dividirlos.<\/p>\n<p>31. Para facilitar las tareas de divisi\u00f3n, corte el follaje a una altura de 20 a 25 cm. Vaya cortando la gran mata en matas de menor tama\u00f1os y lev\u00e1ntelas. Las ra\u00edces de color blanco son las que sirven para alimentarse. Con una horquilla de mano vaya separando cada una de las matas. Es importante que cada mata tenga al menos tres rizomas.\u00a0<a href=\"https:\/\/ecoyambiente.com\/wp-content\/uploads\/2013\/06\/foto-31a1.jpg\"><img loading=\"lazy\" decoding=\"async\" class=\"aligncenter wp-image-1367\" src=\"https:\/\/ecoyambiente.com\/wp-content\/uploads\/2013\/06\/foto-31a1-300x282.jpg\" alt=\"iris, cortando el follaje y las matas.\" width=\"270\" height=\"257\" \/><\/a><\/p>\n<p>32. Prepare el suelo agregando tierra de buena calidad, compost o lombricompuesto. A plantar y por ultimo un buen riego de asiento.\u00a0<a href=\"https:\/\/ecoyambiente.com\/wp-content\/uploads\/2013\/06\/foto-32a1.jpg\"><img loading=\"lazy\" decoding=\"async\" class=\"aligncenter size-medium wp-image-1368\" src=\"https:\/\/ecoyambiente.com\/wp-content\/uploads\/2013\/06\/foto-32a1-249x300.jpg\" alt=\"Iris, aportando tierra, compost o lombricompuesto\" width=\"249\" height=\"300\" \/><\/a><\/p>\n<p><strong>DIVISION DE RETO\u00d1OS EN PLANTAS CARNOSAS &#8211; SUCULENTAS<\/strong><\/p>\n<p>Las plantas suculentas producen peque\u00f1os reto\u00f1os en la periferia de la planta madre que pueden separarse para obtener nuevas plantas.<\/p>\n<p>33. A fines de invierno cuando empieza la \u00e9poca inactiva retire un poco de tierra para descubrir los reto\u00f1os. Haga un corte limpio en la uni\u00f3n con la planta madre y d\u00e9jelo secar al menos un d\u00eda para que cicatrice.<\/p>\n<p><a href=\"https:\/\/ecoyambiente.com\/wp-content\/uploads\/2013\/06\/foto-33a1.jpg\"><img loading=\"lazy\" decoding=\"async\" class=\"aligncenter wp-image-1370\" src=\"https:\/\/ecoyambiente.com\/wp-content\/uploads\/2013\/06\/foto-33a1-300x289.jpg\" alt=\"Suculentas, buscando reto\u00f1os.\" width=\"271\" height=\"264\" \/><\/a><\/p>\n<p>34. Prepare un sustrato de partes iguales de turba y arena gruesa y vaya plantando los reto\u00f1os.\u00a0<a href=\"https:\/\/ecoyambiente.com\/wp-content\/uploads\/2013\/06\/foto-34a1.jpg\"><img loading=\"lazy\" decoding=\"async\" class=\"aligncenter wp-image-1371\" src=\"https:\/\/ecoyambiente.com\/wp-content\/uploads\/2013\/06\/foto-34a1-300x277.jpg\" alt=\"Suculentas, prepara sustrato, turba y arena gruesa.\" width=\"271\" height=\"229\" \/><\/a><\/p>\n<p>35. Cubra la superficie con 5mm de arena o vermiculita que ayudara a mantener el suelo seco. Puede ser \u00fatil usar cartelitos identificatorios. Riegue a los tres o cuatro d\u00edas.<a href=\"https:\/\/ecoyambiente.com\/wp-content\/uploads\/2013\/06\/foto-35a.jpg\"><img loading=\"lazy\" decoding=\"async\" class=\"aligncenter wp-image-1372\" src=\"https:\/\/ecoyambiente.com\/wp-content\/uploads\/2013\/06\/foto-35a-296x300.jpg\" alt=\"Suculentas, protejiendo la superficie con arena o vermiculita.\" width=\"268\" height=\"253\" \/><\/a><\/p>\n<p>36. Cuando aparezca la planta nueva, p\u00e1sela a una nueva maceta con tierra normal<\/p>\n<p><a href=\"https:\/\/ecoyambiente.com\/wp-content\/uploads\/2013\/06\/foto-36a.jpg\"><img loading=\"lazy\" decoding=\"async\" class=\"aligncenter wp-image-1373\" src=\"https:\/\/ecoyambiente.com\/wp-content\/uploads\/2013\/06\/foto-36a-195x300.jpg\" alt=\"Suculenta, cambiar planta nueva a otra maceta.\" width=\"222\" height=\"326\" \/><\/a><\/p>\n<p style=\"text-align: center\">&#8212;&#8212;&#8212;- 00000 &#8212;&#8212;&#8212;-<\/p>\n<p style=\"text-align: center\"><span style=\"color: #ff0000\"><u>Recordar que este Insecticida ecol\u00f3gico ( a base de Tierra de Diatomeas micronizadas de Eco y Ambiente) no es un veneno, no deja olor desagradable, no es toxico, posee un largo efecto residual (m\u00e1s de 6 meses) cuando es aplicado en interiores que no se hallan expuestos a lluvias.\u201cNo presenta riesgo alguno para personas, animales y plantas&#8221;<\/u><\/span><\/p>\n<p style=\"text-align: center\">&#8212;&#8212;&#8212;- 00000 &#8212;&#8212;&#8212;-<\/p>\n<h4><span style=\"color: #0000ff\">Elabor\u00f3: Eco y Ambiente, venta y distribuci\u00f3n: Insecticidas Ecol\u00f3gicos:<\/span><\/h4>\n<ul>\n<li><span style=\"color: #0000ff\">Tierra de Diatomeas micronizadas, premium.<\/span><\/li>\n<li><span style=\"color: #0000ff\">Aceite de Neem<\/span><\/li>\n<li><span style=\"color: #0000ff\">Jab\u00f3n Pot\u00e1sico<\/span><\/li>\n<li><span style=\"color: #0000ff\">Aceite de canela\u00a0<\/span><\/li>\n<\/ul>\n<p style=\"text-align: center\">&#8212;&#8212;&#8212;- 00000 &#8212;&#8212;&#8212;-<\/p>\n<h5><span style=\"color: #ff0000\">Para m\u00e1s informaci\u00f3n sobre el Insecticida Ecol\u00f3gico Tierra de Diatomeas micronizadas, premium. Ingresar en:<\/span><strong>\u00a0<\/strong><span style=\"color: #800000\"><u><a style=\"color: #800000\" href=\"https:\/\/ecoyambiente.com\/?page_id=59\">https:\/\/ecoyambiente.com\/?page_id=59<\/a><\/u><\/span><\/h5>\n<p style=\"text-align: center\">&#8212;&#8212;&#8212;- 00000 &#8212;&#8212;&#8212;-<\/p>\n","protected":false},"excerpt":{"rendered":"<p>DIVISION DE LIRIOS BARBADOS ( Iris germ\u00e1nica ) Cuando las matas de lirios se vuelven muy tupidas pierden el aspecto saludable de las hojas y decae la floraci\u00f3n. Al decaer el estado sanitario de la planta queda expuesto al ataque de agentes pat\u00f3genos (insectos, hongos). Como reglar general se divide cada tres o cuatro a\u00f1os. [&hellip;]<\/p>\n","protected":false},"author":2,"featured_media":0,"comment_status":"open","ping_status":"closed","sticky":false,"template":"","format":"standard","meta":{"footnotes":""},"categories":[181],"tags":[16,17,512,173,513,514,515,516,183,46,517,48,428,518,519,520,521,22,522,523,524,439,486,470,31,525,504,526,527,528,529,52,32,447,530],"class_list":["post-1336","post","type-post","status-publish","format-standard","hentry","category-tips-de-jardineria","tag-aceite-de-canela","tag-aceite-de-neem","tag-agentes-patogenos","tag-arena","tag-arena-gruesa","tag-compost","tag-division-de-lantas","tag-floracion","tag-hojas","tag-hongos","tag-horquilla-de-mano","tag-insectos","tag-invierno","tag-iris-germanica","tag-iris-kaempheri","tag-iris-lousiana","tag-iris-sibirica","tag-jabon-potasico","tag-lirios","tag-lirios-barbados","tag-lombricompuesto","tag-macetas","tag-matas","tag-otono","tag-plantas","tag-plantas-carnosas","tag-raices","tag-retonos","tag-riego","tag-rizomas","tag-suculentas","tag-tierra","tag-tierra-de-diatomeas-micronizadas","tag-turba","tag-vermiculita"],"acf":[],"_links":{"self":[{"href":"https:\/\/ecoyambiente.com\/index.php?rest_route=\/wp\/v2\/posts\/1336","targetHints":{"allow":["GET"]}}],"collection":[{"href":"https:\/\/ecoyambiente.com\/index.php?rest_route=\/wp\/v2\/posts"}],"about":[{"href":"https:\/\/ecoyambiente.com\/index.php?rest_route=\/wp\/v2\/types\/post"}],"author":[{"embeddable":true,"href":"https:\/\/ecoyambiente.com\/index.php?rest_route=\/wp\/v2\/users\/2"}],"replies":[{"embeddable":true,"href":"https:\/\/ecoyambiente.com\/index.php?rest_route=%2Fwp%2Fv2%2Fcomments&post=1336"}],"version-history":[{"count":0,"href":"https:\/\/ecoyambiente.com\/index.php?rest_route=\/wp\/v2\/posts\/1336\/revisions"}],"wp:attachment":[{"href":"https:\/\/ecoyambiente.com\/index.php?rest_route=%2Fwp%2Fv2%2Fmedia&parent=1336"}],"wp:term":[{"taxonomy":"category","embeddable":true,"href":"https:\/\/ecoyambiente.com\/index.php?rest_route=%2Fwp%2Fv2%2Fcategories&post=1336"},{"taxonomy":"post_tag","embeddable":true,"href":"https:\/\/ecoyambiente.com\/index.php?rest_route=%2Fwp%2Fv2%2Ftags&post=1336"}],"curies":[{"name":"wp","href":"https:\/\/api.w.org\/{rel}","templated":true}]}}