{"id":1295,"date":"2013-06-05T09:50:50","date_gmt":"2013-06-05T09:50:50","guid":{"rendered":"http:\/\/ecoyambiente.com\/?p=1295"},"modified":"2013-06-05T09:50:50","modified_gmt":"2013-06-05T09:50:50","slug":"division-de-plantas-otono-epoca-para-hacerlo-3ra-parte","status":"publish","type":"post","link":"https:\/\/ecoyambiente.com\/?p=1295","title":{"rendered":"Divisi\u00f3n de plantas, Oto\u00f1o epoca para hacerlo, 3ra. parte."},"content":{"rendered":"<p><strong>PLANTAS DE RAICES TUBEROSAS<\/strong><\/p>\n<p>Algunas plantas herb\u00e1ceas perennes se reducen a una corona de yemas durante el periodo de latencia y sus ra\u00edces se modifican para almacenar nutrientes. Estas ra\u00edces gruesas y especializadas se llaman tuberosas.<\/p>\n<p>Existen dos tipos de ra\u00edces tuberosas:<\/p>\n<p>a)\u00a0\u00a0\u00a0\u00a0 Unas se desarrollan anualmente, como en las Dalias.<\/p>\n<p>b)\u00a0\u00a0\u00a0\u00a0 Otras son perennes y van aumentando de tama\u00f1o, como las Begonias.<\/p>\n<p>Las anuales se desarrollan a partir de ra\u00edces laterales que surgen de la corona de la planta. Durante la estaci\u00f3n de crecimiento se hinchan y forman racimos, que constituyen \u00f3rganos de reserva. Cada a\u00f1o, el crecimiento del tallo se origina a partir de estos racimos.<\/p>\n<p>En las perennes la rad\u00edcula (primera ra\u00edz de la planta) que emerge de la pl\u00e1ntula comienza a modificarse, aumentando de tama\u00f1o y convirti\u00e9ndose en un \u00f3rgano de reserva.<\/p>\n<p style=\"text-align: center\"><a href=\"https:\/\/ecoyambiente.com\/wp-content\/uploads\/2013\/06\/foto-15a.jpg\"><img loading=\"lazy\" decoding=\"async\" class=\"aligncenter size-medium wp-image-1304\" src=\"https:\/\/ecoyambiente.com\/wp-content\/uploads\/2013\/06\/foto-15a-300x279.jpg\" alt=\"Herb\u00e1ceas, desenterrar las plants entrado el invierno.\" width=\"300\" height=\"279\" \/><\/a><\/p>\n<p style=\"text-align: center\">\u00a0<a href=\"https:\/\/ecoyambiente.com\/wp-content\/uploads\/2013\/06\/foto-16a1.jpg\"><img loading=\"lazy\" decoding=\"async\" class=\"aligncenter size-medium wp-image-1306\" src=\"https:\/\/ecoyambiente.com\/wp-content\/uploads\/2013\/06\/foto-16a1-237x300.jpg\" alt=\"Herb\u00e1ceas, funguicida en las ra\u00edces.\" width=\"237\" height=\"300\" \/><\/a><\/p>\n<p style=\"text-align: center\">\u00a0<a href=\"https:\/\/ecoyambiente.com\/wp-content\/uploads\/2013\/06\/foto-17a.jpg\"><img loading=\"lazy\" decoding=\"async\" class=\"aligncenter size-medium wp-image-1307\" src=\"https:\/\/ecoyambiente.com\/wp-content\/uploads\/2013\/06\/foto-17a-238x300.jpg\" alt=\"Herb\u00e1ceas, protecci\u00f3n de las plantas\" width=\"238\" height=\"300\" \/><\/a><\/p>\n<p style=\"text-align: center\">\u00a0<a href=\"https:\/\/ecoyambiente.com\/wp-content\/uploads\/2013\/06\/foto-18a.jpg\"><img loading=\"lazy\" decoding=\"async\" class=\"aligncenter wp-image-1308\" src=\"https:\/\/ecoyambiente.com\/wp-content\/uploads\/2013\/06\/foto-18a-208x300.jpg\" alt=\"Herb\u00e1ceas, divisi\u00f3n de raices.\" width=\"243\" height=\"323\" \/><\/a><\/p>\n<p style=\"text-align: center\"><a href=\"https:\/\/ecoyambiente.com\/wp-content\/uploads\/2013\/06\/foto-19a2.jpg\"><img loading=\"lazy\" decoding=\"async\" class=\"aligncenter size-medium wp-image-1330\" src=\"https:\/\/ecoyambiente.com\/wp-content\/uploads\/2013\/06\/foto-19a2-213x300.jpg\" alt=\"Herb\u00e1ceas, espolvorear el corte con funguicida.\" width=\"213\" height=\"300\" \/><\/a><\/p>\n<p style=\"text-align: center\">\u00a0<a href=\"https:\/\/ecoyambiente.com\/wp-content\/uploads\/2013\/06\/foto-20b1.jpg\"><img loading=\"lazy\" decoding=\"async\" class=\"aligncenter size-medium wp-image-1331\" src=\"https:\/\/ecoyambiente.com\/wp-content\/uploads\/2013\/06\/foto-20b1-300x295.jpg\" alt=\"Herb\u00e1ceas, listas para comenzar a plantar.\" width=\"300\" height=\"295\" \/><\/a><\/p>\n<p>\u00a0<a href=\"https:\/\/ecoyambiente.com\/wp-content\/uploads\/2013\/06\/foto-21a1.jpg\"><img loading=\"lazy\" decoding=\"async\" class=\"aligncenter size-medium wp-image-1320\" src=\"https:\/\/ecoyambiente.com\/wp-content\/uploads\/2013\/06\/foto-21a1-245x300.jpg\" alt=\"Begonias, raiz tuberosa\" width=\"245\" height=\"300\" \/><\/a><\/p>\n<p>22. Las Dalias producen ra\u00edces tuberosas como \u00f3rganos de reserva.<\/p>\n<p style=\"text-align: center\"><img loading=\"lazy\" decoding=\"async\" class=\"aligncenter size-medium wp-image-1321\" src=\"https:\/\/ecoyambiente.com\/wp-content\/uploads\/2013\/06\/foto-22a1-274x300.jpg\" alt=\"Dalias, ra\u00edz tuberosa.\" width=\"274\" height=\"300\" \/><\/p>\n<p style=\"text-align: center\">&#8212;&#8212;&#8212;- 00000 &#8212;&#8212;&#8212;-<\/p>\n<p style=\"text-align: center\"><span style=\"color: #ff0000\"><u>Recordar que este Insecticida ecol\u00f3gico ( a base de Tierra de Diatomeas micronizadas de Eco y Ambiente) no es un veneno, no deja olor desagradable, no es toxico, posee un largo efecto residual (m\u00e1s de 6 meses) cuando es aplicado en interiores que no se hallan expuestos a lluvias.\u201cNo presenta riesgo alguno para personas, animales y plantas&#8221;<\/u><\/span><\/p>\n<p style=\"text-align: center\">&#8212;&#8212;&#8212;- 00000 &#8212;&#8212;&#8212;-<\/p>\n<h4><span style=\"color: #0000ff\">Elabor\u00f3: Eco y Ambiente, venta y distribuci\u00f3n: Insecticidas Ecol\u00f3gicos:<\/span><\/h4>\n<ul>\n<li><span style=\"color: #0000ff\">Tierra de Diatomeas micronizadas, premium.<\/span><\/li>\n<li><span style=\"color: #0000ff\">Aceite de Neem<\/span><\/li>\n<li><span style=\"color: #0000ff\">Jab\u00f3n Pot\u00e1sico<\/span><\/li>\n<li><span style=\"color: #0000ff\">Aceite de canela\u00a0<\/span><\/li>\n<\/ul>\n<p style=\"text-align: center\">&#8212;&#8212;&#8212;- 00000 &#8212;&#8212;&#8212;-<\/p>\n<h5><span style=\"color: #ff0000\">Para m\u00e1s informaci\u00f3n sobre el Insecticida Ecol\u00f3gico Tierra de Diatomeas micronizadas, premium. Ingresar en:<\/span><span style=\"color: #800000\"><strong>\u00a0<\/strong><u><a style=\"color: #800000\" href=\"https:\/\/ecoyambiente.com\/?page_id=59\">https:\/\/ecoyambiente.com\/?page_id=59<\/a><\/u><\/span><\/h5>\n<p style=\"text-align: center\">&#8212;&#8212;&#8212;- 00000 &#8212;&#8212;&#8212;-<\/p>\n","protected":false},"excerpt":{"rendered":"<p>PLANTAS DE RAICES TUBEROSAS Algunas plantas herb\u00e1ceas perennes se reducen a una corona de yemas durante el periodo de latencia y sus ra\u00edces se modifican para almacenar nutrientes. Estas ra\u00edces gruesas y especializadas se llaman tuberosas. Existen dos tipos de ra\u00edces tuberosas: a)\u00a0\u00a0\u00a0\u00a0 Unas se desarrollan anualmente, como en las Dalias. b)\u00a0\u00a0\u00a0\u00a0 Otras son perennes [&hellip;]<\/p>\n","protected":false},"author":2,"featured_media":0,"comment_status":"open","ping_status":"closed","sticky":false,"template":"","format":"standard","meta":{"footnotes":""},"categories":[181],"tags":[507,421,481,484,508,470,442,509,510,511,506],"class_list":["post-1295","post","type-post","status-publish","format-standard","hentry","category-tips-de-jardineria","tag-begonias","tag-dalias","tag-division-de-plantas","tag-herbaceas","tag-organos","tag-otono","tag-perennes","tag-radicula","tag-raices-gruesas","tag-raices-tuberosas","tag-tallo"],"acf":[],"_links":{"self":[{"href":"https:\/\/ecoyambiente.com\/index.php?rest_route=\/wp\/v2\/posts\/1295","targetHints":{"allow":["GET"]}}],"collection":[{"href":"https:\/\/ecoyambiente.com\/index.php?rest_route=\/wp\/v2\/posts"}],"about":[{"href":"https:\/\/ecoyambiente.com\/index.php?rest_route=\/wp\/v2\/types\/post"}],"author":[{"embeddable":true,"href":"https:\/\/ecoyambiente.com\/index.php?rest_route=\/wp\/v2\/users\/2"}],"replies":[{"embeddable":true,"href":"https:\/\/ecoyambiente.com\/index.php?rest_route=%2Fwp%2Fv2%2Fcomments&post=1295"}],"version-history":[{"count":0,"href":"https:\/\/ecoyambiente.com\/index.php?rest_route=\/wp\/v2\/posts\/1295\/revisions"}],"wp:attachment":[{"href":"https:\/\/ecoyambiente.com\/index.php?rest_route=%2Fwp%2Fv2%2Fmedia&parent=1295"}],"wp:term":[{"taxonomy":"category","embeddable":true,"href":"https:\/\/ecoyambiente.com\/index.php?rest_route=%2Fwp%2Fv2%2Fcategories&post=1295"},{"taxonomy":"post_tag","embeddable":true,"href":"https:\/\/ecoyambiente.com\/index.php?rest_route=%2Fwp%2Fv2%2Ftags&post=1295"}],"curies":[{"name":"wp","href":"https:\/\/api.w.org\/{rel}","templated":true}]}}