{"id":1114,"date":"2013-05-07T13:23:22","date_gmt":"2013-05-07T13:23:22","guid":{"rendered":"http:\/\/ecoyambiente.com\/?p=1114"},"modified":"2013-05-07T13:23:22","modified_gmt":"2013-05-07T13:23:22","slug":"no-al-basural-en-cardales-y-en-pilar","status":"publish","type":"post","link":"https:\/\/ecoyambiente.com\/?p=1114","title":{"rendered":"No al Basural en Cardales y en Pilar"},"content":{"rendered":"<p style=\"text-align: center\"><a href=\"https:\/\/ecoyambiente.com\/wp-content\/uploads\/2013\/05\/no-al-basural.jpg\"><img loading=\"lazy\" decoding=\"async\" class=\"aligncenter size-medium wp-image-1115\" alt=\"No al basural en Cardales y Pilar\" src=\"https:\/\/ecoyambiente.com\/wp-content\/uploads\/2013\/05\/no-al-basural-211x300.jpg\" width=\"211\" height=\"300\" \/><\/a><\/p>\n<p style=\"text-align: center\">\n<p><span style=\"color: #008000\"><b>Elabor\u00f3: Eco y Ambiente, venta y distribuci\u00f3n: Insecticida Ecol\u00f3gico Por Fin<\/b><\/span><\/p>\n<p><span style=\"color: #ff0000\"><strong>Para m\u00e1s informaci\u00f3n sobre el Insecticida Ecol\u00f3gico Por Fin (Tierra de Diatomeas) ingresar en:<\/strong><\/span><strong>\u00a0<\/strong><span style=\"text-decoration: underline;color: #000000\"><a href=\"https:\/\/ecoyambiente.com\/?page_id=59\"><span style=\"color: #000000\"><b><i>https:\/\/ecoyambiente.com\/?page_id=59<\/i><\/b><\/span><\/a><em>\u00a0<\/em><\/span><\/p>\n","protected":false},"excerpt":{"rendered":"<p>Elabor\u00f3: Eco y Ambiente, venta y distribuci\u00f3n: Insecticida Ecol\u00f3gico Por Fin Para m\u00e1s informaci\u00f3n sobre el Insecticida Ecol\u00f3gico Por Fin (Tierra de Diatomeas) ingresar en:\u00a0https:\/\/ecoyambiente.com\/?page_id=59\u00a0<\/p>\n","protected":false},"author":2,"featured_media":0,"comment_status":"open","ping_status":"closed","sticky":false,"template":"","format":"standard","meta":{"footnotes":""},"categories":[34],"tags":[295,346,347],"class_list":["post-1114","post","type-post","status-publish","format-standard","hentry","category-ecologia-medio-ambiente","tag-basural","tag-cardales","tag-pilar"],"acf":[],"_links":{"self":[{"href":"https:\/\/ecoyambiente.com\/index.php?rest_route=\/wp\/v2\/posts\/1114","targetHints":{"allow":["GET"]}}],"collection":[{"href":"https:\/\/ecoyambiente.com\/index.php?rest_route=\/wp\/v2\/posts"}],"about":[{"href":"https:\/\/ecoyambiente.com\/index.php?rest_route=\/wp\/v2\/types\/post"}],"author":[{"embeddable":true,"href":"https:\/\/ecoyambiente.com\/index.php?rest_route=\/wp\/v2\/users\/2"}],"replies":[{"embeddable":true,"href":"https:\/\/ecoyambiente.com\/index.php?rest_route=%2Fwp%2Fv2%2Fcomments&post=1114"}],"version-history":[{"count":0,"href":"https:\/\/ecoyambiente.com\/index.php?rest_route=\/wp\/v2\/posts\/1114\/revisions"}],"wp:attachment":[{"href":"https:\/\/ecoyambiente.com\/index.php?rest_route=%2Fwp%2Fv2%2Fmedia&parent=1114"}],"wp:term":[{"taxonomy":"category","embeddable":true,"href":"https:\/\/ecoyambiente.com\/index.php?rest_route=%2Fwp%2Fv2%2Fcategories&post=1114"},{"taxonomy":"post_tag","embeddable":true,"href":"https:\/\/ecoyambiente.com\/index.php?rest_route=%2Fwp%2Fv2%2Ftags&post=1114"}],"curies":[{"name":"wp","href":"https:\/\/api.w.org\/{rel}","templated":true}]}}